{"id":11583,"date":"2025-10-01T17:12:37","date_gmt":"2025-10-01T15:12:37","guid":{"rendered":"https:\/\/cafeprensa.com.ar\/?p=11583"},"modified":"2025-10-01T17:12:37","modified_gmt":"2025-10-01T15:12:37","slug":"quien-es-gustavo-scaglione","status":"publish","type":"post","link":"https:\/\/cafeprensa.com.ar\/index.php\/2025\/10\/01\/quien-es-gustavo-scaglione\/","title":{"rendered":"Qui\u00e9n es Gustavo Scaglione"},"content":{"rendered":"<header class=\"article-top\">\n<p class=\"title full padding-lr fsize-xl\"><strong>El empresario que lidera el grupo que compr\u00f3 Telefe. <\/strong>El desembargo en el sector de los medios del empresario rosarino se dio con la compra del grupo Televisi\u00f3n Litoral.<\/p>\n<p class=\"title full padding-lr fsize-xl\"><strong>Hoy lidera el grupo que compr\u00f3 Telefe<\/strong><\/p>\n<\/header>\n<div class=\"article-content full padding-lr\">\n<p data-mrf-recirculation=\"Links art\u00edculo\">En la \u00faltima d\u00e9cada, el nombre de\u00a0<strong>Gustavo Scaglione\u00a0<\/strong>se volvi\u00f3 habitual en el mapa de medios argentinos. Empresario nacido en Rosario, supo consolidar un\u00a0<strong>conglomerado de empresas period\u00edsticas y audiovisuales\u00a0<\/strong>que, con el tiempo, lo posicion\u00f3 como uno de los actores m\u00e1s influyentes fuera de Buenos Aires. Hoy, su nombre vuelve a surgir, ya que<a href=\"https:\/\/www.iprofesional.com\/negocios\/438551-telefe-tiene-nuevo-dueno-que-grupo-empresario-compro-mayor-canal-argentina\" target=\"_blank\" rel=\"noopener noreferrer\" data-mrf-link=\"https:\/\/www.iprofesional.com\/negocios\/438551-telefe-tiene-nuevo-dueno-que-grupo-empresario-compro-mayor-canal-argentina\">\u00a0un<strong>\u00a0grupo local que lidera<\/strong>\u00a0el empresario rosarino\u00a0<\/a><strong><a href=\"https:\/\/www.iprofesional.com\/negocios\/438551-telefe-tiene-nuevo-dueno-que-grupo-empresario-compro-mayor-canal-argentina\" target=\"_blank\" rel=\"noopener noreferrer\" data-mrf-link=\"https:\/\/www.iprofesional.com\/negocios\/438551-telefe-tiene-nuevo-dueno-que-grupo-empresario-compro-mayor-canal-argentina\">Gustavo Scaglione acaba de concretar la compra de Telefe<\/a>.<\/strong><\/p>\n<p data-mrf-recirculation=\"Links art\u00edculo\">Su desembarco en el sector se dio con la compra del grupo\u00a0<strong>Televisi\u00f3n Litoral<\/strong>, que concentra varias de las se\u00f1ales m\u00e1s consumidas en la regi\u00f3n: <strong>Canal 3, la tradicional Radio 2, la emisora FM Vida y el portal Rosario3, uno de los sitios digitales con mayor audiencia en el interior del pa\u00eds.<\/strong> Ese primer movimiento le permiti\u00f3 construir una base s\u00f3lida y diversificada de medios locales, con presencia en televisi\u00f3n abierta, radio y digital.<\/p>\n<p data-mrf-recirculation=\"Links art\u00edculo\">Con esa estructura consolidada,\u00a0<strong>Scaglione avanz\u00f3 hacia el terreno editorial<\/strong>. Adquiri\u00f3 una participaci\u00f3n mayoritaria en el Multimedios La Capital, hist\u00f3rico referente del periodismo en Rosario. La operaci\u00f3n incluy\u00f3 no solo el diario La Capital \u2014el m\u00e1s antiguo en circulaci\u00f3n en la Argentina\u2014, sino tambi\u00e9n cabeceras regionales como Uno de Santa Fe y Uno de Paran\u00e1.<\/p>\n<p data-mrf-recirculation=\"Links art\u00edculo\">Junto con la prensa escrita, sum\u00f3 adem\u00e1s nuevas emisoras radiales, entre ellas LT8 y FM Del Siglo, ampliando as\u00ed su influencia en la agenda medi\u00e1tica santafesina.<\/p>\n<p><strong>Gustavo Scaglione y su estrategia de expansi\u00f3n territorial en los medios<\/strong><\/p>\n<p data-mrf-recirculation=\"Links art\u00edculo\">La estrategia de Scaglione no se limit\u00f3 a Rosario. Con el tiempo fue adquiriendo repetidoras y se\u00f1ales en distintas provincias, lo que le permiti\u00f3 extender su presencia m\u00e1s all\u00e1 de Santa Fe.<\/p>\n<p data-mrf-recirculation=\"Links art\u00edculo\"><strong>Canales en Salta, Tucum\u00e1n y Bah\u00eda Blanca se sumaron a su estructura,<\/strong> consolidando un esquema federal que lo proyect\u00f3 como un jugador con alcance nacional.<\/p>\n<p data-mrf-recirculation=\"Links art\u00edculo\">Por la diversidad de soportes y la extensi\u00f3n geogr\u00e1fica de sus medios, en distintos \u00e1mbitos se lo empez\u00f3 a apodar \u00abel pulpo\u00bb, en alusi\u00f3n a\u00a0<strong>su capacidad de tejer una red de se\u00f1ales de televisi\u00f3n, radios, diarios y plataformas digitales<\/strong> en m\u00faltiples puntos del pa\u00eds. Lo que comenz\u00f3 como una apuesta local se convirti\u00f3 en un conglomerado con fuerte peso regional, que hoy lo coloca entre los empresarios m\u00e1s influyentes del sector.<img loading=\"lazy\" decoding=\"async\" class=\"alignnone wp-image-11587 size-full\" src=\"https:\/\/cafeprensa.com.ar\/wp-content\/uploads\/2025\/10\/scaglione.webp\" alt=\"\" width=\"790\" height=\"474\" srcset=\"https:\/\/cafeprensa.com.ar\/wp-content\/uploads\/2025\/10\/scaglione.webp 790w, https:\/\/cafeprensa.com.ar\/wp-content\/uploads\/2025\/10\/scaglione-300x180.webp 300w, https:\/\/cafeprensa.com.ar\/wp-content\/uploads\/2025\/10\/scaglione-768x461.webp 768w\" sizes=\"auto, (max-width: 790px) 100vw, 790px\" \/><\/p>\n<p><strong>Un cambio de era para el mayor canal de televisi\u00f3n de Argentina<\/strong><\/p>\n<p data-mrf-recirculation=\"Links art\u00edculo\">Tal como inform\u00f3\u00a0<strong>iProfesional<\/strong>, desde hace meses los due\u00f1os norteamericanos de Telefe comenzaron con el proceso para desprenderse del canal local, a pesar de que su transmisi\u00f3n llega al 95% de los hogares en Argentina y que sus estudios producen\u00a0<strong>m\u00e1s de 3.000 horas de contenido de video en espa\u00f1ol al a\u00f1o,<\/strong>\u00a0que se distribuyen en ocho canales regionales.<\/p>\n<p data-mrf-recirculation=\"Links art\u00edculo\">Adem\u00e1s,\u00a0<strong>Telefe produce siete de los 10 programas m\u00e1s vistos que se transmiten en el \u00e1mbito local<\/strong>; gestiona un cat\u00e1logo de m\u00e1s de 33.000 horas de contenidos y cuenta con un canal internacional, Telefe Internacional, que llega a 17 millones de abonados en 17 pa\u00edses.<\/p>\n<p data-mrf-recirculation=\"Links art\u00edculo\">En ese contexto,\u00a0<a href=\"https:\/\/www.iprofesional.com\/index.php\/negocios\/437238-la-duena-de-telefe-prepara-una-oferta-para-adquirir-warner-bros\" target=\"_blank\" rel=\"noopener noreferrer\" data-mrf-link=\"https:\/\/www.iprofesional.com\/index.php\/negocios\/437238-la-duena-de-telefe-prepara-una-oferta-para-adquirir-warner-bros\">Paramount deb\u00eda definir antes de que finalice este 2025<\/a> a qui\u00e9n le cede este paquete de activos locales en el que se encuentra el canal de mayor audiencia de la Argentina. En ese escenario, surgieron varios interesados a quedarse con el canal, pero que finalmente quedaron en el camino. <img loading=\"lazy\" decoding=\"async\" class=\"alignnone wp-image-11586 size-full\" src=\"https:\/\/cafeprensa.com.ar\/wp-content\/uploads\/2025\/10\/gustavo-scaglione-dueno-de-lvdos-2109141.webp\" alt=\"\" width=\"987\" height=\"555\" srcset=\"https:\/\/cafeprensa.com.ar\/wp-content\/uploads\/2025\/10\/gustavo-scaglione-dueno-de-lvdos-2109141.webp 987w, https:\/\/cafeprensa.com.ar\/wp-content\/uploads\/2025\/10\/gustavo-scaglione-dueno-de-lvdos-2109141-300x169.webp 300w, https:\/\/cafeprensa.com.ar\/wp-content\/uploads\/2025\/10\/gustavo-scaglione-dueno-de-lvdos-2109141-768x432.webp 768w, https:\/\/cafeprensa.com.ar\/wp-content\/uploads\/2025\/10\/gustavo-scaglione-dueno-de-lvdos-2109141-390x220.webp 390w\" sizes=\"auto, (max-width: 987px) 100vw, 987px\" \/><\/p>\n<p data-mrf-recirculation=\"Links art\u00edculo\"><strong>Tom\u00e1s Yankelevich<\/strong>\u00a0era uno de ellos: es quien lidera uno de los grupos que compiti\u00f3 por quedarse con Telefe junto a su padre,\u00a0<strong>Gustavo Yankelevich\u00a0<\/strong>y otros inversores privados. Tambi\u00e9n estuvo en carrera los\u00a0<a href=\"https:\/\/www.iprofesional.com\/negocios\/436423-el-mayor-canal-de-television-de-argentina-afronta-mes-clave-para-su-venta\" target=\"_blank\" rel=\"noopener noreferrer\" data-mrf-link=\"https:\/\/www.iprofesional.com\/negocios\/436423-el-mayor-canal-de-television-de-argentina-afronta-mes-clave-para-su-venta\">actuales propietarios de DirecTV<\/a>; el due\u00f1o del grupo Alpha Media y el hijo del canciller argentino,\u00a0<strong>Gerardo Werthein.<\/strong><\/p>\n<p data-mrf-recirculation=\"Links art\u00edculo\">Es decir, la rama de la familia\u00a0<strong>Werthein<\/strong>\u00a0que controla la se\u00f1al satelital de TV paga mediante su empresa<strong>\u00a0Vr\u00edo Corp; Marcelo F\u00edgoli<\/strong>, quien hoy es propietario de un pool de importantes radios como\u00a0<strong>Rivadavia; Rock &amp; Pop; Metro; Splendid; Colonia; Mega<\/strong>, entre otras, adem\u00e1s de controlar la agencia Noticias Argentinas (NA), la productora de espect\u00e1culos Fenix Entertainment Group; el Parque de la Costa y varios equipos de f\u00fatbol en Espa\u00f1a y Uruguay.<img loading=\"lazy\" decoding=\"async\" class=\"alignnone wp-image-11584 size-large\" src=\"https:\/\/cafeprensa.com.ar\/wp-content\/uploads\/2025\/10\/604014-1024x576.webp\" alt=\"\" width=\"1024\" height=\"576\" srcset=\"https:\/\/cafeprensa.com.ar\/wp-content\/uploads\/2025\/10\/604014-1024x576.webp 1024w, https:\/\/cafeprensa.com.ar\/wp-content\/uploads\/2025\/10\/604014-300x169.webp 300w, https:\/\/cafeprensa.com.ar\/wp-content\/uploads\/2025\/10\/604014-768x432.webp 768w, https:\/\/cafeprensa.com.ar\/wp-content\/uploads\/2025\/10\/604014-390x220.webp 390w, https:\/\/cafeprensa.com.ar\/wp-content\/uploads\/2025\/10\/604014.webp 1280w\" sizes=\"auto, (max-width: 1024px) 100vw, 1024px\" \/><\/p>\n<p data-mrf-recirculation=\"Links art\u00edculo\">A este grupo se sum\u00f3 Gregorio Werthein, quien ya desde hace a\u00f1os no forma parte de los negocios de su familia, pero que tambi\u00e9n arm\u00f3 una propuesta en sociedad con Mart\u00edn Kweller, CEO de la productora Kuarzo Entertainment Argentina. Pero, finalmente, luego de meses de negociaciones, este martes 30 de septiembre\u00a0<a href=\"https:\/\/www.iprofesional.com\/negocios\/430487-aceleran-plazos-para-principal-canal-television-argentina-tenga-nuevo-dueno\" target=\"_blank\" rel=\"noopener noreferrer\" data-mrf-link=\"https:\/\/www.iprofesional.com\/negocios\/430487-aceleran-plazos-para-principal-canal-television-argentina-tenga-nuevo-dueno\">se concret\u00f3 la venta de Telefe<\/a>, el mayor canal de Argentina, al grupo empresario que lidera el rosarino\u00a0<strong>Gustavo Scaglione<\/strong>. Ahora, se inicia una etapa de traspaso accionario de parte del holding Paramount, que llevar\u00e1 unas semanas.<\/p>\n<\/div>\n","protected":false},"excerpt":{"rendered":"<p>El empresario que lidera el grupo que compr\u00f3 Telefe. El desembargo en el sector de los medios del empresario rosarino se dio con la compra del grupo Televisi\u00f3n Litoral. Hoy lidera el grupo que compr\u00f3 Telefe En la \u00faltima d\u00e9cada, el nombre de\u00a0Gustavo Scaglione\u00a0se volvi\u00f3 habitual en el mapa de medios argentinos. Empresario nacido en &hellip;<\/p>\n","protected":false},"author":2,"featured_media":11585,"comment_status":"open","ping_status":"open","sticky":false,"template":"","format":"standard","meta":{"footnotes":""},"categories":[54,33],"tags":[2555],"class_list":["post-11583","post","type-post","status-publish","format-standard","has-post-thumbnail","hentry","category-interes-ganeral","category-nacionales","tag-gustavo-scaglione"],"_links":{"self":[{"href":"https:\/\/cafeprensa.com.ar\/index.php\/wp-json\/wp\/v2\/posts\/11583","targetHints":{"allow":["GET"]}}],"collection":[{"href":"https:\/\/cafeprensa.com.ar\/index.php\/wp-json\/wp\/v2\/posts"}],"about":[{"href":"https:\/\/cafeprensa.com.ar\/index.php\/wp-json\/wp\/v2\/types\/post"}],"author":[{"embeddable":true,"href":"https:\/\/cafeprensa.com.ar\/index.php\/wp-json\/wp\/v2\/users\/2"}],"replies":[{"embeddable":true,"href":"https:\/\/cafeprensa.com.ar\/index.php\/wp-json\/wp\/v2\/comments?post=11583"}],"version-history":[{"count":1,"href":"https:\/\/cafeprensa.com.ar\/index.php\/wp-json\/wp\/v2\/posts\/11583\/revisions"}],"predecessor-version":[{"id":11588,"href":"https:\/\/cafeprensa.com.ar\/index.php\/wp-json\/wp\/v2\/posts\/11583\/revisions\/11588"}],"wp:featuredmedia":[{"embeddable":true,"href":"https:\/\/cafeprensa.com.ar\/index.php\/wp-json\/wp\/v2\/media\/11585"}],"wp:attachment":[{"href":"https:\/\/cafeprensa.com.ar\/index.php\/wp-json\/wp\/v2\/media?parent=11583"}],"wp:term":[{"taxonomy":"category","embeddable":true,"href":"https:\/\/cafeprensa.com.ar\/index.php\/wp-json\/wp\/v2\/categories?post=11583"},{"taxonomy":"post_tag","embeddable":true,"href":"https:\/\/cafeprensa.com.ar\/index.php\/wp-json\/wp\/v2\/tags?post=11583"}],"curies":[{"name":"wp","href":"https:\/\/api.w.org\/{rel}","templated":true}]}}