{"id":11603,"date":"2025-10-02T14:35:43","date_gmt":"2025-10-02T12:35:43","guid":{"rendered":"https:\/\/cafeprensa.com.ar\/?p=11603"},"modified":"2025-10-02T14:35:57","modified_gmt":"2025-10-02T12:35:57","slug":"una-empresa-de-la-familia-que-fue-duena-del-italpark","status":"publish","type":"post","link":"https:\/\/cafeprensa.com.ar\/index.php\/2025\/10\/02\/una-empresa-de-la-familia-que-fue-duena-del-italpark\/","title":{"rendered":"Una empresa de la familia que fue due\u00f1a del Italpark"},"content":{"rendered":"<div class=\"sc-808a5b4d-0 fiDTki normal-header false normal-header false\">\n<div class=\"sc-808a5b4d-0 fiDTki shared-header shared-header\">\n<div class=\"mt \">\n<h1 class=\"storyTitle \">\u00a0Cerr\u00f3 su planta de cer\u00e1micas y hay incertidumbre por su futuro<\/h1>\n<ul>\n<li>Se trata de ILVA, perteneciente a la familia italiana Zanon, la misma que oper\u00f3 el famoso parque de diversiones.<\/li>\n<li>Vence la conciliaci\u00f3n obligatoria y no hubo un acuerdo por la desvinculaci\u00f3n de 300 empleados.<\/li>\n<li>Las ventas del sector cayeron m\u00e1s de 25%.<\/li>\n<\/ul>\n<\/div>\n<\/div>\n<\/div>\n<section class=\"sc-46e3ecc3-1 fMFjWA\">\n<article id=\"storyBody\" class=\"sc-46e3ecc3-2 cfXsMv\">\n<section class=\"sc-46e3ecc3-3 eNZxqX dataStory dataStory\"><\/section>\n<div class=\"StoryTextContainer vsmcontent\" data-mrf-recirculation=\"Article Body\">\n<div id=\"cuerpo\">\n<div id=\"element-body-0\" class=\"sc-45461e9c-0 eqiBeF container-text text-embed \">\n<p><strong>Otra empresa cerr\u00f3 su planta de Pilar\u00a0<\/strong>por la ca\u00edda de las ventas que afecta al consumo interno y la suba de las tasas que golpe\u00f3 a la actividad industrial. El fabricante de pisos cer\u00e1micos<strong>\u00a0ILVA\u00a0<\/strong>\u2013uno de los m\u00e1s importantes del pa\u00eds\u2013\u00a0<strong>baj\u00f3 las persianas<\/strong>\u00a0<strong>de su instalaci\u00f3n<\/strong>\u00a0ubicada en el parque industrial de la localidad bonaerense y\u00a0<strong>hay incertidumbre por el futuro laboral de sus 300 empleados<\/strong>.<\/p>\n<\/div>\n<div id=\"element-body-2\" class=\"sc-45461e9c-0 eqiBeF container-text text-embed \">\n<p><strong>Sus due\u00f1os forman parte de la familia italiana Zanon<\/strong>, la misma que oper\u00f3 el parque de diversiones<strong>\u00a0Italpark<\/strong> entre 1960 y 1990, cuando cerr\u00f3 tras el tr\u00e1gico accidente en el que una adolescente perdi\u00f3 la vida. Bajo la sociedad <strong>Zanon Hermanos<\/strong>,\u00a0<strong>Adelino Zanon<\/strong>\u00a0\u2013junto con\u00a0<strong>Bruno<\/strong>\u00a0y\u00a0<strong>Luis Zanon<\/strong>\u2013<strong>\u00a0<\/strong>estuvo a cargo de la gesti\u00f3n del famoso centro de entretenimiento que marc\u00f3 a generaciones que pasaron por \u00e9l durante tres d\u00e9cadas. Varios juegos importados de Italia que en esa \u00e9poca eran toda una novedad\u00a0<strong>est\u00e1n arrumbados en el predio de ILVA<\/strong>.<\/p>\n<\/div>\n<div id=\"element-body-4\" class=\"sc-98b114a2-0 bkqiHH image-embed image-embed \"><picture class=\"sc-98b114a2-1 jRUlDm\"><source srcset=\"https:\/\/www.clarin.com\/img\/2025\/10\/01\/Cdqbm9ruN_720x0__1.jpg\" media=\"(min-width: 975px)\" \/><img loading=\"lazy\" decoding=\"async\" src=\"https:\/\/www.clarin.com\/img\/2025\/10\/01\/Cdqbm9ruN_720x0__1.jpg\" alt=\"El caso de ILVA se suma a otros cierres en el Parque Industrial de Pilar. Foto: ILVA\" width=\"720\" height=\"480\" data-nimg=\"1\" \/><\/picture><span class=\"epigraphe\">El caso de ILVA se suma a otros cierres en el Parque Industrial de Pilar. Foto: ILVA<\/span><\/div>\n<div id=\"element-body-5\" class=\"sc-45461e9c-0 eqiBeF container-text text-embed \">\n<p><strong>La compa\u00f1\u00eda de cer\u00e1micos naci\u00f3 hace m\u00e1s de 30 a\u00f1os<\/strong>\u00a0y tom\u00f3 el nombre de la madre de Adelino Zanon, oriundo de la regi\u00f3n de V\u00e9neto y sucesor de una familia con\u00a0<em>expertise\u00a0<\/em>de m\u00e1s de 40 a\u00f1os en la industria de porcellanatos.<\/p>\n<\/div>\n<div id=\"element-body-6\" class=\"sc-45461e9c-0 eqiBeF container-text text-embed \">\n<p><strong>El antecedente de ILVA fue Cer\u00e1mica Zan\u00f3n (Neuqu\u00e9n)<\/strong>, f\u00e1brica que termin\u00f3 en manos de los trabajadores y actualmente funciona como la cooperativa\u00a0<strong>FaSinPat, ex-Zan\u00f3n<\/strong>.<\/p>\n<\/div>\n<div id=\"element-body-7\" class=\"sc-45461e9c-0 eqiBeF container-text text-embed \">\n<p><strong>ILVA fue referente en los a\u00f1os \u201990<\/strong>\u00a0y lider\u00f3 segmentos clave del negocio. Con los a\u00f1os, su posici\u00f3n de mercado se debilit\u00f3 frente al surgimiento de competidores y conflictos internos.\u00a0<strong>Hoy, est\u00e1 en manos de la segunda generaci\u00f3n<\/strong>, conducida por\u00a0<strong>Francisco Zanon<\/strong>, en el rol de presidente. <strong>Se especializ\u00f3 en la producci\u00f3n de cer\u00e1micos de calidad<\/strong>\u00a0con una l\u00ednea que incluye piedras naturales, madera a\u00f1ejada y moderno concreto, con combinaciones para interior, exterior y \u00e1reas de alto tr\u00e1nsito. En su mayor\u00eda,\u00a0<strong>las materias primas provienen de Italia y Espa\u00f1a<\/strong>.<\/p>\n<\/div>\n<div id=\"element-body-9\" class=\"sc-98b114a2-0 bkqiHH image-embed image-embed \"><picture class=\"sc-98b114a2-1 jRUlDm\"><source srcset=\"https:\/\/www.clarin.com\/img\/2025\/10\/01\/cR4SZDZUl_720x0__1.jpg\" media=\"(min-width: 975px)\" \/><img loading=\"lazy\" decoding=\"async\" src=\"https:\/\/www.clarin.com\/img\/2025\/10\/01\/cR4SZDZUl_720x0__1.jpg\" alt=\"ILVA sostuvo que la decisi\u00f3n del cierre se tom\u00f3 por la ca\u00edda en las ventas. Foto: ILVA\" width=\"720\" height=\"480\" data-nimg=\"1\" \/><\/picture><span class=\"epigraphe\">ILVA sostuvo que la decisi\u00f3n del cierre se tom\u00f3 por la ca\u00edda en las ventas. Foto: ILVA<\/span><\/div>\n<div id=\"element-body-10\" class=\"sc-45461e9c-0 eqiBeF container-text text-embed \">\n<h2><strong>El sector de pisos cer\u00e1micos, en crisis<\/strong><\/h2>\n<\/div>\n<div id=\"element-body-11\" class=\"sc-45461e9c-0 eqiBeF container-text text-embed \">\n<p><strong>La decisi\u00f3n del cierre se tom\u00f3 por la ca\u00edda en las ventas<\/strong> producto de la par\u00e1lisis de la actividad y la apertura importadora. Su crisis se enmarca en una retracci\u00f3n general del sector: <strong>las ventas cayeron entre 25% y 30%<\/strong>, mientras que los precios retrocedieron en un mercado deprimido con costos en alza.<\/p>\n<\/div>\n<div id=\"element-body-13\" class=\"sc-45461e9c-0 eqiBeF container-text text-embed \">\n<p><strong>El caso se suma al de Magnera<\/strong>\u00a0(<strong>ex<\/strong>\u00a0<strong>Berry<\/strong>), multinacional estadounidense que<strong>\u00a0fabricaba en Pilar tambi\u00e9n materiales no tejidos y films<\/strong> para industrias. Su cierre forma parte de un achique global e implica la desvinculaci\u00f3n de 60 operarios. Hasta este jueves, <strong>rige una conciliaci\u00f3n obligatoria por la situaci\u00f3n de ILVA<\/strong>. Por ahora,\u00a0<strong>las partes no se pusieron de acuerdo<\/strong>. En la \u00faltima audiencia en el Ministerio de Trabajo de la Provincia, la compa\u00f1\u00eda no llev\u00f3 ninguna oferta de pago a los colaboradores cesanteados, algunos con m\u00e1s de 20 a\u00f1os de antig\u00fcedad.<\/p>\n<\/div>\n<div id=\"element-body-15\" class=\"sc-98b114a2-0 bkqiHH image-embed image-embed \"><picture class=\"sc-98b114a2-1 jRUlDm\"><source srcset=\"https:\/\/www.clarin.com\/img\/2025\/10\/01\/es8zZQkQ8_720x0__1.jpg\" media=\"(min-width: 975px)\" \/><img loading=\"lazy\" decoding=\"async\" src=\"https:\/\/www.clarin.com\/img\/2025\/10\/01\/es8zZQkQ8_720x0__1.jpg\" alt=\"Rige la conciliaci\u00f3n obligatoria por la situaci\u00f3n de ILVA, pero no hubo acuerdo. Foto: archivo\" width=\"720\" height=\"480\" data-nimg=\"1\" \/><\/picture><span class=\"epigraphe\">Rige la conciliaci\u00f3n obligatoria por la situaci\u00f3n de ILVA, pero no hubo acuerdo. Foto: archivo<\/span><\/div>\n<div id=\"element-body-16\" class=\"sc-45461e9c-0 eqiBeF container-text text-embed \">\n<p>Por eso,\u00a0<strong>los trabajadores se manifestaron<\/strong>\u00a0a la sede porte\u00f1a de la\u00a0<strong>Uni\u00f3n Industrial Argentina<\/strong>\u00a0(<strong>UIA<\/strong>) para reclamar por el pago de su indemnizaci\u00f3n. Mientras tanto, continuaron las protestas en Pilar.<\/p>\n<\/div>\n<div id=\"element-body-17\" class=\"sc-45461e9c-0 eqiBeF container-text text-embed \">\n<p>La\u00a0<strong>Federaci\u00f3n Obrera Ceramista de la Rep\u00fablica Argentina<\/strong>\u00a0(<strong>Focra<\/strong>) denunci\u00f3 que la firma\u00a0<strong>compr\u00f3 hace dos meses maquinaria para producir con trabajadores de menor calificaci\u00f3n<\/strong>. \u201cNo tiene ninguna crisis. Trabajo le rechaz\u00f3 el procedimiento preventivo. Se aprovecha de la coyuntura para despedir trabajadores y reabrir con otros m\u00e1s precarizados. No vamos a aceptar ni despidos ni rebaja salarial\u201d, denunci\u00f3\u00a0<strong>Pedro Linares<\/strong>, secretario gremial, y alert\u00f3 que es un precedente negativo para la industria.<\/p>\n<\/div>\n<div id=\"element-body-18\" class=\"sc-45461e9c-0 eqiBeF container-text text-embed \">\n<p>\u201c<strong>Estamos del lado de los trabajadores<\/strong>\u00a0y vamos a acompa\u00f1arlos para defender cada puesto de trabajo\u201d, expres\u00f3 al respecto el gobernador bonaerense,\u00a0<strong>Axel Kicillof<\/strong>, quien, junto al intendente de Pilar,\u00a0<strong>Federico Ach\u00e1val<\/strong>, visit\u00f3 a los trabajadores y se comprometi\u00f3 a impulsar gestiones para resguardar sus fuentes de empleo.<\/p>\n<\/div>\n<div id=\"element-body-19\" class=\"sc-45461e9c-0 eqiBeF container-text text-embed \">\n<p>En ese sentido,\u00a0<strong>autoridades provinciales y municipales intervinieron ante la empresa y articularon con Naci\u00f3n<\/strong>. La prioridad, indicaron, fue lograr el pago de indemnizaciones y sostener la capacidad productiva local.<\/p>\n<p><strong><picture><img loading=\"lazy\" decoding=\"async\" class=\"\" src=\"https:\/\/www.clarin.com\/img\/authors\/agustina-devincenzi___663d2e1c21267f001b4afe30.png\" alt=\"Agustina Devincenzi\" width=\"51\" height=\"51\" \/>Agustina <\/picture><span style=\"font-size: 12pt;\">Devincenzi<\/span><\/strong><\/p>\n<\/div>\n<\/div>\n<\/div>\n<\/article>\n<\/section>\n","protected":false},"excerpt":{"rendered":"<p>\u00a0Cerr\u00f3 su planta de cer\u00e1micas y hay incertidumbre por su futuro Se trata de ILVA, perteneciente a la familia italiana Zanon, la misma que oper\u00f3 el famoso parque de diversiones. Vence la conciliaci\u00f3n obligatoria y no hubo un acuerdo por la desvinculaci\u00f3n de 300 empleados. Las ventas del sector cayeron m\u00e1s de 25%. Otra empresa &hellip;<\/p>\n","protected":false},"author":2,"featured_media":11604,"comment_status":"open","ping_status":"open","sticky":false,"template":"","format":"standard","meta":{"footnotes":""},"categories":[28,33],"tags":[2557],"class_list":["post-11603","post","type-post","status-publish","format-standard","has-post-thumbnail","hentry","category-economia","category-nacionales","tag-italpark"],"_links":{"self":[{"href":"https:\/\/cafeprensa.com.ar\/index.php\/wp-json\/wp\/v2\/posts\/11603","targetHints":{"allow":["GET"]}}],"collection":[{"href":"https:\/\/cafeprensa.com.ar\/index.php\/wp-json\/wp\/v2\/posts"}],"about":[{"href":"https:\/\/cafeprensa.com.ar\/index.php\/wp-json\/wp\/v2\/types\/post"}],"author":[{"embeddable":true,"href":"https:\/\/cafeprensa.com.ar\/index.php\/wp-json\/wp\/v2\/users\/2"}],"replies":[{"embeddable":true,"href":"https:\/\/cafeprensa.com.ar\/index.php\/wp-json\/wp\/v2\/comments?post=11603"}],"version-history":[{"count":2,"href":"https:\/\/cafeprensa.com.ar\/index.php\/wp-json\/wp\/v2\/posts\/11603\/revisions"}],"predecessor-version":[{"id":11606,"href":"https:\/\/cafeprensa.com.ar\/index.php\/wp-json\/wp\/v2\/posts\/11603\/revisions\/11606"}],"wp:featuredmedia":[{"embeddable":true,"href":"https:\/\/cafeprensa.com.ar\/index.php\/wp-json\/wp\/v2\/media\/11604"}],"wp:attachment":[{"href":"https:\/\/cafeprensa.com.ar\/index.php\/wp-json\/wp\/v2\/media?parent=11603"}],"wp:term":[{"taxonomy":"category","embeddable":true,"href":"https:\/\/cafeprensa.com.ar\/index.php\/wp-json\/wp\/v2\/categories?post=11603"},{"taxonomy":"post_tag","embeddable":true,"href":"https:\/\/cafeprensa.com.ar\/index.php\/wp-json\/wp\/v2\/tags?post=11603"}],"curies":[{"name":"wp","href":"https:\/\/api.w.org\/{rel}","templated":true}]}}