{"id":11612,"date":"2025-10-02T15:42:48","date_gmt":"2025-10-02T13:42:48","guid":{"rendered":"https:\/\/cafeprensa.com.ar\/?p=11612"},"modified":"2025-10-02T15:42:48","modified_gmt":"2025-10-02T13:42:48","slug":"no-es-tolerable-el-amedrentamiento-que-sufrieron-el-multimedios-enterate-y-sus-periodistas","status":"publish","type":"post","link":"https:\/\/cafeprensa.com.ar\/index.php\/2025\/10\/02\/no-es-tolerable-el-amedrentamiento-que-sufrieron-el-multimedios-enterate-y-sus-periodistas\/","title":{"rendered":"No es tolerable el amedrentamiento que sufrieron el Multimedios Enterate y sus periodistas"},"content":{"rendered":"<div dir=\"auto\">Se\u00f1alaron Canelada y Cobos<\/div>\n<div dir=\"auto\"><strong>Los concejales presentaron un proyecto para que el Concejo Deliberante de la capital repudie el allanamiento que se realiz\u00f3 en el medio, hecho al que calificaron como \u00abde hostigamiento e intimidaci\u00f3n\u00bb<\/strong><\/div>\n<div dir=\"auto\">Esta ma\u00f1ana se present\u00f3 un proyecto en el Concejo Deliberante de la capital que busca que el cuerpo legislativo manifieste su repudio ante el allanamiento que se realiz\u00f3 en el Multimedios Enterate y que exprese su solidaridad con los periodistas <strong>\u00abfrente a los hechos de hostigamiento e intimidaci\u00f3n denunciados p\u00fablicamente\u00bb.<\/strong> El proyecto lleva la firma de los ediles Jos\u00e9 Mar\u00eda Canelada y Gustavo Cobos, quienes se\u00f1alaron que \u00abno es tolerable el amedrentamiento que sufrieron el multimedios y sus periodistas\u00bb.<img loading=\"lazy\" decoding=\"async\" class=\"alignnone wp-image-11613 size-full\" src=\"https:\/\/cafeprensa.com.ar\/wp-content\/uploads\/2025\/10\/la-gaceta-foto-de-anala-jaramillo-1013300-202512-1-780x470-1.jpeg\" alt=\"\" width=\"780\" height=\"470\" srcset=\"https:\/\/cafeprensa.com.ar\/wp-content\/uploads\/2025\/10\/la-gaceta-foto-de-anala-jaramillo-1013300-202512-1-780x470-1.jpeg 780w, https:\/\/cafeprensa.com.ar\/wp-content\/uploads\/2025\/10\/la-gaceta-foto-de-anala-jaramillo-1013300-202512-1-780x470-1-300x181.jpeg 300w, https:\/\/cafeprensa.com.ar\/wp-content\/uploads\/2025\/10\/la-gaceta-foto-de-anala-jaramillo-1013300-202512-1-780x470-1-768x463.jpeg 768w\" sizes=\"auto, (max-width: 780px) 100vw, 780px\" \/><\/div>\n<div dir=\"auto\">Seg\u00fan el descargo de Enterate, las fuerzas policiales llegaron al lugar en el marco de una causa penal buscando un estudio jur\u00eddico. Y si bien pudieron confirmar desde el primer momento que el lugar era un estudio period\u00edstico, permanecieron durante m\u00e1s de una hora y exigieron la identificaci\u00f3n de todos los presentes, hecho que redund\u00f3 en complicaciones para ejercer su tarea period\u00edstica.<strong> \u00abTodo esto revela un serio riesgo institucional, el de el uso de procedimientos judiciales para ejercer presi\u00f3n o intimidaci\u00f3n sobre medios y periodistas, lo que acent\u00faa la posibilidad de autocensura y disuasi\u00f3n frente al ejercicio libre del periodismo\u00bb,<\/strong> expresaron los ediles.<\/div>\n<div dir=\"auto\">Finalmente, remarcaron que existen est\u00e1ndares constitucionales e interamericanos que protegen la tarea period\u00edstica y la reserva de las fuentes, y que toda actuaci\u00f3n estatal debe ajustarse estrictamente a ellos. \u00abQuienes tenemos un firme compromiso con la libertad de prensa lo consideramos un hecho grave. <strong>El Concejo debe pronunciarse con claridad: la democracia no puede permitir que se intente amedrentar a periodistas ni a medios de comunicaci\u00f3n\u00bb, concluyeron.<\/strong><\/div>\n","protected":false},"excerpt":{"rendered":"<p>Se\u00f1alaron Canelada y Cobos Los concejales presentaron un proyecto para que el Concejo Deliberante de la capital repudie el allanamiento que se realiz\u00f3 en el medio, hecho al que calificaron como \u00abde hostigamiento e intimidaci\u00f3n\u00bb Esta ma\u00f1ana se present\u00f3 un proyecto en el Concejo Deliberante de la capital que busca que el cuerpo legislativo manifieste &hellip;<\/p>\n","protected":false},"author":2,"featured_media":11614,"comment_status":"open","ping_status":"open","sticky":false,"template":"","format":"standard","meta":{"footnotes":""},"categories":[1707,34],"tags":[643,642],"class_list":["post-11612","post","type-post","status-publish","format-standard","has-post-thumbnail","hentry","category-concejales-de-tucuman","category-locales","tag-canelada","tag-cobos"],"_links":{"self":[{"href":"https:\/\/cafeprensa.com.ar\/index.php\/wp-json\/wp\/v2\/posts\/11612","targetHints":{"allow":["GET"]}}],"collection":[{"href":"https:\/\/cafeprensa.com.ar\/index.php\/wp-json\/wp\/v2\/posts"}],"about":[{"href":"https:\/\/cafeprensa.com.ar\/index.php\/wp-json\/wp\/v2\/types\/post"}],"author":[{"embeddable":true,"href":"https:\/\/cafeprensa.com.ar\/index.php\/wp-json\/wp\/v2\/users\/2"}],"replies":[{"embeddable":true,"href":"https:\/\/cafeprensa.com.ar\/index.php\/wp-json\/wp\/v2\/comments?post=11612"}],"version-history":[{"count":1,"href":"https:\/\/cafeprensa.com.ar\/index.php\/wp-json\/wp\/v2\/posts\/11612\/revisions"}],"predecessor-version":[{"id":11615,"href":"https:\/\/cafeprensa.com.ar\/index.php\/wp-json\/wp\/v2\/posts\/11612\/revisions\/11615"}],"wp:featuredmedia":[{"embeddable":true,"href":"https:\/\/cafeprensa.com.ar\/index.php\/wp-json\/wp\/v2\/media\/11614"}],"wp:attachment":[{"href":"https:\/\/cafeprensa.com.ar\/index.php\/wp-json\/wp\/v2\/media?parent=11612"}],"wp:term":[{"taxonomy":"category","embeddable":true,"href":"https:\/\/cafeprensa.com.ar\/index.php\/wp-json\/wp\/v2\/categories?post=11612"},{"taxonomy":"post_tag","embeddable":true,"href":"https:\/\/cafeprensa.com.ar\/index.php\/wp-json\/wp\/v2\/tags?post=11612"}],"curies":[{"name":"wp","href":"https:\/\/api.w.org\/{rel}","templated":true}]}}