{"id":11623,"date":"2025-10-03T12:21:40","date_gmt":"2025-10-03T10:21:40","guid":{"rendered":"https:\/\/cafeprensa.com.ar\/?p=11623"},"modified":"2025-10-03T12:22:14","modified_gmt":"2025-10-03T10:22:14","slug":"romano-norri-impulsa-una-ordenanza-para-declarar-de-interes-municipal-un-programa-de-ecologia-integral","status":"publish","type":"post","link":"https:\/\/cafeprensa.com.ar\/index.php\/2025\/10\/03\/romano-norri-impulsa-una-ordenanza-para-declarar-de-interes-municipal-un-programa-de-ecologia-integral\/","title":{"rendered":"Romano Norri impulsa una ordenanza para declarar de Inter\u00e9s Municipal un programa de Ecolog\u00eda Integral"},"content":{"rendered":"<div class=\"et_post_meta_wrapper\">\n<p class=\"post-meta\">El concejal Federico Romano Norri present\u00f3 ante el Concejo Deliberante un Proyecto de Ordenanza que propone declarar de Inter\u00e9s Municipal, al programa <strong>\u201cEcolog\u00eda Integral y Amistad Social\u201d<\/strong>, una iniciativa con impacto ambiental, econ\u00f3mico, social y espiritual, desarrollada por la Fundaci\u00f3n CoAS (Compromiso y Amistad Social). Y en ese marco instaurar el D\u00eda de la Amistad Social.<\/p>\n<\/div>\n<div class=\"entry-content\">\n<p>En conferencia de prensa el edil explic\u00f3 que la propuesta promueve la ecolog\u00eda circular, fortalece las redes comunitarias y fomenta la inclusi\u00f3n social, involucrando activamente a m\u00e1s de 60 familias de cinco barrios de la ciudad. <strong>\u201cSu enfoque integral apunta a reducir residuos s\u00f3lidos urbanos, mejorar el ingreso de recolectores informales, revalorizar su trabajo, y construir una cultura basada en el bien com\u00fan; fortaleciendo los v\u00ednculos entre vecinos e instituciones.\u201d<\/strong>, explic\u00f3 Romano Norri.<\/p>\n<p>A su turno, <strong>Roberto Rotta Di Caro, presidente de la Fundaci\u00f3n CoAS<\/strong>, tambi\u00e9n presente en la conferencia, dijo que el programa est\u00e1 inspirado en las enc\u00edclicas Fratelli Tutti y Laudato Si, y que \u201cplantea un modelo transformador que apunta a reconstruir comunidades fragmentadas a trav\u00e9s de la participaci\u00f3n ciudadana y el compromiso ambiental que tiene el ciudadano, buscando la solidaridad entre sectores vulnerables\u201d.<\/p>\n<p>Explic\u00f3 que el modelo de trabajo se desarrolla en tres pasos: separaci\u00f3n domiciliaria de residuos (pl\u00e1stico, cart\u00f3n, latas), entrega directa a los recolectores urbanos identificados mediante grupos barriales de WhatsApp, y organizaci\u00f3n comunitaria para concentrar la recolecci\u00f3n en un solo d\u00eda.<strong> \u201cEste proceso, lejos de ser asistencialista, reconoce y dignifica la labor de los recicladores y promueve una solidaridad activa entre vecinos e instituciones. Este trabajo pone en el centro al ser humano\u201d,<\/strong> explic\u00f3 Rotta di Caro.<\/p>\n<p>Durante la presentaci\u00f3n del proyecto, \u00c1ngel Soria, recuperador de materiales reciclables y referente de la econom\u00eda circular, manifest\u00f3 que pagan muy poco por los productos reciclables que llevan, <strong>\u201cno se actualizan desde hace dos a\u00f1os\u201d<\/strong>, dijo. As\u00ed mismo agradeci\u00f3 a las familias de los diferentes barrios por el compromiso asumido.<\/p>\n<p>El concejal dijo que <strong>\u201cesta es la piedra germinal para un proceso de cambio distinto si se lo toma como pol\u00edtica p\u00fablica. Por eso la importancia de este proyecto, porque son modelos de trabajo que deben se retomados con el apoyo del municipio. Creo que hay que empezar a cambiar los h\u00e1bitos y empezar a cuidar la casa de todos\u201d,<\/strong> sostuvo. Por ellos, adem\u00e1s propone en el Proyecto de Ordenanza que el d\u00eda 4 de octubre se celebre el D\u00eda de la Amistad Social, <strong>\u201cen esta fecha se lo recuerda a San Francisco de As\u00eds, que es s\u00edmbolo de la paz, fraternidad, amor a todos y sobre todo a la naturaleza. Esta fecha nos permitir\u00e1 generar conciencia y difundir este tipo de acciones\u201d.<\/strong><\/p>\n<p>Romano Norri remarc\u00f3 que se trata de una iniciativa innovadora que construye una ciudad m\u00e1s justa, sostenible y solidaria.<\/p>\n<\/div>\n","protected":false},"excerpt":{"rendered":"<p>El concejal Federico Romano Norri present\u00f3 ante el Concejo Deliberante un Proyecto de Ordenanza que propone declarar de Inter\u00e9s Municipal, al programa \u201cEcolog\u00eda Integral y Amistad Social\u201d, una iniciativa con impacto ambiental, econ\u00f3mico, social y espiritual, desarrollada por la Fundaci\u00f3n CoAS (Compromiso y Amistad Social). Y en ese marco instaurar el D\u00eda de la Amistad &hellip;<\/p>\n","protected":false},"author":2,"featured_media":11624,"comment_status":"open","ping_status":"open","sticky":false,"template":"","format":"standard","meta":{"footnotes":""},"categories":[1707,34],"tags":[2559],"class_list":["post-11623","post","type-post","status-publish","format-standard","has-post-thumbnail","hentry","category-concejales-de-tucuman","category-locales","tag-concejal-romano-norri"],"_links":{"self":[{"href":"https:\/\/cafeprensa.com.ar\/index.php\/wp-json\/wp\/v2\/posts\/11623","targetHints":{"allow":["GET"]}}],"collection":[{"href":"https:\/\/cafeprensa.com.ar\/index.php\/wp-json\/wp\/v2\/posts"}],"about":[{"href":"https:\/\/cafeprensa.com.ar\/index.php\/wp-json\/wp\/v2\/types\/post"}],"author":[{"embeddable":true,"href":"https:\/\/cafeprensa.com.ar\/index.php\/wp-json\/wp\/v2\/users\/2"}],"replies":[{"embeddable":true,"href":"https:\/\/cafeprensa.com.ar\/index.php\/wp-json\/wp\/v2\/comments?post=11623"}],"version-history":[{"count":2,"href":"https:\/\/cafeprensa.com.ar\/index.php\/wp-json\/wp\/v2\/posts\/11623\/revisions"}],"predecessor-version":[{"id":11626,"href":"https:\/\/cafeprensa.com.ar\/index.php\/wp-json\/wp\/v2\/posts\/11623\/revisions\/11626"}],"wp:featuredmedia":[{"embeddable":true,"href":"https:\/\/cafeprensa.com.ar\/index.php\/wp-json\/wp\/v2\/media\/11624"}],"wp:attachment":[{"href":"https:\/\/cafeprensa.com.ar\/index.php\/wp-json\/wp\/v2\/media?parent=11623"}],"wp:term":[{"taxonomy":"category","embeddable":true,"href":"https:\/\/cafeprensa.com.ar\/index.php\/wp-json\/wp\/v2\/categories?post=11623"},{"taxonomy":"post_tag","embeddable":true,"href":"https:\/\/cafeprensa.com.ar\/index.php\/wp-json\/wp\/v2\/tags?post=11623"}],"curies":[{"name":"wp","href":"https:\/\/api.w.org\/{rel}","templated":true}]}}