{"id":11639,"date":"2025-10-04T19:35:28","date_gmt":"2025-10-04T17:35:28","guid":{"rendered":"https:\/\/cafeprensa.com.ar\/?p=11639"},"modified":"2025-10-04T19:35:56","modified_gmt":"2025-10-04T17:35:56","slug":"pellegrini-milei-no-tiene-un-plan-solo-considera-que-el-mercado-va-a-solucionar-todos-los-problemas","status":"publish","type":"post","link":"https:\/\/cafeprensa.com.ar\/index.php\/2025\/10\/04\/pellegrini-milei-no-tiene-un-plan-solo-considera-que-el-mercado-va-a-solucionar-todos-los-problemas\/","title":{"rendered":"Pellegrini: \u00abMilei no tiene un plan, solo considera que el mercado va a solucionar todos los problemas\u00bb."},"content":{"rendered":"<p data-start=\"261\" data-end=\"535\">El dirigente radical<strong> Ra\u00fal Pellegrini,<\/strong> en di\u00e1logo con <em data-start=\"314\" data-end=\"327\">Caf\u00e9 Prensa<\/em>, analiz\u00f3 el contexto pol\u00edtico actual a nivel nacional. Finalmente, se refiri\u00f3 al proyecto de Campo Norte, que recientemente fue devuelto a comisi\u00f3n para un pr\u00f3ximo tratamiento en la Legislatura provincial.<\/p>\n<p data-start=\"537\" data-end=\"1027\">\u00abConsidero a la pol\u00edtica y a la funci\u00f3n p\u00fablica como una vocaci\u00f3n, pero uno tambi\u00e9n se cansa, por lo que me tom\u00e9 un a\u00f1o sab\u00e1tico. Con el tiempo veremos qu\u00e9 pasa\u00bb, expres\u00f3 Pellegrini sobre su situaci\u00f3n actual. \u00abEn estos momentos no me siento identificado con el ritmo de la pol\u00edtica. Si bien hay cosas que hay que reconocerle a Milei que son muy buenas, porque la pol\u00edtica hab\u00eda desvirtuado la funci\u00f3n del Estado, hoy miro al Ejecutivo desde otro punto de vista\u00bb, reflexion\u00f3 el exconcejal.<\/p>\n<p data-start=\"1029\" data-end=\"1474\">Sin embargo, contrapuso: \u00abExplotar al pobre es una barbaridad. Decir que lo liber\u00f3 por desvincularlo de organizaciones que lo ten\u00edan controlado, como los fondos fiduciarios, es algo positivo. Aunque el modelo de la motosierra es malo, porque el gobierno no tiene empat\u00eda con la gente. Y lo de destruir valores fundamentales de la sociedad, como la universidad, es un error. Se deben corregir las cuestiones, no destruir estos \u00e1mbitos\u00bb, agreg\u00f3.<\/p>\n<p data-start=\"1476\" data-end=\"1915\">Pellegrini manifest\u00f3 que el rumbo deber\u00eda ser otro: \u00abEl Estado debe ser un facilitador de la gente, un facilitador del desarrollo productivo y sustentable que fije objetivos\u00bb. Y record\u00f3: \u00abEn mi mandato como legislador asist\u00ed al Congreso Internacional de Producci\u00f3n de Ma\u00edz, donde observ\u00e9 una lejan\u00eda abismal entre el pensamiento del tucumano y del cordob\u00e9s, que busca resolver primero lo propio en la provincia antes que ir a la Naci\u00f3n\u00bb.<\/p>\n<p data-start=\"1917\" data-end=\"2451\">En ese sentido, destac\u00f3: \u00abDurante el discurso del gobernador de C\u00f3rdoba en ese entonces \u2014mire que Schiaretti no es santo de mi devoci\u00f3n\u2014 marc\u00f3 el amper\u00edmetro de la pol\u00edtica. Con actitud y claridad expuso los problemas ante todos los productores de ma\u00edz. Habl\u00f3 de objetivos, de una hoja de ruta, y se\u00f1al\u00f3 que el norte era la energ\u00eda en C\u00f3rdoba, con la idea de que todo lo que se genere se traduzca en dinero que ingrese a la provincia. Qued\u00e9 maravillado de que un gobernador les pida invertir y les diga cu\u00e1l ser\u00e1 el camino\u00bb, relat\u00f3.<\/p>\n<p data-start=\"2453\" data-end=\"2709\">\u00abEn el NOA tenemos gobernantes que son bomberos\u00bb, compar\u00f3. Y a\u00f1adi\u00f3: \u00abA ese congreso fui porque present\u00e9 un proyecto de ley para generar bioetanol en Tucum\u00e1n, iniciativa que despu\u00e9s tambi\u00e9n se present\u00f3 en C\u00f3rdoba. Hoy ellos est\u00e1n a a\u00f1os luz de nosotros\u00bb.<\/p>\n<p data-start=\"2711\" data-end=\"2940\">Para cerrar su an\u00e1lisis, apunt\u00f3: \u00abMilei no tiene un plan. Solo considera que el mercado va a solucionar todos los problemas, una teor\u00eda de los libros que nunca se concret\u00f3 en ning\u00fan pa\u00eds liberal, ni siquiera en Estados Unidos\u00bb.<\/p>\n<h2 data-start=\"2947\" data-end=\"2978\">El proyecto de Campo Norte<\/h2>\n<p>&nbsp;<\/p>\n<p data-start=\"2980\" data-end=\"3467\">Respecto al debate por el Campo Norte, Pellegrini se\u00f1al\u00f3: \u00abSe habla de la cesi\u00f3n de una parte de ese espacio a un club de rugby. En mi gesti\u00f3n como concejal present\u00e9 en su momento dos proyectos de ordenanza porque existe un problema de metros cuadrados por habitante, adem\u00e1s de la falta de distribuci\u00f3n. Hay una franja central donde est\u00e1n concentrados los espacios m\u00e1s importantes, pero si mir\u00e1s hacia el norte y el sur, todo es cemento. Esto afecta directamente a la calidad de vida\u00bb.<\/p>\n<p data-start=\"3469\" data-end=\"3780\">\u00abUno de los proyectos que present\u00e9 ten\u00eda que ver con el Provincial y otro con Campo Norte, ambos respondiendo a la necesidad de generar espacios verdes en el norte y en el sur. El del Provincial se concret\u00f3 en la gesti\u00f3n de Alfaro y fue maravilloso para la gente, sobre todo para la que menos tiene\u00bb, explic\u00f3.<\/p>\n<p data-start=\"3782\" data-end=\"4046\">\u00abCuando present\u00e9 el proyecto de Campo Norte eran 37 hect\u00e1reas. En 2010 la Municipalidad y la Provincia se pusieron en sinton\u00eda y se plante\u00f3 una distribuci\u00f3n de funciones. Luego se busc\u00f3 modificar a 28 hect\u00e1reas para parque, pero esto qued\u00f3 en la nada\u00bb, continu\u00f3.<\/p>\n<p data-start=\"4048\" data-end=\"4272\">\u00abHoy pasa que una instituci\u00f3n quiere practicar deportes all\u00ed y lo pide para eso. Pero el problema no es de la instituci\u00f3n, sino de la desidia de los funcionarios, que no hacen las cosas con consenso de la gente\u00bb, advirti\u00f3.<\/p>\n<p data-start=\"4274\" data-end=\"4606\">\u00abNo digo que se deje de practicar deportes en el lugar, pero deber\u00eda ser en un espacio administrado por la Municipalidad. Hay que buscar acciones colectivas y organizarnos en funci\u00f3n de los espacios limitados, dejando lugar para que la gente se distienda con actividades que tambi\u00e9n son parte de la sociedad\u00bb, concluy\u00f3 Pellegrini.<\/p>\n","protected":false},"excerpt":{"rendered":"<p>El dirigente radical Ra\u00fal Pellegrini, en di\u00e1logo con Caf\u00e9 Prensa, analiz\u00f3 el contexto pol\u00edtico actual a nivel nacional. Finalmente, se refiri\u00f3 al proyecto de Campo Norte, que recientemente fue devuelto a comisi\u00f3n para un pr\u00f3ximo tratamiento en la Legislatura provincial. \u00abConsidero a la pol\u00edtica y a la funci\u00f3n p\u00fablica como una vocaci\u00f3n, pero uno tambi\u00e9n &hellip;<\/p>\n","protected":false},"author":2,"featured_media":11640,"comment_status":"open","ping_status":"open","sticky":false,"template":"","format":"standard","meta":{"footnotes":""},"categories":[34],"tags":[2563,413,200,1024,160,110],"class_list":["post-11639","post","type-post","status-publish","format-standard","has-post-thumbnail","hentry","category-locales","tag-campo-norte","tag-economia","tag-javier-milei","tag-raul-pellegrini","tag-tucuman","tag-ucr"],"_links":{"self":[{"href":"https:\/\/cafeprensa.com.ar\/index.php\/wp-json\/wp\/v2\/posts\/11639","targetHints":{"allow":["GET"]}}],"collection":[{"href":"https:\/\/cafeprensa.com.ar\/index.php\/wp-json\/wp\/v2\/posts"}],"about":[{"href":"https:\/\/cafeprensa.com.ar\/index.php\/wp-json\/wp\/v2\/types\/post"}],"author":[{"embeddable":true,"href":"https:\/\/cafeprensa.com.ar\/index.php\/wp-json\/wp\/v2\/users\/2"}],"replies":[{"embeddable":true,"href":"https:\/\/cafeprensa.com.ar\/index.php\/wp-json\/wp\/v2\/comments?post=11639"}],"version-history":[{"count":2,"href":"https:\/\/cafeprensa.com.ar\/index.php\/wp-json\/wp\/v2\/posts\/11639\/revisions"}],"predecessor-version":[{"id":11653,"href":"https:\/\/cafeprensa.com.ar\/index.php\/wp-json\/wp\/v2\/posts\/11639\/revisions\/11653"}],"wp:featuredmedia":[{"embeddable":true,"href":"https:\/\/cafeprensa.com.ar\/index.php\/wp-json\/wp\/v2\/media\/11640"}],"wp:attachment":[{"href":"https:\/\/cafeprensa.com.ar\/index.php\/wp-json\/wp\/v2\/media?parent=11639"}],"wp:term":[{"taxonomy":"category","embeddable":true,"href":"https:\/\/cafeprensa.com.ar\/index.php\/wp-json\/wp\/v2\/categories?post=11639"},{"taxonomy":"post_tag","embeddable":true,"href":"https:\/\/cafeprensa.com.ar\/index.php\/wp-json\/wp\/v2\/tags?post=11639"}],"curies":[{"name":"wp","href":"https:\/\/api.w.org\/{rel}","templated":true}]}}