{"id":1167,"date":"2024-02-17T16:37:51","date_gmt":"2024-02-17T15:37:51","guid":{"rendered":"https:\/\/cafeprensa.com.ar\/?p=1167"},"modified":"2024-02-17T16:37:51","modified_gmt":"2024-02-17T15:37:51","slug":"media-docena-de-testigos-hundieron-a-alperovich","status":"publish","type":"post","link":"https:\/\/cafeprensa.com.ar\/index.php\/2024\/02\/17\/media-docena-de-testigos-hundieron-a-alperovich\/","title":{"rendered":"Media docena de testigos hundieron a Alperovich"},"content":{"rendered":"<p class=\"page-header\">La v\u00edctima dijo que cuando terminaba de trabajar \u00e9l la forzaba y tambi\u00e9n ten\u00eda sexo con otras mujeres<\/p>\n<div><b>Media docena de testigos complicaron al exgobernador Jos\u00e9 Alperovich en el juicio que se le sigue por supuesto abuso sexual reiterado de una sobrina lejana suya en Buenos Aires y en Tucum\u00e1n. Declararon que, seg\u00fan supieron por boca de la v\u00edctima, que hab\u00eda sido objeto de abusos sexuales por parte del exfuncionario.<\/b><\/div>\n<div>Entre los testigos que comparecieron en la audiencia de ayer se cuentan la abuela de la chica, que denunci\u00f3 a Alperovich, identificada con las siglas F.L., tres primas, una amiga de ella, compa\u00f1era del colegio, y el marido de unas de ellas, que es m\u00e9dico,<br \/>\nEl facultativo mencion\u00f3 que estuvo en una reuni\u00f3n familiar cuando la v\u00edctima contaba lo que le hab\u00eda sucedido. Tambi\u00e9n declararon cuatro amigas que refirieron que vieron a la chica quebrada, que se le ca\u00eda el pelo, que perd\u00eda las u\u00f1as y mostraba un deterioro f\u00edsico pronunciado, porque hab\u00eda decidido mantener en secreto lo que le estaba sucediendo. Hasta que decidi\u00f3 despegarse del exmandatario y realizar la denuncia.<br \/>\nLos testigos declararon ante el juez Juan Ramos Padilla, que oficia de juez a cargo de un tribunal unipersonal, del abogado defensor de Alperovich y del fiscal Sandro Abraldes. El acusado enfrenta ocho cargos de abuso sexual, dos en grado de tentativa y seis agravados por haber ocurrido con acceso carnal.<br \/>\nAlperovich, que no declar\u00f3 en el juicio y dijo que lo iba a hacer al final despu\u00e9s de o\u00edr toda la prueba, no niega haber tenido un v\u00ednculo con la chica, sino que niega de plano los cargos de abuso.<br \/>\nLa v\u00edctima, que declar\u00f3 el primer d\u00eda, mencion\u00f3 que decidi\u00f3 renunciar a trabajar con el exfuncionario en 2019 pero que a algunas personas, entre ella su padre, su madre, su abuela y a algunas amigas le cont\u00f3 lo que le estaba sucediendo. Los testigos est\u00e1n ratificando estos relatos. La madre y el padre de la chica a\u00fan no declararon.<br \/>\n<b>La v\u00edctima mencion\u00f3 que en un momento tuvo una p\u00e9rdida de sangre producto del abuso y que quiso lavar las s\u00e1banas porque le avergonzaba y dijo en otro tramo de su relato que una vez que terminaban las audiencias de la agenda del exgobernador, a las 17.30 su custodia se retiraba a los alrededores de la casa o el inmueble donde estuvieran, y el exmandatario manten\u00eda relaciones con ella, y tambi\u00e9n con otras mujeres. En su caso dijo que fue contra su voluntad.<\/b><br \/>\nEn el juicio, la abuela de la v\u00edctima afirm\u00f3 que su nieta le confes\u00f3 que Alperovich hab\u00eda abusado de ella y que no se animaba a expresarlo. La mujer dijo que su nieta le habl\u00f3 de abuso sexual pero que no le dio detalles.<br \/>\nSolo menciono que cuando iban en el auto oficial el exfuncionario colocaba su mano entre las piernas de la chica porque dec\u00eda que lo \u201cenergizaba\u201d. Se\u00f1al\u00f3 que en una ocasi\u00f3n su nieta le plante\u00f3 que deb\u00eda denuncia a Alperovich ante la Justicia para \u201csacarse de adentro\u201d lo que la estaba consumiendo.<\/div>\n<div>La joven denunci\u00f3 a Alperovich en 2019 y difundi\u00f3 una carta p\u00fablica donde se\u00f1alaba lo que le hab\u00eda ocurrido. En la justicia esos cargos se transformaron en una acusaci\u00f3n por abuso sexual -dos hechos en grado tentativa- y seis sucesos de violencia sexual agravada por haber sido con acceso carnal. <strong>\/La Naci\u00f3n<\/strong><\/div>\n","protected":false},"excerpt":{"rendered":"<p>La v\u00edctima dijo que cuando terminaba de trabajar \u00e9l la forzaba y tambi\u00e9n ten\u00eda sexo con otras mujeres Media docena de testigos complicaron al exgobernador Jos\u00e9 Alperovich en el juicio que se le sigue por supuesto abuso sexual reiterado de una sobrina lejana suya en Buenos Aires y en Tucum\u00e1n. Declararon que, seg\u00fan supieron por &hellip;<\/p>\n","protected":false},"author":2,"featured_media":1168,"comment_status":"open","ping_status":"open","sticky":false,"template":"","format":"standard","meta":{"footnotes":""},"categories":[47,33],"tags":[48,49],"class_list":["post-1167","post","type-post","status-publish","format-standard","has-post-thumbnail","hentry","category-justicia","category-nacionales","tag-alperorovich","tag-juicio"],"_links":{"self":[{"href":"https:\/\/cafeprensa.com.ar\/index.php\/wp-json\/wp\/v2\/posts\/1167","targetHints":{"allow":["GET"]}}],"collection":[{"href":"https:\/\/cafeprensa.com.ar\/index.php\/wp-json\/wp\/v2\/posts"}],"about":[{"href":"https:\/\/cafeprensa.com.ar\/index.php\/wp-json\/wp\/v2\/types\/post"}],"author":[{"embeddable":true,"href":"https:\/\/cafeprensa.com.ar\/index.php\/wp-json\/wp\/v2\/users\/2"}],"replies":[{"embeddable":true,"href":"https:\/\/cafeprensa.com.ar\/index.php\/wp-json\/wp\/v2\/comments?post=1167"}],"version-history":[{"count":1,"href":"https:\/\/cafeprensa.com.ar\/index.php\/wp-json\/wp\/v2\/posts\/1167\/revisions"}],"predecessor-version":[{"id":1169,"href":"https:\/\/cafeprensa.com.ar\/index.php\/wp-json\/wp\/v2\/posts\/1167\/revisions\/1169"}],"wp:featuredmedia":[{"embeddable":true,"href":"https:\/\/cafeprensa.com.ar\/index.php\/wp-json\/wp\/v2\/media\/1168"}],"wp:attachment":[{"href":"https:\/\/cafeprensa.com.ar\/index.php\/wp-json\/wp\/v2\/media?parent=1167"}],"wp:term":[{"taxonomy":"category","embeddable":true,"href":"https:\/\/cafeprensa.com.ar\/index.php\/wp-json\/wp\/v2\/categories?post=1167"},{"taxonomy":"post_tag","embeddable":true,"href":"https:\/\/cafeprensa.com.ar\/index.php\/wp-json\/wp\/v2\/tags?post=1167"}],"curies":[{"name":"wp","href":"https:\/\/api.w.org\/{rel}","templated":true}]}}