{"id":11685,"date":"2025-10-07T12:24:58","date_gmt":"2025-10-07T10:24:58","guid":{"rendered":"https:\/\/cafeprensa.com.ar\/?p=11685"},"modified":"2025-10-07T12:24:58","modified_gmt":"2025-10-07T10:24:58","slug":"boca-emitio-su-primer-parte-oficial-sobre-la-salud-de-miguel-angel-russo","status":"publish","type":"post","link":"https:\/\/cafeprensa.com.ar\/index.php\/2025\/10\/07\/boca-emitio-su-primer-parte-oficial-sobre-la-salud-de-miguel-angel-russo\/","title":{"rendered":"Boca emiti\u00f3 su primer parte oficial sobre la salud de Miguel \u00c1ngel Russo"},"content":{"rendered":"<p class=\"description separatorlines\">El club confirm\u00f3 que el entrenador atraviesa una internaci\u00f3n domiciliaria bajo atenci\u00f3n m\u00e9dica permanente. Claudio \u00dabeda asumi\u00f3 temporalmente la conducci\u00f3n del plantel. El Club Atl\u00e9tico Boca Juniors public\u00f3 su primer comunicado oficial sobre el estado de salud de <b>Miguel \u00c1ngel Russo<\/b>, quien no estuvo presente este domingo en el partido ante Newell&#8217;s en la Bombonera. <strong>Seg\u00fan detall\u00f3 la instituci\u00f3n, el entrenador de 69 a\u00f1os se encuentra bajo internaci\u00f3n domiciliaria con pron\u00f3stico reservado y recibe atenci\u00f3n permanente por parte de su equipo m\u00e9dico y del cuerpo m\u00e9dico del club.<\/strong><\/p>\n<div class=\"at-vc\">\n<div id=\"vsmcontent\" class=\"content vsmcontent\">\n<p class=\"background-main-color-box\"><em><strong>\u00abEl Club Atl\u00e9tico Boca Juniors informa que Miguel \u00c1ngel Russo se encuentra cursando una internaci\u00f3n domiciliaria con pron\u00f3stico reservado, recibiendo atenci\u00f3n permanente de su equipo m\u00e9dico y del cuerpo m\u00e9dico del Club\u00bb,<\/strong><\/em> expresa el comunicado difundido por los canales oficiales del Xeneize.<\/p>\n<p data-start=\"1036\" data-end=\"1159\">El mensaje concluye con un gesto de acompa\u00f1amiento hacia el t\u00e9cnico: <strong>\u00abAcompa\u00f1amos a Miguel y su familia en este momento\u00bb.<\/strong><\/p>\n<h2>Claudio \u00dabeda tom\u00f3 el mando del equipo<\/h2>\n<p data-start=\"1207\" data-end=\"1611\">Ante la ausencia de Russo, Claudio \u00dabeda asumi\u00f3 la conducci\u00f3n t\u00e9cnica de manera temporal. Tanto \u00e9l como Leandro Paredes fueron las primeras figuras del club en pronunciarse p\u00fablicamente, enviando mensajes de apoyo al DT. Hasta la noche del lunes, los jugadores no hab\u00edan realizado declaraciones sobre la situaci\u00f3n, en sinton\u00eda con el silencio institucional que mantuvo Boca hasta el comunicado oficial.<\/p>\n<h2>El delicado cuadro de salud del entrenador<\/h2>\n<p data-start=\"1663\" data-end=\"2063\">Miguel \u00c1ngel Russo contin\u00faa su tratamiento por una enfermedad de base.\u00a0<span class=\"highlight\">Entre 2017 y 2018 fue operado en varias ocasiones por un c\u00e1ncer de pr\u00f3stata y vejiga<\/span>.<strong> En las \u00faltimas semanas, debi\u00f3 ser internado en la cl\u00ednica Fleni a ra\u00edz de una infecci\u00f3n urinaria y posteriormente por un cuadro de deshidrataci\u00f3n, lo que complic\u00f3 su recuperaci\u00f3n y le impide, por el momento, retomar plenamente sus funciones.<img loading=\"lazy\" decoding=\"async\" class=\"alignnone wp-image-11687 size-large\" src=\"https:\/\/cafeprensa.com.ar\/wp-content\/uploads\/2025\/10\/se-durmio-russo-1024x644.jpeg\" alt=\"\" width=\"1024\" height=\"644\" srcset=\"https:\/\/cafeprensa.com.ar\/wp-content\/uploads\/2025\/10\/se-durmio-russo-1024x644.jpeg 1024w, https:\/\/cafeprensa.com.ar\/wp-content\/uploads\/2025\/10\/se-durmio-russo-300x189.jpeg 300w, https:\/\/cafeprensa.com.ar\/wp-content\/uploads\/2025\/10\/se-durmio-russo-768x483.jpeg 768w, https:\/\/cafeprensa.com.ar\/wp-content\/uploads\/2025\/10\/se-durmio-russo.jpeg 1170w\" sizes=\"auto, (max-width: 1024px) 100vw, 1024px\" \/><\/strong><\/p>\n<p data-start=\"2065\" data-end=\"2216\">El entorno del club y el mundo del f\u00fatbol argentino manifestaron su apoyo al hist\u00f3rico entrenador, esperando una pronta mejora en su estado de salud.<\/p>\n<\/div>\n<\/div>\n","protected":false},"excerpt":{"rendered":"<p>El club confirm\u00f3 que el entrenador atraviesa una internaci\u00f3n domiciliaria bajo atenci\u00f3n m\u00e9dica permanente. Claudio \u00dabeda asumi\u00f3 temporalmente la conducci\u00f3n del plantel. El Club Atl\u00e9tico Boca Juniors public\u00f3 su primer comunicado oficial sobre el estado de salud de Miguel \u00c1ngel Russo, quien no estuvo presente este domingo en el partido ante Newell&#8217;s en la Bombonera. &hellip;<\/p>\n","protected":false},"author":2,"featured_media":11686,"comment_status":"open","ping_status":"open","sticky":false,"template":"","format":"standard","meta":{"footnotes":""},"categories":[294,33],"tags":[2568],"class_list":["post-11685","post","type-post","status-publish","format-standard","has-post-thumbnail","hentry","category-futbol","category-nacionales","tag-miguel-angel-russo"],"_links":{"self":[{"href":"https:\/\/cafeprensa.com.ar\/index.php\/wp-json\/wp\/v2\/posts\/11685","targetHints":{"allow":["GET"]}}],"collection":[{"href":"https:\/\/cafeprensa.com.ar\/index.php\/wp-json\/wp\/v2\/posts"}],"about":[{"href":"https:\/\/cafeprensa.com.ar\/index.php\/wp-json\/wp\/v2\/types\/post"}],"author":[{"embeddable":true,"href":"https:\/\/cafeprensa.com.ar\/index.php\/wp-json\/wp\/v2\/users\/2"}],"replies":[{"embeddable":true,"href":"https:\/\/cafeprensa.com.ar\/index.php\/wp-json\/wp\/v2\/comments?post=11685"}],"version-history":[{"count":1,"href":"https:\/\/cafeprensa.com.ar\/index.php\/wp-json\/wp\/v2\/posts\/11685\/revisions"}],"predecessor-version":[{"id":11688,"href":"https:\/\/cafeprensa.com.ar\/index.php\/wp-json\/wp\/v2\/posts\/11685\/revisions\/11688"}],"wp:featuredmedia":[{"embeddable":true,"href":"https:\/\/cafeprensa.com.ar\/index.php\/wp-json\/wp\/v2\/media\/11686"}],"wp:attachment":[{"href":"https:\/\/cafeprensa.com.ar\/index.php\/wp-json\/wp\/v2\/media?parent=11685"}],"wp:term":[{"taxonomy":"category","embeddable":true,"href":"https:\/\/cafeprensa.com.ar\/index.php\/wp-json\/wp\/v2\/categories?post=11685"},{"taxonomy":"post_tag","embeddable":true,"href":"https:\/\/cafeprensa.com.ar\/index.php\/wp-json\/wp\/v2\/tags?post=11685"}],"curies":[{"name":"wp","href":"https:\/\/api.w.org\/{rel}","templated":true}]}}