{"id":11694,"date":"2025-10-07T12:44:31","date_gmt":"2025-10-07T10:44:31","guid":{"rendered":"https:\/\/cafeprensa.com.ar\/?p=11694"},"modified":"2025-10-07T12:52:54","modified_gmt":"2025-10-07T10:52:54","slug":"el-poder-judicial-de-tucuman-un-entramado-de-corrupcion-impunidad-y-poder-politico","status":"publish","type":"post","link":"https:\/\/cafeprensa.com.ar\/index.php\/2025\/10\/07\/el-poder-judicial-de-tucuman-un-entramado-de-corrupcion-impunidad-y-poder-politico\/","title":{"rendered":"El Poder Judicial de Tucum\u00e1n: un entramado de corrupci\u00f3n, impunidad y poder pol\u00edtico"},"content":{"rendered":"<div class=\"the-post-header s-head-modern s-head-modern-a has-share-meta-right\">\n<div class=\"post-meta post-meta-a post-meta-left post-meta-single has-below\"><em>C\u00f3mo fue la degradaci\u00f3n del Poder Judicial de Tucum\u00e1n, desde 2003 hasta la actualidad. Durante seis a\u00f1os, Alperovich y su brazo ejecutor judicial generaron vacantes en los despachos y designaron magistrados a dedo.<\/em><\/div>\n<\/div>\n<div class=\"the-post s-post-modern\">\n<article id=\"post-79488\" class=\"post-79488 post type-post status-publish format-standard has-post-thumbnail category-tucuman category-z4-destacada tag-edmundo-jimenez tag-jose-alperovich tag-poder-judicial tag-zar-tucumano\">\n<div class=\"post-content-wrap has-share-float\">\n<div class=\"post-content cf entry-content content-spacious\">\n<p><strong>TUCUMAN.- Desde antes de ser gobernador, Jos\u00e9 Alperovich ten\u00eda p\u00e1nico al Poder Judicial. La extinta fiscal\u00eda anticorrupci\u00f3n, con Esteban Jerez a la cabeza, avanzaba sin pausa en denuncias de corrupci\u00f3n que lo involucraban directamente a \u00e9l y a sus familiares directos.<\/strong><\/p>\n<p>Es por eso que durante los primeros a\u00f1os de Jos\u00e9 Alperovich en la gobernaci\u00f3n se perfeccion\u00f3 un sistema de control que, hasta hoy, condiciona la independencia de jueces y fiscales. En el centro de esa trama aparece un nombre que se repite: <strong>Edmundo \u201cPirincho\u201d Jim\u00e9nez.<\/strong><\/p>\n<p><strong>Las causas inc\u00f3modas que se esfumaron<\/strong><br \/>\nAntes de llegar a la Casa de Gobierno, Alperovich y su entorno familiar arrastraban varias causas judiciales de alto impacto:<\/p>\n<p><strong>Fundaci\u00f3n PIBE<\/strong>: se investigaba el desv\u00edo de fondos de publicidad oficial hacia una fundaci\u00f3n vinculada a <strong>Beatriz Rojk\u00e9s, esposa de Alperovich.<\/strong> Tres agencias de publicidad estaban en la trama: Dellagalera, Magritte y Clich\u00e9. El juez Francisco Pisa cerr\u00f3 la causa en 2004, ya con Alperovich en el poder. Pisa es el mismo magistrado destituido en 2021 tras el esc\u00e1ndalo del femicidio de Paola Tacacho.<\/p>\n<p><strong>Bonos Mellizos<\/strong>: investigaci\u00f3n por la emisi\u00f3n de BOCADES con numeraci\u00f3n duplicada, cuando Alperovich era ministro de Econom\u00eda.<\/p>\n<p><strong>Ley Dinar<\/strong>: en 2001 el fiscal anticorrupci\u00f3n Esteban Jerez analiz\u00f3 si hubo irregularidades en la operaci\u00f3n que permiti\u00f3 a la firma Dinar adquirir 38 millones de d\u00f3lares en deuda p\u00fablica y escapar a la pesificaci\u00f3n, generando un perjuicio multimillonario al Estado.<\/p>\n<p><strong>Lomas de Taf\u00ed<\/strong>: sobreprecios en la construcci\u00f3n de viviendas y desv\u00edo de tierras. Las casas se entregaban sin terminaciones b\u00e1sicas pero con costos de viviendas de country. Adem\u00e1s, Alperovich hab\u00eda logrado aceitar una relaci\u00f3n con la Casa Rosada para quitar cupos de viviendas a provincias opositoras como San Luis y Neuqu\u00e9n y que lleguen a Tucum\u00e1n.<\/p>\n<p><strong>El decreto que borr\u00f3 al CAM<\/strong><br \/>\nEl 22 de diciembre de 2003, apenas 60 d\u00edas despu\u00e9s de asumir y a tres d\u00edas de la Navidad, Alperovich firm\u00f3 un decreto que derog\u00f3 el Consejo Asesor de la Magistratura, reemplaz\u00e1ndolo por un sistema discrecional que le permiti\u00f3 designar jueces y fiscales a dedo. Entre 2003 y 2009, los nombramientos judiciales respondieron exclusivamente a la voluntad del Ejecutivo.<\/p>\n<p>Reci\u00e9n en 2006, la reforma constitucional volvi\u00f3 a incorporar el Consejo Asesor de la Magistratura (art. 101), y en 2009 se sancion\u00f3 la ley que lo reglament\u00f3. Pero durante ese vac\u00edo institucional, el gobernador construy\u00f3 su propia red de lealtades en los Tribunales.<\/p>\n<p><strong>En ese contexto, fue clave que la causa por violaci\u00f3n contra Alperovich se haya tramitado en los tribunales de Buenos Aires. Si la causa se instru\u00eda en Tucum\u00e1n, seguramente hoy Alperovich no estar\u00eda preso.<\/strong><\/p>\n<p>En medio de esa transici\u00f3n, en 2007, Alperovich negoci\u00f3 con N\u00e9stor Kirchner que los jueces provinciales se jubilaran con el 82% m\u00f3vil, un beneficio equiparado al de los magistrados federales. <strong>El acuerdo fue rubricado entre Alfredo Carlos Dato, presidente de la Corte tucumana, y Sergio Massa, entonces titular de ANSES.<\/strong><\/p>\n<p>Esta medida provoc\u00f3 casi un centenar de vacantes en los despachos judiciales que fueron cubiertos a dedo por Alperovich, y con la injerencia directa de quien fuera su <strong>ministro de Gobierno y Justicia, Edmundo Jim\u00e9nez. Ese mismo a\u00f1o se produjo otro movimiento clave: Antonio Estof\u00e1n, hasta entonces fiscal de Estado, jur\u00f3 como vocal de la Corte en reemplazo de Alfredo Dato<\/strong>, quien renunci\u00f3 a la Corte Suprema para ser candidato a diputado nacional por el Frente para la Victoria.<\/p>\n<p><strong>El poder en la sombra<\/strong><br \/>\nMientras los nombres cambiaban, Jim\u00e9nez permaneci\u00f3. Conocido en los pasillos como \u201cPirincho\u201d, construy\u00f3 un entramado de control sobre las causas y los nombramientos que lo convirti\u00f3 en el verdadero operador judicial de Tucum\u00e1n. Fuentes coinciden en se\u00f1alar que sabe qui\u00e9n entra y qui\u00e9n sale de Tribunales, qu\u00e9 expedientes se mueven y cu\u00e1les se cajonean.<\/p>\n<p>Todas las causas hoy pasan por el despacho de Pirincho Jim\u00e9nez. La explicaci\u00f3n que repiten exfiscales, exjueces y abogados consultados es la misma: ninguna investigaci\u00f3n se mueve sin la venia de Edmundo Jim\u00e9nez. La gran inc\u00f3gnita es si <strong>Edmundo Jim\u00e9nez decidi\u00f3 avanzar con una velocidad inusitada en una falsa denuncia contra el diputado nacional Carlos Cisneros y los abogados Patricia Neme y Franco Venditti, entre otras personas, o si fue por un pedido de su antiguo jefe Alperovich.<\/strong><\/p>\n<p>La historia reciente del Poder Judicial tucumano est\u00e1 marcada por maniobras de control pol\u00edtico, beneficios corporativos y designaciones a medida. <strong>La consecuencia fue un sistema incapaz de dar respuesta a las grandes causas de corrupci\u00f3n y a los reclamos de justicia de la sociedad.<\/strong> Lo que comenz\u00f3 como un mecanismo de autoprotecci\u00f3n del poder pol\u00edtico termin\u00f3 por consolidar una estructura de impunidad que a\u00fan hoy condiciona el funcionamiento de la Justicia en Tucum\u00e1n.<\/p>\n<div class=\"wp-block-post-author__avatar\"><img loading=\"lazy\" decoding=\"async\" class=\"avatar avatar-48 photo\" src=\"https:\/\/secure.gravatar.com\/avatar\/dc9f4426dc237966fe17a26bf881409f9e7c6e11ac49e3c7113a5909cc1b13b2?s=48&amp;d=mm&amp;r=g\" srcset=\"https:\/\/secure.gravatar.com\/avatar\/dc9f4426dc237966fe17a26bf881409f9e7c6e11ac49e3c7113a5909cc1b13b2?s=96&amp;d=mm&amp;r=g 2x\" alt=\"\" width=\"48\" height=\"48\" \/><span style=\"font-size: 8pt;\"><strong>EL FEDERAL NOTICIAS &#8211; Jos\u00e9 Sbrocco<\/strong><\/span><\/div>\n<div><\/div>\n<\/div>\n<\/div>\n<\/article>\n<\/div>\n","protected":false},"excerpt":{"rendered":"<p>C\u00f3mo fue la degradaci\u00f3n del Poder Judicial de Tucum\u00e1n, desde 2003 hasta la actualidad. Durante seis a\u00f1os, Alperovich y su brazo ejecutor judicial generaron vacantes en los despachos y designaron magistrados a dedo. TUCUMAN.- Desde antes de ser gobernador, Jos\u00e9 Alperovich ten\u00eda p\u00e1nico al Poder Judicial. La extinta fiscal\u00eda anticorrupci\u00f3n, con Esteban Jerez a la &hellip;<\/p>\n","protected":false},"author":2,"featured_media":11695,"comment_status":"open","ping_status":"open","sticky":false,"template":"","format":"standard","meta":{"footnotes":""},"categories":[54,34],"tags":[2570,214,2571,2572],"class_list":["post-11694","post","type-post","status-publish","format-standard","has-post-thumbnail","hentry","category-interes-ganeral","category-locales","tag-edmundo-jimenez","tag-jose-alperovich","tag-poder-judicial","tag-zar-tucumano"],"_links":{"self":[{"href":"https:\/\/cafeprensa.com.ar\/index.php\/wp-json\/wp\/v2\/posts\/11694","targetHints":{"allow":["GET"]}}],"collection":[{"href":"https:\/\/cafeprensa.com.ar\/index.php\/wp-json\/wp\/v2\/posts"}],"about":[{"href":"https:\/\/cafeprensa.com.ar\/index.php\/wp-json\/wp\/v2\/types\/post"}],"author":[{"embeddable":true,"href":"https:\/\/cafeprensa.com.ar\/index.php\/wp-json\/wp\/v2\/users\/2"}],"replies":[{"embeddable":true,"href":"https:\/\/cafeprensa.com.ar\/index.php\/wp-json\/wp\/v2\/comments?post=11694"}],"version-history":[{"count":3,"href":"https:\/\/cafeprensa.com.ar\/index.php\/wp-json\/wp\/v2\/posts\/11694\/revisions"}],"predecessor-version":[{"id":11698,"href":"https:\/\/cafeprensa.com.ar\/index.php\/wp-json\/wp\/v2\/posts\/11694\/revisions\/11698"}],"wp:featuredmedia":[{"embeddable":true,"href":"https:\/\/cafeprensa.com.ar\/index.php\/wp-json\/wp\/v2\/media\/11695"}],"wp:attachment":[{"href":"https:\/\/cafeprensa.com.ar\/index.php\/wp-json\/wp\/v2\/media?parent=11694"}],"wp:term":[{"taxonomy":"category","embeddable":true,"href":"https:\/\/cafeprensa.com.ar\/index.php\/wp-json\/wp\/v2\/categories?post=11694"},{"taxonomy":"post_tag","embeddable":true,"href":"https:\/\/cafeprensa.com.ar\/index.php\/wp-json\/wp\/v2\/tags?post=11694"}],"curies":[{"name":"wp","href":"https:\/\/api.w.org\/{rel}","templated":true}]}}