{"id":11702,"date":"2025-10-07T13:09:41","date_gmt":"2025-10-07T11:09:41","guid":{"rendered":"https:\/\/cafeprensa.com.ar\/?p=11702"},"modified":"2025-10-07T13:09:50","modified_gmt":"2025-10-07T11:09:50","slug":"jaldo-encabeza-actos-oficiales-a-pesar-de-su-licencia-como-candidato-testimonial","status":"publish","type":"post","link":"https:\/\/cafeprensa.com.ar\/index.php\/2025\/10\/07\/jaldo-encabeza-actos-oficiales-a-pesar-de-su-licencia-como-candidato-testimonial\/","title":{"rendered":"Jaldo encabeza actos oficiales a pesar de su licencia como candidato testimonial"},"content":{"rendered":"<div class=\"the-post-header s-head-modern s-head-modern-a has-share-meta-right\">\n<div class=\"post-meta post-meta-a post-meta-left post-meta-single has-below\"><em>Paula Omodeo y Sebasti\u00e1n Murga cuestionaron al gobernador por encabezar actos oficiales mientras se apart\u00f3 del cargo para competir en octubre.<\/em><\/div>\n<\/div>\n<div class=\"single-featured\">Paula Omodeo y Sebasti\u00e1n Murga cuestionaron al gobernador por encabezar actos oficiales mientras se apart\u00f3 del cargo para competir en octubre.<img loading=\"lazy\" decoding=\"async\" class=\"alignnone wp-image-11706 size-large\" src=\"https:\/\/cafeprensa.com.ar\/wp-content\/uploads\/2025\/10\/WhatsApp-Image-2025-07-19-at-16.00.41-1024x768.jpeg\" alt=\"\" width=\"1024\" height=\"768\" srcset=\"https:\/\/cafeprensa.com.ar\/wp-content\/uploads\/2025\/10\/WhatsApp-Image-2025-07-19-at-16.00.41-1024x768.jpeg 1024w, https:\/\/cafeprensa.com.ar\/wp-content\/uploads\/2025\/10\/WhatsApp-Image-2025-07-19-at-16.00.41-300x225.jpeg 300w, https:\/\/cafeprensa.com.ar\/wp-content\/uploads\/2025\/10\/WhatsApp-Image-2025-07-19-at-16.00.41-768x576.jpeg 768w, https:\/\/cafeprensa.com.ar\/wp-content\/uploads\/2025\/10\/WhatsApp-Image-2025-07-19-at-16.00.41-1536x1152.jpeg 1536w, https:\/\/cafeprensa.com.ar\/wp-content\/uploads\/2025\/10\/WhatsApp-Image-2025-07-19-at-16.00.41.jpeg 1600w\" sizes=\"auto, (max-width: 1024px) 100vw, 1024px\" \/><\/div>\n<div class=\"the-post s-post-modern\">\n<article id=\"post-79483\" class=\"post-79483 post type-post status-publish format-standard has-post-thumbnail category-tucuman tag-paula-omodeo tag-sebastian-murga\">\n<div class=\"post-content-wrap has-share-float\">\n<div class=\"post-content cf entry-content content-spacious\">\n<p>La licencia otorgada al gobernador Osvaldo Jaldo para ponerse al frente de la campa\u00f1a electoral sigue generando pol\u00e9mica. Pese a haberse apartado de sus funciones, el mandatario encabez\u00f3 actos oficiales, lo que desat\u00f3 cr\u00edticas desde la oposici\u00f3n. La diputada nacional Paula Omodeo cuestion\u00f3 la contradicci\u00f3n: \u201cQue el gobernador Jaldo pida licencia y despu\u00e9s aparezca encabezando actos oficiales en Alberdi es una burla a los tucumanos. Dej\u00f3 sus funciones para hacer campa\u00f1a, pero sigue haciendo actos como gobernador.\u201d<img loading=\"lazy\" decoding=\"async\" class=\"alignnone wp-image-11704 size-large\" src=\"https:\/\/cafeprensa.com.ar\/wp-content\/uploads\/2025\/10\/omodeo-portadas-1024x683.jpg\" alt=\"\" width=\"1024\" height=\"683\" srcset=\"https:\/\/cafeprensa.com.ar\/wp-content\/uploads\/2025\/10\/omodeo-portadas-1024x683.jpg 1024w, https:\/\/cafeprensa.com.ar\/wp-content\/uploads\/2025\/10\/omodeo-portadas-300x200.jpg 300w, https:\/\/cafeprensa.com.ar\/wp-content\/uploads\/2025\/10\/omodeo-portadas-768x512.jpg 768w, https:\/\/cafeprensa.com.ar\/wp-content\/uploads\/2025\/10\/omodeo-portadas-1536x1024.jpg 1536w, https:\/\/cafeprensa.com.ar\/wp-content\/uploads\/2025\/10\/omodeo-portadas.jpg 1599w\" sizes=\"auto, (max-width: 1024px) 100vw, 1024px\" \/><\/p>\n<p>La parlamentaria advirti\u00f3 que esta situaci\u00f3n refleja el uso pol\u00edtico del Estado: \u201cCon estas maniobras, el oficialismo mezcla campa\u00f1a y gesti\u00f3n, y deja claro que act\u00faa como si el Estado fuera suyo. Desde CREO exigimos que la licencia sea efectiva o que no la haga. Porque no puede ser que los tucumanos suframos esa farsa justo a un mes de las elecciones.\u201d<\/p>\n<p>En la misma l\u00ednea, Sebasti\u00e1n Murga, fundador de CREO y candidato a diputado, remarc\u00f3 la gravedad del caso:<strong> \u201cSi el gobernador Jaldo est\u00e1 de licencia, deber\u00eda desaparecer del mapa p\u00fablico. Pero no, sigue encabezando actos oficiales. Tiene licencia para no gobernar, pero presencia en actos de gesti\u00f3n de gobierno para hacer campa\u00f1a. As\u00ed se perpet\u00faa la trampa. En CREO decimos basta a estas pr\u00e1cticas.\u201d<\/strong><\/p>\n<\/div>\n<\/div>\n<\/article>\n<\/div>\n","protected":false},"excerpt":{"rendered":"<p>Paula Omodeo y Sebasti\u00e1n Murga cuestionaron al gobernador por encabezar actos oficiales mientras se apart\u00f3 del cargo para competir en octubre. Paula Omodeo y Sebasti\u00e1n Murga cuestionaron al gobernador por encabezar actos oficiales mientras se apart\u00f3 del cargo para competir en octubre. La licencia otorgada al gobernador Osvaldo Jaldo para ponerse al frente de la &hellip;<\/p>\n","protected":false},"author":2,"featured_media":11703,"comment_status":"open","ping_status":"open","sticky":false,"template":"","format":"standard","meta":{"footnotes":""},"categories":[34,25],"tags":[2573],"class_list":["post-11702","post","type-post","status-publish","format-standard","has-post-thumbnail","hentry","category-locales","category-politica","tag-paula-omodeo-y-sebastian-murga"],"_links":{"self":[{"href":"https:\/\/cafeprensa.com.ar\/index.php\/wp-json\/wp\/v2\/posts\/11702","targetHints":{"allow":["GET"]}}],"collection":[{"href":"https:\/\/cafeprensa.com.ar\/index.php\/wp-json\/wp\/v2\/posts"}],"about":[{"href":"https:\/\/cafeprensa.com.ar\/index.php\/wp-json\/wp\/v2\/types\/post"}],"author":[{"embeddable":true,"href":"https:\/\/cafeprensa.com.ar\/index.php\/wp-json\/wp\/v2\/users\/2"}],"replies":[{"embeddable":true,"href":"https:\/\/cafeprensa.com.ar\/index.php\/wp-json\/wp\/v2\/comments?post=11702"}],"version-history":[{"count":2,"href":"https:\/\/cafeprensa.com.ar\/index.php\/wp-json\/wp\/v2\/posts\/11702\/revisions"}],"predecessor-version":[{"id":11708,"href":"https:\/\/cafeprensa.com.ar\/index.php\/wp-json\/wp\/v2\/posts\/11702\/revisions\/11708"}],"wp:featuredmedia":[{"embeddable":true,"href":"https:\/\/cafeprensa.com.ar\/index.php\/wp-json\/wp\/v2\/media\/11703"}],"wp:attachment":[{"href":"https:\/\/cafeprensa.com.ar\/index.php\/wp-json\/wp\/v2\/media?parent=11702"}],"wp:term":[{"taxonomy":"category","embeddable":true,"href":"https:\/\/cafeprensa.com.ar\/index.php\/wp-json\/wp\/v2\/categories?post=11702"},{"taxonomy":"post_tag","embeddable":true,"href":"https:\/\/cafeprensa.com.ar\/index.php\/wp-json\/wp\/v2\/tags?post=11702"}],"curies":[{"name":"wp","href":"https:\/\/api.w.org\/{rel}","templated":true}]}}