{"id":11762,"date":"2025-10-11T16:21:05","date_gmt":"2025-10-11T14:21:05","guid":{"rendered":"https:\/\/cafeprensa.com.ar\/?p=11762"},"modified":"2025-10-11T16:21:05","modified_gmt":"2025-10-11T14:21:05","slug":"pelli-si-no-hay-ningun-contratiempo-milei-estara-en-la-provincia-el-sabado-18-de-octubre","status":"publish","type":"post","link":"https:\/\/cafeprensa.com.ar\/index.php\/2025\/10\/11\/pelli-si-no-hay-ningun-contratiempo-milei-estara-en-la-provincia-el-sabado-18-de-octubre\/","title":{"rendered":"Pelli: \u00abSi no hay ning\u00fan contratiempo, Milei estar\u00e1 en la provincia el s\u00e1bado 18 de octubre\u201d."},"content":{"rendered":"<p data-start=\"285\" data-end=\"548\">El candidato a diputado por <strong data-start=\"313\" data-end=\"341\">La Libertad Avanza (LLA)<\/strong>, <strong data-start=\"343\" data-end=\"361\">Federico Pelli<\/strong>, dialog\u00f3 con <em data-start=\"375\" data-end=\"388\">Caf\u00e9 Prensa<\/em> y se refiri\u00f3 a la posible visita del presidente <strong data-start=\"437\" data-end=\"453\">Javier Milei<\/strong> a Tucum\u00e1n. Adem\u00e1s, analiz\u00f3 el contexto pol\u00edtico actual de cara a las elecciones intermedias.<\/p>\n<p data-start=\"550\" data-end=\"991\">Pelli confirm\u00f3 que existe la intenci\u00f3n de que el mandatario nacional llegue a la provincia y adelant\u00f3 que \u201chay una idea de que el presidente est\u00e9 en Tucum\u00e1n; si no hay ning\u00fan contratiempo, estar\u00e1 en la provincia el s\u00e1bado 18 de octubre\u201d. Seg\u00fan explic\u00f3, la organizaci\u00f3n del evento depender\u00e1 de la confirmaci\u00f3n oficial: \u201cSi Milei asiste, habr\u00e1 un acto y, en caso de que no asista, veremos c\u00f3mo sigue la agenda territorial ese d\u00eda\u201d, anticip\u00f3.<\/p>\n<p data-start=\"993\" data-end=\"1602\">El referente libertario se mostr\u00f3 confiado respecto del posible recibimiento del presidente y descart\u00f3 que puedan generarse conflictos. \u201cNo tengo preocupaci\u00f3n alguna de que tengamos alguna reacci\u00f3n en Tucum\u00e1n, porque son grupos organizados del kirchnerismo y de la izquierda que buscan generar conflicto\u201d, se\u00f1al\u00f3. Adem\u00e1s, asegur\u00f3 que la seguridad estar\u00e1 garantizada, ya que \u201cestar\u00e1 Casa Militar a cargo de la seguridad, as\u00ed que no habr\u00e1 problemas\u201d. En ese sentido, destac\u00f3 el apoyo local al mandatario: \u201cLa gente lo pide a Milei hace meses, as\u00ed que no tengo duda de que tendr\u00e1 un buen recibimiento\u201d, afirm\u00f3.<\/p>\n<p data-start=\"1604\" data-end=\"2212\">Al analizar los criterios de la campa\u00f1a, Pelli explic\u00f3 que \u201cel criterio son las provincias que eligen diputados y senadores, pero tambi\u00e9n en base al volumen electoral, por lo que cae de maduro que Tucum\u00e1n ser\u00e1 un punto de visita\u201d. Tambi\u00e9n destac\u00f3 el escenario pol\u00edtico provincial y asegur\u00f3 que \u201cm\u00e1s all\u00e1 de las encuestas, hay una polarizaci\u00f3n del frente kirchnerista de Jaldo y La Libertad Avanza como opci\u00f3n opositora\u201d. En ese contexto, se mostr\u00f3 optimista respecto del resultado electoral: \u201cEstamos confiados en que esto ser\u00e1 un dos a dos, por lo que Soledad Molinuevo entrar\u00e1 al Congreso acompa\u00f1\u00e1ndome\u201d.<\/p>\n<p data-start=\"2214\" data-end=\"2655\">El candidato destac\u00f3 el trabajo territorial que su espacio viene desarrollando en las \u00faltimas semanas. \u201cNunca fui candidato previamente, por lo que nuestro objetivo es hacernos conocidos, posicionar al equipo, y la gente ve con buenos ojos esta propuesta que no somos los mismos de siempre\u201d, coment\u00f3. Adem\u00e1s, detall\u00f3 que \u201cnos reunimos con sectores estrat\u00e9gicos de la provincia\u201d como parte de la estrategia de instalaci\u00f3n de su candidatura.<\/p>\n<p data-start=\"2657\" data-end=\"3092\">En cuanto a los temas que buscar\u00e1 impulsar desde el Congreso, Pelli precis\u00f3 que \u201cllevar\u00eda dos ejes de trabajo: el primero ser\u00e1 apoyar las iniciativas del Gobierno nacional, donde se discutir\u00e1n cuestiones claves como la reforma impositiva y laboral, que provocar\u00e1 m\u00e1s inversi\u00f3n y trabajo en blanco\u201d. Tambi\u00e9n adelant\u00f3 que su segundo eje ser\u00e1 la seguridad, \u201ccon tolerancia cero al delito, como baja de imputabilidad, entre otros temas\u201d.<\/p>\n<p data-start=\"3094\" data-end=\"3557\">Finalmente, el dirigente se refiri\u00f3 a la repercusi\u00f3n medi\u00e1tica de los audios de <strong data-start=\"3174\" data-end=\"3190\">Karina Milei<\/strong> y la renuncia de <strong data-start=\"3208\" data-end=\"3228\">Jos\u00e9 Luis Espert<\/strong>, relativizando su impacto dentro del espacio libertario. \u201cAlgo impactaron, pero no es tan grave como algunos medios quieren operar dando a entender que LLA est\u00e1 desplom\u00e1ndose\u201d, expres\u00f3. Y concluy\u00f3 afirmando que \u201cEspert renunci\u00f3 y, como espacio, no somos iguales al kirchnerismo, porque aqu\u00ed hicimos lo que ten\u00edamos que hacer\u201d.<\/p>\n","protected":false},"excerpt":{"rendered":"<p>El candidato a diputado por La Libertad Avanza (LLA), Federico Pelli, dialog\u00f3 con Caf\u00e9 Prensa y se refiri\u00f3 a la posible visita del presidente Javier Milei a Tucum\u00e1n. Adem\u00e1s, analiz\u00f3 el contexto pol\u00edtico actual de cara a las elecciones intermedias. Pelli confirm\u00f3 que existe la intenci\u00f3n de que el mandatario nacional llegue a la provincia &hellip;<\/p>\n","protected":false},"author":2,"featured_media":11763,"comment_status":"open","ping_status":"open","sticky":false,"template":"","format":"standard","meta":{"footnotes":""},"categories":[34],"tags":[2582,2005,2236,200,408,2372,160],"class_list":["post-11762","post","type-post","status-publish","format-standard","has-post-thumbnail","hentry","category-locales","tag-campana-electoral","tag-elecciones-intermedias","tag-federico-pelli","tag-javier-milei","tag-la-libertad-avanza","tag-soledad-molinuevo","tag-tucuman"],"_links":{"self":[{"href":"https:\/\/cafeprensa.com.ar\/index.php\/wp-json\/wp\/v2\/posts\/11762","targetHints":{"allow":["GET"]}}],"collection":[{"href":"https:\/\/cafeprensa.com.ar\/index.php\/wp-json\/wp\/v2\/posts"}],"about":[{"href":"https:\/\/cafeprensa.com.ar\/index.php\/wp-json\/wp\/v2\/types\/post"}],"author":[{"embeddable":true,"href":"https:\/\/cafeprensa.com.ar\/index.php\/wp-json\/wp\/v2\/users\/2"}],"replies":[{"embeddable":true,"href":"https:\/\/cafeprensa.com.ar\/index.php\/wp-json\/wp\/v2\/comments?post=11762"}],"version-history":[{"count":1,"href":"https:\/\/cafeprensa.com.ar\/index.php\/wp-json\/wp\/v2\/posts\/11762\/revisions"}],"predecessor-version":[{"id":11764,"href":"https:\/\/cafeprensa.com.ar\/index.php\/wp-json\/wp\/v2\/posts\/11762\/revisions\/11764"}],"wp:featuredmedia":[{"embeddable":true,"href":"https:\/\/cafeprensa.com.ar\/index.php\/wp-json\/wp\/v2\/media\/11763"}],"wp:attachment":[{"href":"https:\/\/cafeprensa.com.ar\/index.php\/wp-json\/wp\/v2\/media?parent=11762"}],"wp:term":[{"taxonomy":"category","embeddable":true,"href":"https:\/\/cafeprensa.com.ar\/index.php\/wp-json\/wp\/v2\/categories?post=11762"},{"taxonomy":"post_tag","embeddable":true,"href":"https:\/\/cafeprensa.com.ar\/index.php\/wp-json\/wp\/v2\/tags?post=11762"}],"curies":[{"name":"wp","href":"https:\/\/api.w.org\/{rel}","templated":true}]}}