{"id":11778,"date":"2025-10-13T16:07:07","date_gmt":"2025-10-13T14:07:07","guid":{"rendered":"https:\/\/cafeprensa.com.ar\/?p=11778"},"modified":"2025-10-13T16:07:07","modified_gmt":"2025-10-13T14:07:07","slug":"a-horas-de-conocerse-la-venta-oficial-de-telefe-dos-grupos-locales-se-disputan-el-negocio-mano-a-mano","status":"publish","type":"post","link":"https:\/\/cafeprensa.com.ar\/index.php\/2025\/10\/13\/a-horas-de-conocerse-la-venta-oficial-de-telefe-dos-grupos-locales-se-disputan-el-negocio-mano-a-mano\/","title":{"rendered":"A horas de conocerse la venta oficial de Telefe, dos grupos locales se disputan el negocio mano a mano"},"content":{"rendered":"<div class=\"article__header max-width-md\">\n<p class=\"article__headline\">Si bien se estima que la estadounidense Paramount optar\u00eda por la mayor oferta del mercado, est\u00e1 en an\u00e1lisis el escenario completo de la venta del gigante de la pantalla argentina.<\/p>\n<\/div>\n<div class=\"col-fluid col-fluid-max col-fluid--clip\">\n<div class=\"article__main max-width-md\">\n<div class=\"article__wrapper\">\n<div id=\"article-content\" class=\"article__content standard\">\n<p><strong>Paramount<\/strong>\u00a0Global, due\u00f1a de la se\u00f1al televisiva argentina\u00a0<strong>Telefe<\/strong>,\u00a0<a href=\"https:\/\/www.perfil.com\/noticias\/economia\/la-venta-de-telefe-uno-de-los-gigantes-de-la-tv-argentina-entro-en-fase-de-definicion.phtml\" target=\"_blank\" rel=\"noopener\"><strong>anunciar\u00e1 la venta del canal<\/strong><\/a>\u00a0y de sus activos en el pa\u00eds a\u00a0<strong>mediados de esta semana<\/strong>\u00a0o la pr\u00f3xima. Si bien existe un candidato que\u00a0<strong>ofreci\u00f3 m\u00e1s de USD 100 millones<\/strong>\u00a0y que mantiene altas posibilidades de quedarse con el atractivo negocio, la empresa norteamericana\u00a0<strong>todav\u00eda analiza una segunda opci\u00f3n<\/strong>\u00a0por un monto menor, pero en mejores condiciones de pago, por lo que se tom\u00f3 toda la primera quincena de octubre para informar su decisi\u00f3n.<img loading=\"lazy\" decoding=\"async\" class=\"alignnone wp-image-11780 size-large\" src=\"https:\/\/cafeprensa.com.ar\/wp-content\/uploads\/2025\/10\/573426_landscape-1024x575.webp\" alt=\"\" width=\"1024\" height=\"575\" srcset=\"https:\/\/cafeprensa.com.ar\/wp-content\/uploads\/2025\/10\/573426_landscape-1024x575.webp 1024w, https:\/\/cafeprensa.com.ar\/wp-content\/uploads\/2025\/10\/573426_landscape-300x169.webp 300w, https:\/\/cafeprensa.com.ar\/wp-content\/uploads\/2025\/10\/573426_landscape-768x431.webp 768w, https:\/\/cafeprensa.com.ar\/wp-content\/uploads\/2025\/10\/573426_landscape-390x220.webp 390w, https:\/\/cafeprensa.com.ar\/wp-content\/uploads\/2025\/10\/573426_landscape.webp 1200w\" sizes=\"auto, (max-width: 1024px) 100vw, 1024px\" \/><\/p>\n<p>Distintas fuentes que participan de la negociaci\u00f3n confiaron que el\u00a0<strong>pr\u00f3ximo jueves ser\u00eda el\u00a0<em>deadline<\/em><\/strong>\u00a0que dej\u00f3 trascender Paramount para informar de manera oficial el resultado de la licitaci\u00f3n que tiene a\u00a0<strong>dos grupos en el\u00a0<em>sprint<\/em>\u00a0final<\/strong>\u00a0por quedarse con el canal de aire con mayor encendido del pa\u00eds. Todos los jugadores que participaron de la compulsa son de\u00a0<strong>capitales nacionales<\/strong>\u00a0y, en el medio, se colaron\u00a0<strong>presiones pol\u00edticas\u00a0<\/strong>para lograr que la firma estadounidense deje en manos de\u00a0<strong>\u201cempresarios amigos\u201d del Gobierno<\/strong> libertario al medio de comunicaci\u00f3n.<\/p>\n<p>Si bien d\u00edas atr\u00e1s trascendi\u00f3 que el\u00a0<strong>grupo Televisi\u00f3n Litoral<\/strong>, que comanda el empresario\u00a0<strong>Gustavo Scaglione<\/strong>, se qued\u00f3 con Telefe, desde Paramount aclararon que\u00a0<strong>a\u00fan no existe una definici\u00f3n oficial<\/strong>\u00a0y validaron la fecha de mediados de octubre como l\u00edmite para el anuncio de la licitaci\u00f3n que realiza la consultora Quantum Finanzas, que dirige el economista\u00a0<strong>Daniel Marx<\/strong>, y que fue contratada por Paramount para llevar a cabo el proceso de desinversi\u00f3n.<\/p>\n<h2>Dos candidatos firmes<\/h2>\n<p>La informaci\u00f3n que se distribuy\u00f3 en distintos medios de comunicaci\u00f3n est\u00e1 apalancada en una posibilidad muy firme, debido a que\u00a0<strong>Scaglione fue el mayor oferente de la compulsa<\/strong>. Seg\u00fan pudo saber este medio, el grupo Televisi\u00f3n Litoral puso sobre la mesa una\u00a0<strong>promesa de pago de casi USD 104 millones<\/strong>, aunque su forma de pago se estirar\u00eda por un t\u00e9rmino de casi dos a\u00f1os. Este punto gener\u00f3 ciertas tensiones en la definici\u00f3n.<\/p>\n<p>Quien est\u00e1 hasta \u00faltimo momento esperando tener un golpe de suerte es\u00a0<strong>Marcelo F\u00edgoli<\/strong>, titular del\u00a0<strong>grupo Alpha Media<\/strong>, que prometi\u00f3 poner\u00a0<strong>USD 80 millones en efectivo y otros USD 4 millones financiados<\/strong>. El due\u00f1o de las radios<em>\u00a0Rock and Pop, Rivadavia, Mega\u00a0<\/em>y\u00a0<em>Spendid<\/em>, entre otras, sabe que est\u00e1 en desventaja econ\u00f3mica, pero\u00a0<strong>tiene en su haber el manejo del mundo del espect\u00e1culo<\/strong>, tan importante en un canal que supo tener estrellas de primer nivel en su<em>\u00a0prime time<\/em>.<\/p>\n<p><strong>\u201cSu<em>\u00a0core business<\/em>\u00a0es Fenix Entertaiment Company<\/strong>, la productora que tiene un trato cotidiano con las estrellas de la m\u00fasica y del espect\u00e1culo m\u00e1s importantes del mundo que est\u00e1n en la Argentina. Es por eso que\u00a0<strong>tiene un trato distinto con Skydance Corporation<\/strong>, porque habla el mismo idioma\u201d, asegur\u00f3 a\u00a0<strong>PERFIL<\/strong>\u00a0un ejecutivo que est\u00e1 al tanto de las intenciones y de las expectativas que tiene F\u00edgoli de seducir a los vendedores para\u00a0<strong>\u201cmantener el formato dise\u00f1ado por la Paramount\u201d<\/strong>.<\/p>\n<h2>Las presiones de Javier Milei y el compliance de Paramount<\/h2>\n<p>Adem\u00e1s de Scaglione y F\u00edgoli, en la carrera por la compra de Telefe\u00a0<strong>estuvieron otros actores de peso<\/strong>, que tuvieron sus \u201cd\u00edas de fama\u201d. El \u00faltimo se\u00f1alado fue el grupo encabezado por\u00a0<strong>Tom\u00e1s Yankelevich<\/strong>, hijo del hist\u00f3rico director art\u00edstico del viejo canal 11 durante la d\u00e9cada del 90\u00a0<strong>Gustavo Yankelevich<\/strong>. La oferta qued\u00f3 muy lejos de las dos primeras y rond\u00f3 los\u00a0<strong>USD 60 millones<\/strong>, seg\u00fan pudo saber este medio. Su empat\u00eda con la historia de la se\u00f1al televisiva lo puso cerca del negocio e incluso la presentaci\u00f3n de ofertas debi\u00f3 ser pospuesta por el fallecimiento de M\u00eda, la hija de Tom\u00e1s, en un tr\u00e1gico accidente n\u00e1utico en Miami.<\/p>\n<p>En un primer momento, se crey\u00f3 cerrada la venta a un grupo conformado por la familia Werthein, de la rama del actual canciller\u00a0<strong>Gerardo Werthein<\/strong>, quien fue el encargado de reunir capitales de empresarios de muy buenos v\u00ednculos con el presidente\u00a0<a href=\"https:\/\/www.perfil.com\/noticias\/politica\/el-presidente-milei-viaja-este-lunes-a-estados-unidos-para-la-bilateral-con-donald-trump.phtml\" target=\"_blank\" rel=\"noopener\"><strong>Javier Milei<\/strong><\/a>, como el caso del due\u00f1o de IRSA,\u00a0<strong>Eduardo Elsztain<\/strong>.\u00a0<strong>\u201cEl propio Presidente intent\u00f3 intervenir para que Telefe quede en manos de empresarios amigos\u201d<\/strong>, confes\u00f3 una fuente muy vinculada con la operaci\u00f3n. Es m\u00e1s, antes de esa experiencia, se busc\u00f3 conformar un gran consorcio nacional para convivir, pero nadie quiso ceder el mando total.<\/p>\n<p>As\u00ed se encamin\u00f3 la\u00a0<strong>licitaci\u00f3n privada<\/strong>, que incluye no s\u00f3lo el\u00a0<strong>peso del personal<\/strong>\u00a0que se convirti\u00f3 en un \u201cproblema\u201d para los oferentes, sino tambi\u00e9n un entorno locatario millonario. Seg\u00fan fuentes que accedieron al \u201cdeck\u201d del negocio, s\u00f3lo\u00a0<strong>los terrenos que tiene en su poder la empresa en venta tiene un valor de USD 40 millones<\/strong>, en t\u00e9rminos inmobiliarios.<\/p>\n<p>En los pr\u00f3ximos d\u00edas se conocer\u00e1 de manera oficial la decisi\u00f3n de la venta, que tiene a\u00a0<strong>Scaglione en punta, pero que todav\u00eda mantiene en carrera a F\u00edgoli<\/strong>. Desde la empresa estadounidense evitaron respuestas sobre el estado de situaci\u00f3n del negocio, aunque las fuentes muy ligadas a la transacci\u00f3n dieron visto bueno a la continuidad de la evaluaci\u00f3n. Seg\u00fan se pudo saber , uno de los puntos que m\u00e1s pesar\u00e1 ser\u00e1<strong>\u00a0el cumplimiento del estricto\u00a0<em>compliance\u00a0<\/em>que tiene Paramount<\/strong>. \u201cNo le va a dejar el negocio a nadie que vaya en contra de los intereses de los estadounidenses\u201d, se\u00f1al\u00f3 un participante de la compulsa.<\/p>\n<\/div>\n<\/div>\n<\/div>\n<\/div>\n","protected":false},"excerpt":{"rendered":"<p>Si bien se estima que la estadounidense Paramount optar\u00eda por la mayor oferta del mercado, est\u00e1 en an\u00e1lisis el escenario completo de la venta del gigante de la pantalla argentina. Paramount\u00a0Global, due\u00f1a de la se\u00f1al televisiva argentina\u00a0Telefe,\u00a0anunciar\u00e1 la venta del canal\u00a0y de sus activos en el pa\u00eds a\u00a0mediados de esta semana\u00a0o la pr\u00f3xima. Si bien &hellip;<\/p>\n","protected":false},"author":2,"featured_media":11779,"comment_status":"open","ping_status":"open","sticky":false,"template":"","format":"standard","meta":{"footnotes":""},"categories":[28,33],"tags":[2172],"class_list":["post-11778","post","type-post","status-publish","format-standard","has-post-thumbnail","hentry","category-economia","category-nacionales","tag-telefe"],"_links":{"self":[{"href":"https:\/\/cafeprensa.com.ar\/index.php\/wp-json\/wp\/v2\/posts\/11778","targetHints":{"allow":["GET"]}}],"collection":[{"href":"https:\/\/cafeprensa.com.ar\/index.php\/wp-json\/wp\/v2\/posts"}],"about":[{"href":"https:\/\/cafeprensa.com.ar\/index.php\/wp-json\/wp\/v2\/types\/post"}],"author":[{"embeddable":true,"href":"https:\/\/cafeprensa.com.ar\/index.php\/wp-json\/wp\/v2\/users\/2"}],"replies":[{"embeddable":true,"href":"https:\/\/cafeprensa.com.ar\/index.php\/wp-json\/wp\/v2\/comments?post=11778"}],"version-history":[{"count":1,"href":"https:\/\/cafeprensa.com.ar\/index.php\/wp-json\/wp\/v2\/posts\/11778\/revisions"}],"predecessor-version":[{"id":11781,"href":"https:\/\/cafeprensa.com.ar\/index.php\/wp-json\/wp\/v2\/posts\/11778\/revisions\/11781"}],"wp:featuredmedia":[{"embeddable":true,"href":"https:\/\/cafeprensa.com.ar\/index.php\/wp-json\/wp\/v2\/media\/11779"}],"wp:attachment":[{"href":"https:\/\/cafeprensa.com.ar\/index.php\/wp-json\/wp\/v2\/media?parent=11778"}],"wp:term":[{"taxonomy":"category","embeddable":true,"href":"https:\/\/cafeprensa.com.ar\/index.php\/wp-json\/wp\/v2\/categories?post=11778"},{"taxonomy":"post_tag","embeddable":true,"href":"https:\/\/cafeprensa.com.ar\/index.php\/wp-json\/wp\/v2\/tags?post=11778"}],"curies":[{"name":"wp","href":"https:\/\/api.w.org\/{rel}","templated":true}]}}