{"id":11790,"date":"2025-10-14T13:41:40","date_gmt":"2025-10-14T11:41:40","guid":{"rendered":"https:\/\/cafeprensa.com.ar\/?p=11790"},"modified":"2025-10-14T13:41:40","modified_gmt":"2025-10-14T11:41:40","slug":"exigen-la-emergencia-vial-en-el-puente-general-belgrano","status":"publish","type":"post","link":"https:\/\/cafeprensa.com.ar\/index.php\/2025\/10\/14\/exigen-la-emergencia-vial-en-el-puente-general-belgrano\/","title":{"rendered":"Exigen la emergencia vial en el Puente General Belgrano"},"content":{"rendered":"<div class=\"post-content\">\n<p>El proyecto de resoluci\u00f3n fue impulsado por diputados chaque\u00f1os de Uni\u00f3n por la Patria que responsabilizaron a Javier Milei de <strong>\u201capartarse de toda obra indispensable en los trayectos que son de su exclusiva jurisdicci\u00f3n\u201d.<\/strong> El viaducto conecta la ciudad de Resistencia con Corrientes capital.<\/p>\n<\/div>\n<div class=\"box-img\"><img loading=\"lazy\" decoding=\"async\" class=\"attachment-post-thumbnail size-post-thumbnail wp-post-image\" src=\"https:\/\/www.parlamentario.com\/wp-content\/uploads\/2025\/10\/Puente-General-Belgrano.webp\" sizes=\"auto, (max-width: 750px) 100vw, 750px\" srcset=\"https:\/\/www.parlamentario.com\/wp-content\/uploads\/2025\/10\/Puente-General-Belgrano.webp 750w, https:\/\/www.parlamentario.com\/wp-content\/uploads\/2025\/10\/Puente-General-Belgrano-300x200.webp 300w\" alt=\"\" width=\"750\" height=\"500\" \/><\/div>\n<div class=\"contenido-post\">\n<p>Los diputados chaque\u00f1os de Uni\u00f3n por la Patria,\u00a0<strong>Juan Manuel Pedrini<\/strong>,\u00a0<strong>Mar\u00eda Luisa Chomiak<\/strong>\u00a0y\u00a0<strong>Aldo Leiva<\/strong>, presentaron un proyecto de resoluci\u00f3n para exigir que se declare la emergencia vial en el Puente General Belgrano con el objetivo de destinar recursos inmediatos para su reparaci\u00f3n, mantenimiento y mejora en la circulaci\u00f3n a trav\u00e9s del mismo, suspendi\u00e9ndose el pago del peaje por uso del mismo, todo ello hasta tanto se finalicen las obras necesarias para su adecuado funcionamiento.<\/p>\n<p>El viaducto conecta a la ciudad chaque\u00f1a de Resistencia con Corrientes capital por medio de la Ruta Nacional 16 en el tramo argentino del R\u00edo Paran\u00e1. En tal sentido, los firmantes responsabilizaron a\u00a0<strong>Javier Milei<\/strong>: \u201cLas obras necesarias para garantizar la seguridad y la modernizaci\u00f3n del puente\u00a0<strong>se encuentran completamente paralizadas<\/strong>, dada la decisi\u00f3n del Gobierno nacional de apartarse de toda obra indispensable en los trayectos que son de su exclusiva jurisdicci\u00f3n\u201d.<\/p>\n<p>\u201cNos encontramos con una situaci\u00f3n cr\u00edtica que profundiza la vulnerabilidad de la infraestructura y posterga soluciones largamente reclamadas por la ciudadan\u00eda. <strong>Esta falta de continuidad en las inversiones p\u00fablicas no solo agrava el deterioro material del viaducto, sino que tambi\u00e9n implica un grave retroceso en materia de equidad territorial, al dejar relegada a una de las regiones m\u00e1s din\u00e1micas y productivas del pa\u00eds\u201d, se\u00f1alaron los tres legisladores de Uni\u00f3n por la Patria.<\/strong><\/p>\n<p>En rigor de la situaci\u00f3n del viaducto, el proyecto de resoluci\u00f3n explic\u00f3 que \u201cesta v\u00eda es la \u00fanica de comunicaci\u00f3n entre estas dos ciudades y entre estas dos provincias, no existen rutas ni modos alternativos\u201d. Y aseveraron que <strong>\u201cel impacto social y econ\u00f3mico es grav\u00edsimo porque asistimos a diario a episodios que, adem\u00e1s de complejizar la actividad comercial, social, econ\u00f3mica, estudiantil, laboral, cultural, pone en riesgo la seguridad de los ciudadanos que transitan\u201d<\/strong>.<\/p>\n<p>Otro de los factores que ponen en riesgo a esta estructura vial, explicada por los autores del proyecto, trata sobre <strong>\u201cel paso del tiempo\u201d y \u201cel crecimiento demogr\u00e1fico y productivo\u201d que \u201chan puesto en evidencia las limitaciones de la obra, encontr\u00e1ndose completamente demoradas las obras tendientes a la realizaci\u00f3n de un segundo puente\u201d,<\/strong> se\u00f1alaron. En la misma l\u00ednea, agregaron que \u201cel flujo vehicular supera con creces lo aconsejable, generando una saturaci\u00f3n que ya no solo constituye un problema vial, sino que amenaza directamente el desarrollo econ\u00f3mico, social y productivo de las provincias involucradas\u201d.<img loading=\"lazy\" decoding=\"async\" class=\"alignnone wp-image-11792 size-full\" src=\"https:\/\/cafeprensa.com.ar\/wp-content\/uploads\/2025\/10\/375730w620h450.jpg\" alt=\"\" width=\"620\" height=\"349\" srcset=\"https:\/\/cafeprensa.com.ar\/wp-content\/uploads\/2025\/10\/375730w620h450.jpg 620w, https:\/\/cafeprensa.com.ar\/wp-content\/uploads\/2025\/10\/375730w620h450-300x169.jpg 300w, https:\/\/cafeprensa.com.ar\/wp-content\/uploads\/2025\/10\/375730w620h450-390x220.jpg 390w\" sizes=\"auto, (max-width: 620px) 100vw, 620px\" \/><\/p>\n<p><strong>\u201cLa trascendencia de esta infraestructura se advierte en m\u00faltiples dimensiones: fortaleci\u00f3 a la ciudad de Resistencia como nudo de comunicaciones del NEA; gener\u00f3 una vinculaci\u00f3n fluida entre las provincias de la Mesopotamia y el Chaco; y permiti\u00f3 una interacci\u00f3n diaria entre el Gran Resistencia y el Gran Corrientes, posibilitando que miles de trabajadores y estudiantes se trasladen cotidianamente entre ambas orillas.<\/strong> A la vez, el puente es s\u00edmbolo de ingenier\u00eda nacional y atractivo tur\u00edstico, proyectando identidad y orgullo para nuestra regi\u00f3n\u201d, destacaron los diputados nacionales de Uni\u00f3n por la Patria.<\/p>\n<\/div>\n","protected":false},"excerpt":{"rendered":"<p>El proyecto de resoluci\u00f3n fue impulsado por diputados chaque\u00f1os de Uni\u00f3n por la Patria que responsabilizaron a Javier Milei de \u201capartarse de toda obra indispensable en los trayectos que son de su exclusiva jurisdicci\u00f3n\u201d. El viaducto conecta la ciudad de Resistencia con Corrientes capital. Los diputados chaque\u00f1os de Uni\u00f3n por la Patria,\u00a0Juan Manuel Pedrini,\u00a0Mar\u00eda Luisa &hellip;<\/p>\n","protected":false},"author":2,"featured_media":11791,"comment_status":"open","ping_status":"open","sticky":false,"template":"","format":"standard","meta":{"footnotes":""},"categories":[54,33],"tags":[2584],"class_list":["post-11790","post","type-post","status-publish","format-standard","has-post-thumbnail","hentry","category-interes-ganeral","category-nacionales","tag-problemas-de-infraestructura-en-el-puente-general-belgrano"],"_links":{"self":[{"href":"https:\/\/cafeprensa.com.ar\/index.php\/wp-json\/wp\/v2\/posts\/11790","targetHints":{"allow":["GET"]}}],"collection":[{"href":"https:\/\/cafeprensa.com.ar\/index.php\/wp-json\/wp\/v2\/posts"}],"about":[{"href":"https:\/\/cafeprensa.com.ar\/index.php\/wp-json\/wp\/v2\/types\/post"}],"author":[{"embeddable":true,"href":"https:\/\/cafeprensa.com.ar\/index.php\/wp-json\/wp\/v2\/users\/2"}],"replies":[{"embeddable":true,"href":"https:\/\/cafeprensa.com.ar\/index.php\/wp-json\/wp\/v2\/comments?post=11790"}],"version-history":[{"count":1,"href":"https:\/\/cafeprensa.com.ar\/index.php\/wp-json\/wp\/v2\/posts\/11790\/revisions"}],"predecessor-version":[{"id":11794,"href":"https:\/\/cafeprensa.com.ar\/index.php\/wp-json\/wp\/v2\/posts\/11790\/revisions\/11794"}],"wp:featuredmedia":[{"embeddable":true,"href":"https:\/\/cafeprensa.com.ar\/index.php\/wp-json\/wp\/v2\/media\/11791"}],"wp:attachment":[{"href":"https:\/\/cafeprensa.com.ar\/index.php\/wp-json\/wp\/v2\/media?parent=11790"}],"wp:term":[{"taxonomy":"category","embeddable":true,"href":"https:\/\/cafeprensa.com.ar\/index.php\/wp-json\/wp\/v2\/categories?post=11790"},{"taxonomy":"post_tag","embeddable":true,"href":"https:\/\/cafeprensa.com.ar\/index.php\/wp-json\/wp\/v2\/tags?post=11790"}],"curies":[{"name":"wp","href":"https:\/\/api.w.org\/{rel}","templated":true}]}}