{"id":11795,"date":"2025-10-15T12:44:19","date_gmt":"2025-10-15T10:44:19","guid":{"rendered":"https:\/\/cafeprensa.com.ar\/?p=11795"},"modified":"2025-10-15T12:45:09","modified_gmt":"2025-10-15T10:45:09","slug":"11795","status":"publish","type":"post","link":"https:\/\/cafeprensa.com.ar\/index.php\/2025\/10\/15\/11795\/","title":{"rendered":"Cerremos el IPLA"},"content":{"rendered":"<p class=\"wp-block-heading\">El legislador de \u201cAvanza Tucum\u00e1n\u201d y el candidato a diputado nacional de La Libertad Avanza marcharon este martes junto a empresarios y representantes de c\u00e1maras empresarias para expresar su malestar con el funcionamiento del organismo.<\/p>\n<p>Por segunda vez, el legislador provincial\u00a0<strong>Jos\u00e9 Seleme<\/strong>, del <strong>bloque\u00a0<em>Avanza Tucum\u00e1n<\/em><\/strong>, encabez\u00f3 este martes una manifestaci\u00f3n frente a las oficinas del Instituto Provincial de Lucha contra el Alcoholismo (IPLA) para exigir su cierre definitivo. En esta oportunidad, el parlamentario opositor estuvo acompa\u00f1ado por el candidato a diputado nacional en primer t\u00e9rmino de La Libertad Avanza,\u00a0<strong>Federico Pelli<\/strong>.<\/p>\n<p><strong>La marcha se inici\u00f3 en calle Salta 174, frente a las puertas del IPLA, y concluy\u00f3 en la Plaza Independencia, frente a la Casa de Gobierno. Participaron referentes del Movimiento Nacional PyME, la C\u00e1mara de Salones de Fiestas, la C\u00e1mara de Trabajadores Autoconvocados de Fiestas y Eventos (TAFE), C\u00e1maras Unidas, y otras organizaciones del sector privado.<\/strong><\/p>\n<p>\u201cHoy es nuestra segunda marcha. Y no vamos a frenar hasta que el IPLA, de una vez por todas, se cierre\u201d, afirm\u00f3 Seleme durante la movilizaci\u00f3n.<\/p>\n<p>El legislador volvi\u00f3 a cuestionar la legitimidad y el funcionamiento del organismo. \u201cM\u00e1s que un capricho, esto es un pedido de justicia. Nuestros comerciantes vienen siendo perseguidos por el IPLA desde hace a\u00f1os\u201d, subray\u00f3.<\/p>\n<p>El parlamentario opositor consider\u00f3 que es necesario acompa\u00f1ar al que trabaja y al que produce en Tucum\u00e1n. \u201cHay que dejar de ponerle palos en la rueda a quienes generan empleo. Escuchar a los comerciantes no es un gesto pol\u00edtico: es una obligaci\u00f3n\u201d, se\u00f1al\u00f3.<\/p>\n<p>En ese sentido, reafirm\u00f3 su compromiso con el sector privado. \u201cVamos a estar al lado de nuestros comerciantes y emprendedores: los que a las 7 de la ma\u00f1ana abren sus bares, levantan las persianas de sus kioscos y trabajan para mantener a sus familias y sacar adelante a Tucum\u00e1n\u201d, argument\u00f3.<\/p>\n<p><span style=\"font-size: 14pt;\"><strong>Cr\u00edticas y respaldo<\/strong><\/span><\/p>\n<p>Seleme denunci\u00f3 adem\u00e1s que el IPLA \u201cha perdido sentido\u201d y que hoy funciona como un \u201caparato pol\u00edtico\u201d af\u00edn a los intereses del oficialismo provincial.<strong> \u201cEs un ente recaudador para financiar campa\u00f1as. Se usa para empapelar la provincia con la cara de Jaldo, con la plata que les sacan a nuestros comerciantes, empresarios y emprendedores. Es momento de decir basta. Terminemos con el IPLA\u201d<\/strong>, denunci\u00f3.<\/p>\n<p>Por su parte, el libertario Federico Pelli respald\u00f3 la protesta contra el organismo que todav\u00eda tiene como interventor a\u00a0<strong>Dante Loza<\/strong>. \u201cVenimos a acompa\u00f1ar a los comerciantes, a las pymes y al laburante. Eso es lo que tambi\u00e9n se est\u00e1 impulsando a nivel nacional con las reformas del presidente\u00a0<strong>Javier Milei<\/strong>\u201d, se\u00f1al\u00f3.<\/p>\n<p>Antes de finalizar la marcha, Seleme aclar\u00f3 que el cierre del IPLA no implicar\u00eda despidos en la instituci\u00f3n. <strong>\u201cQueremos darles tranquilidad a los empleados del IPLA: no buscamos dejar a nadie sin trabajo. La propuesta es cerrar esta caja pol\u00edtica y reubicar a los trabajadores en \u00e1reas donde realmente se haga prevenci\u00f3n\u201d<\/strong>, concluy\u00f3.<\/p>\n<p>A su turno,\u00a0<strong>Jos\u00e9 Chavarr\u00eda<\/strong>, representante de la C\u00e1mara de Salones de Fiestas, cuestion\u00f3 la falta de di\u00e1logo del Gobierno con el sector. <strong>\u201cHace a\u00f1os pedimos reuniones para modificar la ley, y nunca nos escucharon. En su momento, el mismo gobernador \u2014cuando era vice y presid\u00eda la Legislatura\u2014 nos dijo que el IPLA no deb\u00eda existir porque no cumpl\u00eda ninguna funci\u00f3n real. Hoy, como se beneficia de su recaudaci\u00f3n, evidentemente piensa distinto\u201d<\/strong>, manifest\u00f3 el empresario.<\/p>\n","protected":false},"excerpt":{"rendered":"<p>El legislador de \u201cAvanza Tucum\u00e1n\u201d y el candidato a diputado nacional de La Libertad Avanza marcharon este martes junto a empresarios y representantes de c\u00e1maras empresarias para expresar su malestar con el funcionamiento del organismo. Por segunda vez, el legislador provincial\u00a0Jos\u00e9 Seleme, del bloque\u00a0Avanza Tucum\u00e1n, encabez\u00f3 este martes una manifestaci\u00f3n frente a las oficinas del &hellip;<\/p>\n","protected":false},"author":2,"featured_media":11796,"comment_status":"open","ping_status":"open","sticky":false,"template":"","format":"standard","meta":{"footnotes":""},"categories":[34,25],"tags":[1186],"class_list":["post-11795","post","type-post","status-publish","format-standard","has-post-thumbnail","hentry","category-locales","category-politica","tag-ipla"],"_links":{"self":[{"href":"https:\/\/cafeprensa.com.ar\/index.php\/wp-json\/wp\/v2\/posts\/11795","targetHints":{"allow":["GET"]}}],"collection":[{"href":"https:\/\/cafeprensa.com.ar\/index.php\/wp-json\/wp\/v2\/posts"}],"about":[{"href":"https:\/\/cafeprensa.com.ar\/index.php\/wp-json\/wp\/v2\/types\/post"}],"author":[{"embeddable":true,"href":"https:\/\/cafeprensa.com.ar\/index.php\/wp-json\/wp\/v2\/users\/2"}],"replies":[{"embeddable":true,"href":"https:\/\/cafeprensa.com.ar\/index.php\/wp-json\/wp\/v2\/comments?post=11795"}],"version-history":[{"count":2,"href":"https:\/\/cafeprensa.com.ar\/index.php\/wp-json\/wp\/v2\/posts\/11795\/revisions"}],"predecessor-version":[{"id":11798,"href":"https:\/\/cafeprensa.com.ar\/index.php\/wp-json\/wp\/v2\/posts\/11795\/revisions\/11798"}],"wp:featuredmedia":[{"embeddable":true,"href":"https:\/\/cafeprensa.com.ar\/index.php\/wp-json\/wp\/v2\/media\/11796"}],"wp:attachment":[{"href":"https:\/\/cafeprensa.com.ar\/index.php\/wp-json\/wp\/v2\/media?parent=11795"}],"wp:term":[{"taxonomy":"category","embeddable":true,"href":"https:\/\/cafeprensa.com.ar\/index.php\/wp-json\/wp\/v2\/categories?post=11795"},{"taxonomy":"post_tag","embeddable":true,"href":"https:\/\/cafeprensa.com.ar\/index.php\/wp-json\/wp\/v2\/tags?post=11795"}],"curies":[{"name":"wp","href":"https:\/\/api.w.org\/{rel}","templated":true}]}}