{"id":11814,"date":"2025-10-15T13:26:20","date_gmt":"2025-10-15T11:26:20","guid":{"rendered":"https:\/\/cafeprensa.com.ar\/?p=11814"},"modified":"2025-10-15T13:26:20","modified_gmt":"2025-10-15T11:26:20","slug":"un-joven-fue-asesinado-de-manera-brutal-en-la-plaza-de-la-trinidad","status":"publish","type":"post","link":"https:\/\/cafeprensa.com.ar\/index.php\/2025\/10\/15\/un-joven-fue-asesinado-de-manera-brutal-en-la-plaza-de-la-trinidad\/","title":{"rendered":"Un joven fue asesinado de manera brutal en la plaza de La Trinidad"},"content":{"rendered":"<div class=\"pull-left col-md-6 fotos-containers\">La plaza de La Trinidad, habitualmente concurrida, qued\u00f3 desolada tras el violento crimen cuyo autor fue detenido minutos m\u00e1s tarde. <b>Una noche de violencia conmocion\u00f3 a la localidad de La Trinidad, en el departamento Chicligasta, donde un joven fue asesinado de una pu\u00f1alada en el pecho mientras se encontraba en la plaza General San Mart\u00edn, en la intersecci\u00f3n de las avenidas San Mart\u00edn y La Fuente.<\/b><\/div>\n<div>La v\u00edctima fue identificada como\u00a0<b>Gustavo \u201cPochito\u201d Toledo<\/b>, quien, seg\u00fan los primeros testimonios, se hallaba sentado en un banco de la plaza cuando fue sorprendido por otro hombre que lo atac\u00f3 con un arma blanca.<\/div>\n<div>Testigos indicaron que el agresor se acerc\u00f3 sin mediar demasiadas palabras y le asest\u00f3 una herida mortal en el pecho, provoc\u00e1ndole una r\u00e1pida descompensaci\u00f3n.<\/div>\n<div><b>A pesar de los esfuerzos por auxiliarlo, Toledo falleci\u00f3 en el lugar debido a la gravedad del golpe.<\/b><\/div>\n<div>Minutos despu\u00e9s del hecho, la Polic\u00eda logr\u00f3 detener al presunto autor del crimen, quien fue localizado tras un operativo desplegado por personal de la Comisar\u00eda de La Trinidad.<\/div>\n<div>De acuerdo con las primeras averiguaciones, el sospechoso tendr\u00eda antecedentes por distintos delitos y habr\u00eda estado involucrado en un homicidio anterior, por lo que qued\u00f3 a disposici\u00f3n de la Justicia.<\/div>\n<div>Efectivos policiales y personal del Ministerio P\u00fablico Fiscal trabajan para establecer las circunstancias que desencadenaron el ataque y las posibles motivaciones del homicida.<\/div>\n<div><b>Mientras tanto la comunidad de La Trinidad permanece consternada por el violento hecho que quebr\u00f3 la tranquilidad del peque\u00f1o pueblo del sur tucumano.<\/b><\/div>\n","protected":false},"excerpt":{"rendered":"<p>La plaza de La Trinidad, habitualmente concurrida, qued\u00f3 desolada tras el violento crimen cuyo autor fue detenido minutos m\u00e1s tarde. Una noche de violencia conmocion\u00f3 a la localidad de La Trinidad, en el departamento Chicligasta, donde un joven fue asesinado de una pu\u00f1alada en el pecho mientras se encontraba en la plaza General San Mart\u00edn, &hellip;<\/p>\n","protected":false},"author":2,"featured_media":11815,"comment_status":"open","ping_status":"open","sticky":false,"template":"","format":"standard","meta":{"footnotes":""},"categories":[34,25],"tags":[2586],"class_list":["post-11814","post","type-post","status-publish","format-standard","has-post-thumbnail","hentry","category-locales","category-politica","tag-la-plaza-de-la-trinidad"],"_links":{"self":[{"href":"https:\/\/cafeprensa.com.ar\/index.php\/wp-json\/wp\/v2\/posts\/11814","targetHints":{"allow":["GET"]}}],"collection":[{"href":"https:\/\/cafeprensa.com.ar\/index.php\/wp-json\/wp\/v2\/posts"}],"about":[{"href":"https:\/\/cafeprensa.com.ar\/index.php\/wp-json\/wp\/v2\/types\/post"}],"author":[{"embeddable":true,"href":"https:\/\/cafeprensa.com.ar\/index.php\/wp-json\/wp\/v2\/users\/2"}],"replies":[{"embeddable":true,"href":"https:\/\/cafeprensa.com.ar\/index.php\/wp-json\/wp\/v2\/comments?post=11814"}],"version-history":[{"count":1,"href":"https:\/\/cafeprensa.com.ar\/index.php\/wp-json\/wp\/v2\/posts\/11814\/revisions"}],"predecessor-version":[{"id":11816,"href":"https:\/\/cafeprensa.com.ar\/index.php\/wp-json\/wp\/v2\/posts\/11814\/revisions\/11816"}],"wp:featuredmedia":[{"embeddable":true,"href":"https:\/\/cafeprensa.com.ar\/index.php\/wp-json\/wp\/v2\/media\/11815"}],"wp:attachment":[{"href":"https:\/\/cafeprensa.com.ar\/index.php\/wp-json\/wp\/v2\/media?parent=11814"}],"wp:term":[{"taxonomy":"category","embeddable":true,"href":"https:\/\/cafeprensa.com.ar\/index.php\/wp-json\/wp\/v2\/categories?post=11814"},{"taxonomy":"post_tag","embeddable":true,"href":"https:\/\/cafeprensa.com.ar\/index.php\/wp-json\/wp\/v2\/tags?post=11814"}],"curies":[{"name":"wp","href":"https:\/\/api.w.org\/{rel}","templated":true}]}}