{"id":11858,"date":"2025-10-17T12:39:25","date_gmt":"2025-10-17T10:39:25","guid":{"rendered":"https:\/\/cafeprensa.com.ar\/?p=11858"},"modified":"2025-10-17T12:39:25","modified_gmt":"2025-10-17T10:39:25","slug":"nos-quieren-callar-pero-respondemos-todas","status":"publish","type":"post","link":"https:\/\/cafeprensa.com.ar\/index.php\/2025\/10\/17\/nos-quieren-callar-pero-respondemos-todas\/","title":{"rendered":"\u00abNos quieren callar, pero respondemos todas\u00bb"},"content":{"rendered":"<p class=\"title\">Las mujeres bancarias marcharon contra la impunidad de la Justicia. Durante la marcha de mujeres bancarias frente a Tribunales,<strong> Cecilia S\u00e1nchez Blas apunt\u00f3 contra el Ministerio P\u00fablico Fiscal<\/strong> y reclam\u00f3 una justicia con perspectiva de g\u00e9nero en la causa por abuso sexual que involucra a exjugadores de V\u00e9lez.<\/p>\n<div class=\"at-vc\">\n<div id=\"vsmcontent\" class=\"content vsmcontent\">\n<p data-start=\"675\" data-end=\"1215\"><strong>La Asociaci\u00f3n Bancaria Tucum\u00e1n se moviliz\u00f3 este jueves frente al edificio de Tribunales para reclamar justicia por la joven que\u00a0<span class=\"highlight\">denunci\u00f3 haber sido v\u00edctima de abuso sexual en manada<\/span>\u00a0por parte de cuatro exjugadores de V\u00e9lez Sarsfield.<\/strong><\/p>\n<figure class=\"vsmimage\" contenteditable=\"false\"><img loading=\"lazy\" decoding=\"async\" id=\"imgv97363v23\" src=\"https:\/\/www.enteratenoticias.com.ar\/files\/image\/38\/38721\/68f11e2a948f7_700_521!.webp?s=a36fcb9fd09dae81c99b63b24df2ad8b&amp;d=1760632364&amp;oe=jpg\" alt=\"&quot;Nos quieren callar, pero respondemos todas&quot;: las mujeres bancarias marcharon contra la impunidad de la Justicia\" width=\"700\" height=\"521\" data-vsmid=\"38721\" data-owidth=\"1280\" data-oheight=\"960\" \/><\/figure>\n<p data-start=\"675\" data-end=\"1215\">La manifestaci\u00f3n, encabezada por la secretaria general del gremio, <strong data-start=\"978\" data-end=\"1002\">Cecilia S\u00e1nchez Blas<\/strong>,\u00a0<span class=\"highlight\">reuni\u00f3 a trabajadoras bancarias que exigieron el fin de la impunidad<\/span>\u00a0y repudiaron el accionar del\u00a0<strong data-start=\"1102\" data-end=\"1131\">Ministerio P\u00fablico Fiscal<\/strong>, luego de los allanamientos realizados a los abogados y familiares de la v\u00edctima.<\/p>\n<figure class=\"vsmimage\" contenteditable=\"false\"><img loading=\"lazy\" decoding=\"async\" id=\"imgv97363v24\" src=\"https:\/\/www.enteratenoticias.com.ar\/files\/image\/38\/38722\/68f11e3c91a19_700_521!.webp?s=1c68b337e098ff88704f2ddcd3edb4ad&amp;d=1760632382&amp;oe=jpg\" alt=\"&quot;Nos quieren callar, pero respondemos todas&quot;: las mujeres bancarias marcharon contra la impunidad de la Justicia\" width=\"700\" height=\"521\" data-vsmid=\"38722\" data-owidth=\"1280\" data-oheight=\"960\" \/><\/figure>\n<h3 class=\"background-third-color-box\">El gremio advirti\u00f3 que la investigaci\u00f3n judicial representa una nueva forma de revictimizaci\u00f3n y expres\u00f3 su apoyo absoluto a la denunciante.<\/h3>\n<p data-start=\"1217\" data-end=\"1651\">El caso, ocurrido en marzo de 2024 en un hotel de la capital tucumana, est\u00e1 caratulado como \u00ababuso sexual con acceso carnal agravado por la pluralidad de actores\u00bb y tiene como imputados a\u00a0<strong data-start=\"1548\" data-end=\"1611\">Sebasti\u00e1n Sosa, Braian Cufr\u00e9, Abiel Osorio y Jos\u00e9 Florent\u00edn<\/strong>, todos apartados del club de Liniers.<\/p>\n<h2>\u00abNos quieren hacer tener miedo, pero no nos van a callar\u00bb<\/h2>\n<p data-start=\"1723\" data-end=\"1866\">En un discurso cargado de emoci\u00f3n,\u00a0<strong data-start=\"1758\" data-end=\"1774\">S\u00e1nchez Blas<\/strong>\u00a0agradeci\u00f3 la presencia de las manifestantes y resalt\u00f3 el valor de acompa\u00f1ar a la v\u00edctima:<\/p>\n<p class=\"quote\" data-start=\"1723\" data-end=\"1866\">Estamos marchando pidiendo justicia por nuestra compa\u00f1era bancaria, que fue v\u00edctima de un abuso sexual en manada. A muchos no les gusta la palabra \u2018manada&#8217;, pero nosotras consideramos que as\u00ed fue.<\/p>\n<p data-start=\"2071\" data-end=\"2291\">La dirigente sindical apunt\u00f3 directamente contra el titular del Ministerio P\u00fablico Fiscal,\u00a0<strong data-start=\"2162\" data-end=\"2192\">Edmundo \u2018Pirincho&#8217; Jim\u00e9nez<\/strong>, al que acus\u00f3 de manejar la Justicia \u00abde acuerdo al poder pol\u00edtico y econ\u00f3mico que se presente\u00bb.<\/p>\n<p class=\"quote\" data-start=\"2071\" data-end=\"2291\"><strong>Nunca aplicaron perspectiva de g\u00e9nero en este caso. \u00c9l tiene 80 a\u00f1os y sigue enquistado, atrasa. Las mujeres necesitamos una justicia ejemplificadora, que acompa\u00f1e a las v\u00edctimas y que d\u00e9 garant\u00edas.<\/strong><\/p>\n<p data-start=\"2508\" data-end=\"2695\">Tambi\u00e9n cuestion\u00f3 la actuaci\u00f3n de las fiscales\u00a0<strong data-start=\"2568\" data-end=\"2591\">Mariana Rivadeneira<\/strong>\u00a0y\u00a0<strong data-start=\"2594\" data-end=\"2620\">Adriana Reynoso Cuello<\/strong>, a quienes se\u00f1al\u00f3 por no haber protegido a la v\u00edctima ni a las testigos.<\/p>\n<h3 class=\"background-main-color-box\">\u00abLa v\u00edctima, su abogada y las compa\u00f1eras testigos han sido perseguidas desde el inicio de la causa. No dan garant\u00edas\u00bb.<\/h3>\n<p data-start=\"2830\" data-end=\"2941\">Antes de finalizar su discurso, la secretaria general convoc\u00f3 a mantener la unidad del movimiento de mujeres:<\/p>\n<p data-start=\"2830\" data-end=\"2941\">\u00ab<span class=\"highlight\">Si nos tocan a una, respondemos todas. No bajemos los brazos, tenemos que estar unidas y demostrar que somos fuertes<\/span>. Vamos a seguir hasta las \u00faltimas consecuencias, hasta que esta causa sea elevada a juicio y se haga justicia\u00bb.<\/p>\n<figure class=\"vsmimage\" contenteditable=\"false\"><img loading=\"lazy\" decoding=\"async\" id=\"imgv97363v26\" src=\"https:\/\/www.enteratenoticias.com.ar\/files\/image\/38\/38724\/68f11e5a666b0_700_521!.webp?s=b4d286ed6d2ad0af6876dda4174af309&amp;d=1760632411&amp;oe=jpg\" alt=\"&quot;Nos quieren callar, pero respondemos todas&quot;: las mujeres bancarias marcharon contra la impunidad de la Justicia\" width=\"700\" height=\"521\" data-vsmid=\"38724\" data-owidth=\"1280\" data-oheight=\"960\" \/><\/figure>\n<p data-start=\"3177\" data-end=\"3406\">El acto culmin\u00f3 con un fuerte c\u00e1ntico colectivo:<strong> \u00abMujeres unidas jam\u00e1s ser\u00e1n vencidas\u00bb<\/strong>, en una jornada que reflej\u00f3 el compromiso del gremio bancario en la defensa de los derechos de las mujeres y contra la impunidad judicial.<\/p>\n<p data-start=\"3177\" data-end=\"3406\"><strong><span style=\"font-size: 8pt;\">FUENTE: https:\/\/www.enteratenoticias.com.ar\/actualidad\/mujeres-bancarias-justicia-tucuman\/<\/span><\/strong><\/p>\n<\/div>\n<\/div>\n","protected":false},"excerpt":{"rendered":"<p>Las mujeres bancarias marcharon contra la impunidad de la Justicia. Durante la marcha de mujeres bancarias frente a Tribunales, Cecilia S\u00e1nchez Blas apunt\u00f3 contra el Ministerio P\u00fablico Fiscal y reclam\u00f3 una justicia con perspectiva de g\u00e9nero en la causa por abuso sexual que involucra a exjugadores de V\u00e9lez. La Asociaci\u00f3n Bancaria Tucum\u00e1n se moviliz\u00f3 este &hellip;<\/p>\n","protected":false},"author":2,"featured_media":11859,"comment_status":"open","ping_status":"open","sticky":false,"template":"","format":"standard","meta":{"footnotes":""},"categories":[54,34],"tags":[2593],"class_list":["post-11858","post","type-post","status-publish","format-standard","has-post-thumbnail","hentry","category-interes-ganeral","category-locales","tag-mujeres-bancarias"],"_links":{"self":[{"href":"https:\/\/cafeprensa.com.ar\/index.php\/wp-json\/wp\/v2\/posts\/11858","targetHints":{"allow":["GET"]}}],"collection":[{"href":"https:\/\/cafeprensa.com.ar\/index.php\/wp-json\/wp\/v2\/posts"}],"about":[{"href":"https:\/\/cafeprensa.com.ar\/index.php\/wp-json\/wp\/v2\/types\/post"}],"author":[{"embeddable":true,"href":"https:\/\/cafeprensa.com.ar\/index.php\/wp-json\/wp\/v2\/users\/2"}],"replies":[{"embeddable":true,"href":"https:\/\/cafeprensa.com.ar\/index.php\/wp-json\/wp\/v2\/comments?post=11858"}],"version-history":[{"count":1,"href":"https:\/\/cafeprensa.com.ar\/index.php\/wp-json\/wp\/v2\/posts\/11858\/revisions"}],"predecessor-version":[{"id":11860,"href":"https:\/\/cafeprensa.com.ar\/index.php\/wp-json\/wp\/v2\/posts\/11858\/revisions\/11860"}],"wp:featuredmedia":[{"embeddable":true,"href":"https:\/\/cafeprensa.com.ar\/index.php\/wp-json\/wp\/v2\/media\/11859"}],"wp:attachment":[{"href":"https:\/\/cafeprensa.com.ar\/index.php\/wp-json\/wp\/v2\/media?parent=11858"}],"wp:term":[{"taxonomy":"category","embeddable":true,"href":"https:\/\/cafeprensa.com.ar\/index.php\/wp-json\/wp\/v2\/categories?post=11858"},{"taxonomy":"post_tag","embeddable":true,"href":"https:\/\/cafeprensa.com.ar\/index.php\/wp-json\/wp\/v2\/tags?post=11858"}],"curies":[{"name":"wp","href":"https:\/\/api.w.org\/{rel}","templated":true}]}}