{"id":11861,"date":"2025-10-17T12:46:53","date_gmt":"2025-10-17T10:46:53","guid":{"rendered":"https:\/\/cafeprensa.com.ar\/?p=11861"},"modified":"2025-10-17T12:47:01","modified_gmt":"2025-10-17T10:47:01","slug":"66-festival-nacional-de-folklore-de-cosquin-presentaron-la-grilla-de-artistas-del-2026","status":"publish","type":"post","link":"https:\/\/cafeprensa.com.ar\/index.php\/2025\/10\/17\/66-festival-nacional-de-folklore-de-cosquin-presentaron-la-grilla-de-artistas-del-2026\/","title":{"rendered":"66\u00b0 Festival Nacional de Folklore de Cosqu\u00edn: presentaron la grilla de artistas del 2026"},"content":{"rendered":"<div class=\"the-post-header s-head-modern s-head-modern-a has-share-meta-right\">\n<div class=\"post-meta post-meta-a post-meta-left post-meta-single has-below\"><em>La comisi\u00f3n organizadora indic\u00f3 que el festival se extender\u00e1 del 24 de enero al 1 de febrero de 2026.<\/em><\/div>\n<\/div>\n<div class=\"the-post s-post-modern\">\n<article id=\"post-79829\" class=\"post-79829 post type-post status-publish format-standard has-post-thumbnail category-nacionales category-destacada-2 tag-66-festival-de-cosquin tag-cordoba-2 tag-cosquin tag-festival-de-folclore-cosquin-2026\">\n<div class=\"post-content-wrap has-share-float\">\n<div class=\"post-content cf entry-content content-spacious\">\n<div class=\"wp-block-image\">\n<figure class=\"aligncenter size-large\"><a href=\"https:\/\/elfederalnoticias.com.ar\/wp-content\/uploads\/2025\/10\/image-157.png\"><img loading=\"lazy\" decoding=\"async\" class=\"wp-image-79831\" src=\"https:\/\/elfederalnoticias.com.ar\/wp-content\/uploads\/2025\/10\/image-157-1024x576.png\" sizes=\"auto, (max-width: 1024px) 100vw, 1024px\" srcset=\"https:\/\/elfederalnoticias.com.ar\/wp-content\/uploads\/2025\/10\/image-157-1024x576.png 1024w, https:\/\/elfederalnoticias.com.ar\/wp-content\/uploads\/2025\/10\/image-157-300x169.png 300w, https:\/\/elfederalnoticias.com.ar\/wp-content\/uploads\/2025\/10\/image-157-768x432.png 768w, https:\/\/elfederalnoticias.com.ar\/wp-content\/uploads\/2025\/10\/image-157-150x84.png 150w, https:\/\/elfederalnoticias.com.ar\/wp-content\/uploads\/2025\/10\/image-157-450x253.png 450w, https:\/\/elfederalnoticias.com.ar\/wp-content\/uploads\/2025\/10\/image-157-1200x675.png 1200w, https:\/\/elfederalnoticias.com.ar\/wp-content\/uploads\/2025\/10\/image-157.png 1280w\" alt=\"\" width=\"1024\" height=\"576\" \/><\/a><figcaption class=\"wp-element-caption\">La presentaci\u00f3n del Festival de Cosqu\u00edn 2026 se realiz\u00f3 en el Monumento a la Bandera.<\/figcaption><\/figure>\n<\/div>\n<p>SANTA FE.- En la jornada de ayer se realiz\u00f3 la presentaci\u00f3n del\u00a0<strong>66\u00b0<\/strong>\u00a0<strong>Festival Nacional de Folklore de Cosqu\u00edn<\/strong>. El acto se realiz\u00f3 en el Monumento a la Bandera, de la ciudad de\u00a0<strong>Rosario<\/strong>, y se anunci\u00f3 la grilla art\u00edstica, que se podr\u00e1 disfrutar desde el<strong>\u00a0<\/strong>24 de enero al 1 de febrero de 2026.<\/p>\n<p>El evento cont\u00f3 con autoridades provinciales, artistas y prensa. La bienvenida estuvo a cargo del intendente de Rosario,\u00a0<strong>Pablo Javkin<\/strong>. Tambi\u00e9n hizo uso de la palabra, el presidente de la Comisi\u00f3n Municipal de Folklore e intendente de Cosqu\u00edn,\u00a0<strong>Ra\u00fal Cardinali<\/strong>. Luego<strong>\u00a0<\/strong>lleg\u00f3 el momento m\u00e1s esperado: el anuncio de la programaci\u00f3n de las nueve lunas de la pr\u00f3xima edici\u00f3n.<\/p>\n<h3 class=\"wp-block-heading\">Primera Luna \u2013 S\u00e1bado 24 de enero<\/h3>\n<p>Christian Herrera (Consagraci\u00f3n 2025)<\/p>\n<p>Jairo<\/p>\n<p>Los Manseros Santiague\u00f1os<\/p>\n<p>Susana Baca<\/p>\n<p>Horacio Banegas<\/p>\n<p>Mati Rojas<\/p>\n<p>Emanuel Ayala (Revelaci\u00f3n 2025)<\/p>\n<p>Jorge Rojas<\/p>\n<p>Pre-Cosqu\u00edn: Solista Vocal<\/p>\n<p>Pre-Cosqu\u00edn: Conjunto Vocal<\/p>\n<p>Delegaci\u00f3n Rosario<\/p>\n<p>Precio de la entrada de la primera luna desde\u00a0<strong>$35.200<\/strong>\u00a0(incluido el cargo de servicio)<\/p>\n<h3 class=\"wp-block-heading\">Segunda Luna \u2013 Domingo 25 de enero<\/h3>\n<p><strong>D\u00fao Coplanacu<\/strong><\/p>\n<p><strong>Nahuel Pennisi<\/strong><\/p>\n<p><strong>Flor Castro<\/strong><\/p>\n<p><strong>Raly Barrionuevo<\/strong><\/p>\n<p><strong>Paola Bernal\u00a0<\/strong><\/p>\n<p><strong>Facundo Toro<\/strong><\/p>\n<p><strong>Cazzu<\/strong><\/p>\n<p><strong>Pre-Cosqu\u00edn: Pareja de Baile estilizado<\/strong><\/p>\n<p><strong>Delegaci\u00f3n\u00a0provincial<\/strong><\/p>\n<p>Precio de la entrada de la segunda luna desde<strong>\u00a0$41.800<\/strong>\u00a0(incluido el cargo de servicio)<\/p>\n<h3 class=\"wp-block-heading\">Tercera Luna \u2013 Lunes 26 de enero<\/h3>\n<p><strong>Ahyre<\/strong><\/p>\n<p><strong>Luciana Jury<\/strong><\/p>\n<p><strong>Guitarreros<\/strong><\/p>\n<p><strong>Duratierra<\/strong><\/p>\n<p><strong>Lucia Ceresani<\/strong><\/p>\n<p><strong>Cristian Capurelli<\/strong><\/p>\n<p><strong>Abel Pintos<\/strong><\/p>\n<p><strong>Pre-Cosqu\u00edn: Conjunto Instrumental<\/strong><\/p>\n<p><strong>Pre-Cosquin: Solista de Malambo Masculino<\/strong><\/p>\n<p><strong>Delegaci\u00f3n internacional<\/strong><\/p>\n<p>Precio de la entrada de la tercera luna desde\u00a0<strong>$35.200<\/strong>\u00a0(incluido el cargo de servicio)<\/p>\n<h3 class=\"wp-block-heading\">Cuarta Luna \u2013 Martes 27 de enero<\/h3>\n<p><strong>L\u00e1zaro Caballero<\/strong><\/p>\n<p><strong>Mariana Carrizo<\/strong><\/p>\n<p><strong>Orellana Lucca<\/strong><\/p>\n<p><strong>La Cruzada<\/strong><\/p>\n<p><strong>(Destacado Espect\u00e1culos Callejeros 2025)<\/strong><\/p>\n<p><strong>Paquito Oca\u00f1o<\/strong><\/p>\n<p><strong>Micaela Chauque Yoel Hern\u00e1ndez<\/strong><\/p>\n<p><strong>Lucio \u00abEl Indio\u00bb Rojas\u00a0<\/strong><\/p>\n<p><strong>Pre-Cosqu\u00edn: Conjunto de Malambo\u00a0<\/strong><\/p>\n<p><strong>Pre-Cosqu\u00edn: D\u00fao Vocal<\/strong><\/p>\n<p><strong>Delegaci\u00f3n internacional<\/strong><\/p>\n<p>Precio de la entrada de la cuarta luna desde\u00a0<strong>$30.800<\/strong>\u00a0(incluido el cargo de servicio)<\/p>\n<h3 class=\"wp-block-heading\">Quinta Luna \u2013 Mi\u00e9rcoles 28 de enero<\/h3>\n<p><strong>Leandro Lovato<\/strong><\/p>\n<p><strong>La Callejera<\/strong><\/p>\n<p><strong>Silvia Lallana<\/strong><\/p>\n<p><strong>Garup\u00e1: Celebrando a Ram\u00f3n Ayala (Joel Tortul-Juli\u00e1n Venegas y Homero Chiavarino)<\/strong><\/p>\n<p><strong>D\u00fao Palma Sandoval<\/strong><\/p>\n<p><strong>Ariel Ardit<\/strong><\/p>\n<p><strong>Lucio Taragno<\/strong><\/p>\n<p><strong>Luciano Pereyra<\/strong><\/p>\n<p><strong>Pre-Cosqu\u00edn: Conjunto de Baile<\/strong><\/p>\n<p><strong>Pre-Cosqu\u00edn: Canci\u00f3n In\u00e9dita\u00a0<\/strong><\/p>\n<p><strong>Delegaci\u00f3n<\/strong><\/p>\n<p>Precio de la entrada de la quinta luna desde\u00a0<strong>$35.200<\/strong>\u00a0(incluido el cargo de servicio)<\/p>\n<h3 class=\"wp-block-heading\">Sexta Luna \u2013 Jueves 29 de enero<\/h3>\n<p><strong>Los Nocheros<\/strong><\/p>\n<p><strong>Destino San Javier<\/strong><\/p>\n<p><strong>Yamila Cafrune<\/strong><\/p>\n<p><strong>Homenaje a Musha Carabajal<\/strong><\/p>\n<p><strong>Lautaro Rojas<\/strong><\/p>\n<p><strong>Bruno Arias\u00a0<\/strong><\/p>\n<p><strong>Ceibo<\/strong><\/p>\n<p><strong>Los Tekis<\/strong><\/p>\n<p><strong>Pre-Cosqu\u00edn: Solista Vocal<\/strong><\/p>\n<p><strong>Delegaci\u00f3n internacional de Jap\u00f3n<\/strong><\/p>\n<p><strong>Delegaci\u00f3n provincial<\/strong><\/p>\n<p>Precio de la entrada de la sexta luna desde\u00a0<strong>$30.800\u00a0<\/strong>(incluido el cargo de servicio)<\/p>\n<h3 class=\"wp-block-heading\">S\u00e9ptima Luna \u2013 Viernes 30 de enero<\/h3>\n<p><strong>Juan Fuentes<\/strong><\/p>\n<p><strong>Jos\u00e9 Luis Aguirre<\/strong><\/p>\n<p><strong>El Encuentro<\/strong><\/p>\n<p><strong>(Rom\u00e1n Ramonda \u2013 Fabricio Rodriguez \u2013 Pachi Herrera)<\/strong><\/p>\n<p><strong>Nati Pastorutti<\/strong><\/p>\n<p><strong>Emiliano Zerbini<\/strong><\/p>\n<p><strong>Juanjo Abreg\u00fa<\/strong><\/p>\n<p><strong>Adriana Rojas<\/strong><\/p>\n<p><strong>Chaque\u00f1o Palavecino<\/strong><\/p>\n<p><strong>Pre-Cosqu\u00edn: Solista de Malambo Femenino<\/strong><\/p>\n<p><strong>Pre-Cosqu\u00edn: Solista Instrumental<\/strong><\/p>\n<p><strong>Delegaci\u00f3n provincial<\/strong><\/p>\n<p>Precio de la entrada de la s\u00e9ptima luna desde\u00a0<strong>$30.800<\/strong>\u00a0(incluido el cargo de servicio)<\/p>\n<h3 class=\"wp-block-heading\">Octava Luna \u2013 S\u00e1bado 31 de enero<\/h3>\n<p><strong>Juntos la Leyenda Contin\u00faa<\/strong><\/p>\n<p><strong>(Los 4 de C\u00f3rdoba y Por siempre Tucu)<\/strong><\/p>\n<p><strong>Suna Rocha<\/strong><\/p>\n<p><strong>Juan I\u00f1aki<\/strong><\/p>\n<p><strong>Yamila Aguado<\/strong><\/p>\n<p><strong>(Revelaci\u00f3n 2025)<\/strong><\/p>\n<p><strong>Pablo Lozano<\/strong><\/p>\n<p><strong>Adri\u00e1n Maggi<\/strong><\/p>\n<p><strong>Soledad 30 A\u00f1os<\/strong><\/p>\n<p><strong>Pre-Cosqu\u00edn: Pareja de Baile Tradicional<\/strong><\/p>\n<p><strong>Delegaci\u00f3n internacional<\/strong><\/p>\n<p>Precio de la entrada de la octava luna desde\u00a0<strong>$35.200<\/strong>\u00a0(incluido el cargo de servicio)<\/p>\n<h3 class=\"wp-block-heading\">Novena Luna \u2013 Domingo 1 de febrero<\/h3>\n<p><strong>Peteco Carabajal<\/strong><\/p>\n<p><strong>Campedrinos<\/strong><\/p>\n<p><strong>Teresa Parodi<\/strong><\/p>\n<p><strong>Cuti y Roberto Carabajal<\/strong><\/p>\n<p><strong>Maggie Cullen<\/strong><\/p>\n<p><strong>Gauchos of The Pampa<\/strong><\/p>\n<p><strong>Milo J<\/strong><\/p>\n<p><strong>Entrega de Premios<\/strong><\/p>\n<p>Precio de la entrada de la novena luna desde\u00a0<strong>$41.800\u00a0<\/strong>(incluido el cargo de servicio)<\/p>\n<\/div>\n<\/div>\n<\/article>\n<\/div>\n","protected":false},"excerpt":{"rendered":"<p>La comisi\u00f3n organizadora indic\u00f3 que el festival se extender\u00e1 del 24 de enero al 1 de febrero de 2026. La presentaci\u00f3n del Festival de Cosqu\u00edn 2026 se realiz\u00f3 en el Monumento a la Bandera. SANTA FE.- En la jornada de ayer se realiz\u00f3 la presentaci\u00f3n del\u00a066\u00b0\u00a0Festival Nacional de Folklore de Cosqu\u00edn. El acto se realiz\u00f3 &hellip;<\/p>\n","protected":false},"author":2,"featured_media":11862,"comment_status":"open","ping_status":"open","sticky":false,"template":"","format":"standard","meta":{"footnotes":""},"categories":[30,33],"tags":[2594],"class_list":["post-11861","post","type-post","status-publish","format-standard","has-post-thumbnail","hentry","category-cultura-y-espectaculos","category-nacionales","tag-cosquin-2026"],"_links":{"self":[{"href":"https:\/\/cafeprensa.com.ar\/index.php\/wp-json\/wp\/v2\/posts\/11861","targetHints":{"allow":["GET"]}}],"collection":[{"href":"https:\/\/cafeprensa.com.ar\/index.php\/wp-json\/wp\/v2\/posts"}],"about":[{"href":"https:\/\/cafeprensa.com.ar\/index.php\/wp-json\/wp\/v2\/types\/post"}],"author":[{"embeddable":true,"href":"https:\/\/cafeprensa.com.ar\/index.php\/wp-json\/wp\/v2\/users\/2"}],"replies":[{"embeddable":true,"href":"https:\/\/cafeprensa.com.ar\/index.php\/wp-json\/wp\/v2\/comments?post=11861"}],"version-history":[{"count":2,"href":"https:\/\/cafeprensa.com.ar\/index.php\/wp-json\/wp\/v2\/posts\/11861\/revisions"}],"predecessor-version":[{"id":11864,"href":"https:\/\/cafeprensa.com.ar\/index.php\/wp-json\/wp\/v2\/posts\/11861\/revisions\/11864"}],"wp:featuredmedia":[{"embeddable":true,"href":"https:\/\/cafeprensa.com.ar\/index.php\/wp-json\/wp\/v2\/media\/11862"}],"wp:attachment":[{"href":"https:\/\/cafeprensa.com.ar\/index.php\/wp-json\/wp\/v2\/media?parent=11861"}],"wp:term":[{"taxonomy":"category","embeddable":true,"href":"https:\/\/cafeprensa.com.ar\/index.php\/wp-json\/wp\/v2\/categories?post=11861"},{"taxonomy":"post_tag","embeddable":true,"href":"https:\/\/cafeprensa.com.ar\/index.php\/wp-json\/wp\/v2\/tags?post=11861"}],"curies":[{"name":"wp","href":"https:\/\/api.w.org\/{rel}","templated":true}]}}