{"id":11868,"date":"2025-10-17T15:51:14","date_gmt":"2025-10-17T13:51:14","guid":{"rendered":"https:\/\/cafeprensa.com.ar\/?p=11868"},"modified":"2025-10-17T16:31:46","modified_gmt":"2025-10-17T14:31:46","slug":"la-camioneta-en-la-que-viajaba-juan-manuel-urtubey-fue-baleada","status":"publish","type":"post","link":"https:\/\/cafeprensa.com.ar\/index.php\/2025\/10\/17\/la-camioneta-en-la-que-viajaba-juan-manuel-urtubey-fue-baleada\/","title":{"rendered":"La camioneta en la que viajaba Juan Manuel Urtubey fue baleada"},"content":{"rendered":"<p><b>La camioneta en la que viajaba el exgobernador de Salta Juan Manuel Urtubey fue baleada este mi\u00e9rcoles por la ma\u00f1ana mientras circulaba por la ruta provincial 5. Dentro del veh\u00edculo se encontraban otras tres personas adem\u00e1s del candidato a senador nacional y, tras el ataque, el chofer radic\u00f3 una denuncia en la<\/b><\/p>\n<p><b> Comisar\u00eda 101 de San Lorenzo. De momento, no se pudo identificar a las personas implicadas.<\/b><\/p>\n<p>Fuentes cercanas al exgobernador confirmaron el ataque y aclararon que se produjo cuando viajaba desde Or\u00e1n a General Pizarro por la ruta provincial cinco. <strong>\u201cNo hay v\u00edctimas ni lesionados. \u00c9l est\u00e1 perfecto y continu\u00f3 con la campa\u00f1a hasta que a la tarde lleg\u00f3 a la ciudad de Salta y formul\u00f3 la denuncia penal\u201d<\/strong>, destacaron.<\/p>\n<p><strong>Seg\u00fan inform\u00f3 el medio local El Tribuno, Carlos Mar\u00eda Garc\u00eda Bes, secretario de Urtubey<\/strong> y quien estaba manejando la camioneta Toyota Hilux color gris al momento del impacto, relat\u00f3 en la denuncia que escuch\u00f3 repentinamente un impacto de bala contra la ventana trasera izquierda, sobre el cual asegur\u00f3 que no se trat\u00f3 de <strong>\u201cun simple proyectil\u201d, lo que alert\u00f3 a los pasajeros y provoc\u00f3 la rotura total del vidrio. En tanto, no se registraron heridos y la causa qued\u00f3 bajo la car\u00e1tula de \u201cda\u00f1os\u201d.<\/strong><\/p>\n<div>En el veh\u00edculo, <strong>que pertenece a la empresa Frigor\u00edfico del NOA, de la cual Urtubey es titular,<\/strong> viajaban cuatro personas: Garc\u00eda Bes al volante; el exgobernador, ubicado en el asiento trasero derecho; Joaqu\u00edn Guzm\u00e1n, en el asiento trasero izquierdo; y Arnaldo L\u00f3pez, en la parte trasera derecha.<\/div>\n","protected":false},"excerpt":{"rendered":"<p>La camioneta en la que viajaba el exgobernador de Salta Juan Manuel Urtubey fue baleada este mi\u00e9rcoles por la ma\u00f1ana mientras circulaba por la ruta provincial 5. Dentro del veh\u00edculo se encontraban otras tres personas adem\u00e1s del candidato a senador nacional y, tras el ataque, el chofer radic\u00f3 una denuncia en la Comisar\u00eda 101 de &hellip;<\/p>\n","protected":false},"author":2,"featured_media":11869,"comment_status":"open","ping_status":"open","sticky":false,"template":"","format":"standard","meta":{"footnotes":""},"categories":[33,25],"tags":[2595],"class_list":["post-11868","post","type-post","status-publish","format-standard","has-post-thumbnail","hentry","category-nacionales","category-politica","tag-juan-manuel-urtubey"],"_links":{"self":[{"href":"https:\/\/cafeprensa.com.ar\/index.php\/wp-json\/wp\/v2\/posts\/11868","targetHints":{"allow":["GET"]}}],"collection":[{"href":"https:\/\/cafeprensa.com.ar\/index.php\/wp-json\/wp\/v2\/posts"}],"about":[{"href":"https:\/\/cafeprensa.com.ar\/index.php\/wp-json\/wp\/v2\/types\/post"}],"author":[{"embeddable":true,"href":"https:\/\/cafeprensa.com.ar\/index.php\/wp-json\/wp\/v2\/users\/2"}],"replies":[{"embeddable":true,"href":"https:\/\/cafeprensa.com.ar\/index.php\/wp-json\/wp\/v2\/comments?post=11868"}],"version-history":[{"count":3,"href":"https:\/\/cafeprensa.com.ar\/index.php\/wp-json\/wp\/v2\/posts\/11868\/revisions"}],"predecessor-version":[{"id":11872,"href":"https:\/\/cafeprensa.com.ar\/index.php\/wp-json\/wp\/v2\/posts\/11868\/revisions\/11872"}],"wp:featuredmedia":[{"embeddable":true,"href":"https:\/\/cafeprensa.com.ar\/index.php\/wp-json\/wp\/v2\/media\/11869"}],"wp:attachment":[{"href":"https:\/\/cafeprensa.com.ar\/index.php\/wp-json\/wp\/v2\/media?parent=11868"}],"wp:term":[{"taxonomy":"category","embeddable":true,"href":"https:\/\/cafeprensa.com.ar\/index.php\/wp-json\/wp\/v2\/categories?post=11868"},{"taxonomy":"post_tag","embeddable":true,"href":"https:\/\/cafeprensa.com.ar\/index.php\/wp-json\/wp\/v2\/tags?post=11868"}],"curies":[{"name":"wp","href":"https:\/\/api.w.org\/{rel}","templated":true}]}}