{"id":11873,"date":"2025-10-18T16:48:57","date_gmt":"2025-10-18T14:48:57","guid":{"rendered":"https:\/\/cafeprensa.com.ar\/?p=11873"},"modified":"2025-10-18T16:49:58","modified_gmt":"2025-10-18T14:49:58","slug":"yedlin-tres-bancas-seria-un-triunfo-historico-porque-entenderiamos-que-la-gente-comprende-que-el-proyecto-de-milei-no-es-el-camino","status":"publish","type":"post","link":"https:\/\/cafeprensa.com.ar\/index.php\/2025\/10\/18\/yedlin-tres-bancas-seria-un-triunfo-historico-porque-entenderiamos-que-la-gente-comprende-que-el-proyecto-de-milei-no-es-el-camino\/","title":{"rendered":"Yedlin: \u00abTres bancas ser\u00eda un triunfo hist\u00f3rico porque entender\u00edamos que la gente comprende que el proyecto de Milei no es el camino\u00bb"},"content":{"rendered":"<p data-start=\"477\" data-end=\"776\">El diputado nacional <strong data-start=\"498\" data-end=\"514\">Pablo Yedlin<\/strong> dialog\u00f3 con <em data-start=\"527\" data-end=\"540\">Caf\u00e9 Prensa<\/em> sobre su gesti\u00f3n legislativa en la C\u00e1mara de Diputados y el panorama pol\u00edtico nacional de cara a las elecciones intermedias. Adem\u00e1s, comparti\u00f3 su mirada sobre la situaci\u00f3n en Tucum\u00e1n y respondi\u00f3 al tradicional Ping Pong del programa.<\/p>\n<p data-start=\"778\" data-end=\"1306\">Al referirse a su labor en el Congreso, Yedlin destac\u00f3 su participaci\u00f3n activa en la elaboraci\u00f3n y aprobaci\u00f3n de diversas leyes. \u201cComo diputado hubo siete leyes que fueron aprobadas, de las cuales soy autor\u201d, explic\u00f3. En esa l\u00ednea, record\u00f3 que a lo largo de su trayectoria \u201ctodas las leyes referidas a la salud pasaron por mis manos al haber sido parte de la comisi\u00f3n; aunque solo acompa\u00f1e con firmas, es un orgullo haber sido parte\u201d. Entre sus logros m\u00e1s relevantes, subray\u00f3: \u201cLa Ley de Vacunas es uno de mis mayores logros\u201d.<\/p>\n<p data-start=\"1308\" data-end=\"1962\">Consultado sobre el funcionamiento del Congreso en el contexto actual, el legislador analiz\u00f3 las tensiones pol\u00edticas con el Ejecutivo. \u201cHoy, que es un contexto pol\u00edtico complejo en el que Javier Milei considera a los funcionarios casta, es muy parcial su administraci\u00f3n, porque uno, por ejemplo, en la presidencia de la C\u00e1mara de Diputados elige a una persona dentro de la l\u00ednea de Gobierno\u201d, expres\u00f3. Adem\u00e1s, remarc\u00f3 diferencias estructurales en el funcionamiento parlamentario: \u201cEl manejo del reglamento exige mayor\u00edas especiales diferentes a la C\u00e1mara del Senado, a pesar de que la Constituci\u00f3n es clara; eso nos pas\u00f3 con la Ley de Coparticipaci\u00f3n\u201d.<\/p>\n<p data-start=\"1964\" data-end=\"2637\">Yedlin tambi\u00e9n desminti\u00f3 que el Congreso no haya brindado apoyo al Gobierno nacional durante el primer a\u00f1o de gesti\u00f3n. \u201cEs falso que no tuvo apoyo, porque logr\u00f3 sacar la Ley de Bases. Milei tuvo un acompa\u00f1amiento impensado para la cantidad de diputados que tiene en la c\u00e1mara durante el primer a\u00f1o\u201d, aclar\u00f3. Sin embargo, marc\u00f3 su distancia respecto de ese acompa\u00f1amiento y explic\u00f3 los motivos: \u201cDesde mi parte no lo apoy\u00e9 porque el plan de gobierno no es algo que benefici\u00e9 a los argentinos. Si est\u00e1 en contra de la producci\u00f3n, del trabajo, de la educaci\u00f3n p\u00fablica, de la obra p\u00fablica, no podemos esperar que le vaya bien sin que nos afecte, y hoy nos est\u00e1 yendo p\u00e9simo\u201d.<\/p>\n<p data-start=\"2639\" data-end=\"3279\">En su an\u00e1lisis sobre el rol del Congreso en el \u00faltimo a\u00f1o, el diputado sostuvo que \u201cel Congreso tom\u00f3 un rol de resistencia porque esta pol\u00edtica de ajuste fue contra los discapacitados y los jubilados\u201d. Se\u00f1al\u00f3 que, a pesar de los esfuerzos legislativos, muchas decisiones quedaron suspendidas por el Ejecutivo. \u201cDesde las c\u00e1maras aprobamos leyes y rechazamos vetos, pero hoy est\u00e1n en suspenso. Es rid\u00edculo, por ejemplo, lo del Garrahan, porque cobran lo que percib\u00edan en 2023 actualizado por inflaci\u00f3n, lo cual tiene un costo fiscal de 90 millones de d\u00f3lares anuales, un monto que no representa nada para el presupuesto nacional\u201d, detall\u00f3.<\/p>\n<p data-start=\"3281\" data-end=\"3738\">En ese sentido, Yedlin advirti\u00f3 que \u201clo que Milei debe hacer es cambiar la relaci\u00f3n con el Congreso para generar estabilidad y respetar al Congreso como un poder del Estado\u201d. Subray\u00f3 que la gobernabilidad requiere equilibrio entre los tres poderes: \u201cEsta gobernabilidad requiere del Congreso, del Judicial y del Ejecutivo. No se construye desde el lado del Ejecutivo solamente, como si fuera un imperio, porque se construye desde el consenso\u201d, reflexion\u00f3.<\/p>\n<h3 data-start=\"3740\" data-end=\"3790\">Pol\u00edtica provincial y elecciones intermedias<\/h3>\n<p data-start=\"3792\" data-end=\"4373\">Al referirse al panorama electoral en Tucum\u00e1n, Yedlin asegur\u00f3 que \u201cestamos haciendo una campa\u00f1a con una unidad virtuosa\u201d. Explic\u00f3 que el frente electoral busca consolidarse como una oposici\u00f3n firme en el Congreso: \u201cEsperamos que sea un primer paso para que vayamos todos juntos y se plasme en el Congreso Nacional como una oposici\u00f3n frontal a cuestiones como los combustibles l\u00edquidos, que se mantenga el Garrahan, entre otros temas. No hablamos de cosas peque\u00f1as, y el Gobierno usa y abusa de pr\u00e1cticas pol\u00edticas como presionar a las provincias con el tema de los presupuestos\u201d.<\/p>\n<p data-start=\"4375\" data-end=\"5108\">Respecto a las declaraciones del gobernador <strong data-start=\"4419\" data-end=\"4436\">Osvaldo Jaldo<\/strong> sobre la posibilidad de que el peronismo obtenga tres bancas en los pr\u00f3ximos comicios, Yedlin consider\u00f3 que \u201cser\u00eda un triunfo hist\u00f3rico, ojal\u00e1 se nos d\u00e9, porque entender\u00edamos que la gente comprende que el proyecto de Milei no es el camino\u201d. Agreg\u00f3 que \u201csi en Tucum\u00e1n se plantea un 3 a 1, ser\u00eda muy importante para el espacio; ojal\u00e1 las otras provincias se sumen a esto, porque generar\u00e1 la necesidad de Milei de cambiar y repensar sus pol\u00edticas\u201d. A pesar del optimismo, reconoci\u00f3 las dificultades del escenario electoral: \u201cSabemos que es dif\u00edcil, pero debemos ver c\u00f3mo se polariza, as\u00ed que espero que el gobernador Jaldo tenga raz\u00f3n sobre que podemos sacar tres bancas\u201d.<\/p>\n<p data-start=\"5110\" data-end=\"5751\">Consultado sobre su escasa presencia en actos proselitistas, el legislador aclar\u00f3 que su ausencia se debi\u00f3 a cuestiones de agenda y estrategia pol\u00edtica. \u201cParticip\u00e9 de pocos actos por mi actividad en el Congreso, pero tambi\u00e9n estuve enfocado en sumar otros peronistas que no estuvieron de acuerdo con alguna decisi\u00f3n del gobernador, ya que queremos que nos acompa\u00f1en en esta elecci\u00f3n y apoyen a Noguera para que lleve nuestra voz al Congreso\u201d, explic\u00f3. En ese sentido, enfatiz\u00f3: \u201cBuscamos llegar a todos los lugares para explicar la necesidad de que Noguera llegue al Congreso y me acompa\u00f1e en la defensa de los intereses de los tucumanos\u201d.<\/p>\n<h3 data-start=\"5753\" data-end=\"5768\">Ping Pong<\/h3>\n<p data-start=\"5770\" data-end=\"6254\">En la secci\u00f3n final del encuentro, Yedlin respondi\u00f3 al cl\u00e1sico Ping Pong de <em data-start=\"5846\" data-end=\"5859\">Caf\u00e9 Prensa<\/em>. Asegur\u00f3 que \u201cfunciona la justicia en Tucum\u00e1n\u201d y calific\u00f3 con un <strong data-start=\"5925\" data-end=\"5930\">8<\/strong> la gesti\u00f3n del gobernador <strong data-start=\"5957\" data-end=\"5974\">Osvaldo Jaldo<\/strong>. Tambi\u00e9n afirm\u00f3 que \u201cen el PJ no hay interna, estamos juntos\u201d y consider\u00f3 que \u201cel mejor gobernador de los \u00faltimos 40 a\u00f1os fue Alperovich\u201d. Finalmente, anticip\u00f3 que \u201cpodr\u00eda ser candidato a legislador en 2027\u201d y sostuvo que \u201cla gesti\u00f3n de Chahla es mucho mejor que la de Alfaro\u201d.<\/p>\n<p>&nbsp;<\/p>\n<p>&nbsp;<\/p>\n<p>&nbsp;<\/p>\n<p>&nbsp;<\/p>\n","protected":false},"excerpt":{"rendered":"<p>El diputado nacional Pablo Yedlin dialog\u00f3 con Caf\u00e9 Prensa sobre su gesti\u00f3n legislativa en la C\u00e1mara de Diputados y el panorama pol\u00edtico nacional de cara a las elecciones intermedias. Adem\u00e1s, comparti\u00f3 su mirada sobre la situaci\u00f3n en Tucum\u00e1n y respondi\u00f3 al tradicional Ping Pong del programa. Al referirse a su labor en el Congreso, Yedlin &hellip;<\/p>\n","protected":false},"author":2,"featured_media":11881,"comment_status":"open","ping_status":"open","sticky":false,"template":"","format":"standard","meta":{"footnotes":""},"categories":[34],"tags":[916,102,2596,976,200,265,442,770],"class_list":["post-11873","post","type-post","status-publish","format-standard","has-post-thumbnail","hentry","category-locales","tag-camara-de-diputados","tag-congreso","tag-eleccion-intermedia","tag-elecciones","tag-javier-milei","tag-osvaldo-jaldo","tag-pablo-yedlin","tag-peronismo"],"_links":{"self":[{"href":"https:\/\/cafeprensa.com.ar\/index.php\/wp-json\/wp\/v2\/posts\/11873","targetHints":{"allow":["GET"]}}],"collection":[{"href":"https:\/\/cafeprensa.com.ar\/index.php\/wp-json\/wp\/v2\/posts"}],"about":[{"href":"https:\/\/cafeprensa.com.ar\/index.php\/wp-json\/wp\/v2\/types\/post"}],"author":[{"embeddable":true,"href":"https:\/\/cafeprensa.com.ar\/index.php\/wp-json\/wp\/v2\/users\/2"}],"replies":[{"embeddable":true,"href":"https:\/\/cafeprensa.com.ar\/index.php\/wp-json\/wp\/v2\/comments?post=11873"}],"version-history":[{"count":6,"href":"https:\/\/cafeprensa.com.ar\/index.php\/wp-json\/wp\/v2\/posts\/11873\/revisions"}],"predecessor-version":[{"id":11882,"href":"https:\/\/cafeprensa.com.ar\/index.php\/wp-json\/wp\/v2\/posts\/11873\/revisions\/11882"}],"wp:featuredmedia":[{"embeddable":true,"href":"https:\/\/cafeprensa.com.ar\/index.php\/wp-json\/wp\/v2\/media\/11881"}],"wp:attachment":[{"href":"https:\/\/cafeprensa.com.ar\/index.php\/wp-json\/wp\/v2\/media?parent=11873"}],"wp:term":[{"taxonomy":"category","embeddable":true,"href":"https:\/\/cafeprensa.com.ar\/index.php\/wp-json\/wp\/v2\/categories?post=11873"},{"taxonomy":"post_tag","embeddable":true,"href":"https:\/\/cafeprensa.com.ar\/index.php\/wp-json\/wp\/v2\/tags?post=11873"}],"curies":[{"name":"wp","href":"https:\/\/api.w.org\/{rel}","templated":true}]}}