{"id":11900,"date":"2025-10-20T22:45:03","date_gmt":"2025-10-20T20:45:03","guid":{"rendered":"https:\/\/cafeprensa.com.ar\/?p=11900"},"modified":"2025-10-20T22:45:03","modified_gmt":"2025-10-20T20:45:03","slug":"made-in-tucuman-un-biologo-taficeno-crea-jugos-con-probioticos-y-omega-3","status":"publish","type":"post","link":"https:\/\/cafeprensa.com.ar\/index.php\/2025\/10\/20\/made-in-tucuman-un-biologo-taficeno-crea-jugos-con-probioticos-y-omega-3\/","title":{"rendered":"Made in Tucum\u00e1n: un bi\u00f3logo tafice\u00f1o crea jugos con probi\u00f3ticos y omega-3"},"content":{"rendered":"<div class=\"td-post-header\"><\/div>\n<div class=\"td-post-sharing-top\">\n<div class=\"td-social-but-icon\"><span style=\"font-size: 12pt;\"><strong>Ciencia joven con sello tucumano<\/strong><\/span><\/div>\n<\/div>\n<div class=\"td-post-content tagdiv-type\">\n<p>El bi\u00f3logo tafice\u00f1o\u00a0<strong>Facundo Escobar<\/strong>, licenciado en Ciencias Biol\u00f3gicas y becario doctoral del CONICET, durante una entrevista con\u00a0<strong>David Correa<\/strong>\u00a0en el programa\u00a0<em><strong>Mediod\u00edas Tafice\u00f1os (Dale FM 104.7)<\/strong><\/em>, present\u00f3 su investigaci\u00f3n sobre\u00a0<strong>bebidas fermentadas con probi\u00f3ticos y \u00e1cidos grasos omega-3<\/strong>, elaboradas con frutas regionales.<\/p>\n<blockquote><p>\u201cBuscamos generar una bebida funcional que combine probi\u00f3ticos con omega-3, aportando beneficios para la salud\u201d, explic\u00f3 Escobar.<\/p><\/blockquote>\n<p>El proyecto forma parte de su doctorado en Ciencias Biol\u00f3gicas, que desarrolla en el\u00a0<strong>Centro de Referencia para Lactobacilos (CERELA)<\/strong>, reconocido por su trabajo en biotecnolog\u00eda alimentaria.<\/p>\n<p>&nbsp;<\/p>\n<h3><strong>Frutas del norte, innovaci\u00f3n global<\/strong><\/h3>\n<p>Bajo la direcci\u00f3n de la doctora\u00a0<strong>Karina van<\/strong>\u00a0<strong>Nieuwenhove<\/strong>, tambi\u00e9n tafice\u00f1a, el equipo trabaja con\u00a0<strong>mora, ar\u00e1ndano y granada<\/strong>, frutas ricas en antioxidantes y con potencial productivo en Tucum\u00e1n.<\/p>\n<p><strong>\u201cLa novedad es que logramos unir en una sola bebida los beneficios de los probi\u00f3ticos y del omega-3\u201d<\/strong>, detall\u00f3 Escobar.<\/p>\n<p>El desarrollo se diferencia de los tradicionales l\u00e1cteos fermentados, como yogures o leche bio, al usar jugos de frutas como base.<\/p>\n<h3><strong>Microencapsulaci\u00f3n: la t\u00e9cnica detr\u00e1s del sabor<\/strong><\/h3>\n<p>Uno de los mayores desaf\u00edos del proyecto fue incorporar el omega-3, que es un aceite, en una matriz l\u00edquida y \u00e1cida.<\/p>\n<p>La soluci\u00f3n lleg\u00f3 mediante la\u00a0<strong>microencapsulaci\u00f3n<\/strong>, un proceso que convierte el aceite en polvo estable, evitando su oxidaci\u00f3n y preservando el sabor del jugo.<\/p>\n<blockquote><p>\u201cEs un trabajo de laboratorio muy largo, de ensayo y error, pero que abre una puerta enorme para crear alimentos saludables desde Tucum\u00e1n\u201d, se\u00f1al\u00f3 el investigador.<\/p><\/blockquote>\n<h3><strong>El impulso de la ciencia p\u00fablica<\/strong><\/h3>\n<p>Escobar presentar\u00e1 sus avances en las\u00a0<strong>Jornadas Internacionales de J\u00f3venes Investigadores<\/strong>, que se realizar\u00e1n del 5 al 7 de noviembre en la Quinta Agron\u00f3mica de Tucum\u00e1n.<\/p>\n<p>Durante la entrevista, subray\u00f3 la relevancia del sistema cient\u00edfico estatal:<\/p>\n<blockquote><p>\u201cEl CONICET tiene recursos humanos valios\u00edsimos. Aunque el financiamiento sea escaso, seguimos trabajando para generar conocimiento con impacto social\u201d.<\/p><\/blockquote>\n<h3><strong>De Taf\u00ed Viejo al mundo<\/strong><\/h3>\n<p>Con orgullo tafice\u00f1o, el joven cient\u00edfico proyecta que su trabajo inspire nuevos desarrollos con sello local.<\/p>\n<blockquote><p>\u201cSer\u00eda un sue\u00f1o que nuestro proyecto tenga el impacto que tuvo la leche bio o el yogurito\u201d, expres\u00f3.<\/p><\/blockquote>\n<p>Desde Mediod\u00edas Tafice\u00f1os, David Correa destac\u00f3 la importancia de apoyar la ciencia local<strong>: \u201cEstos j\u00f3venes son el futuro, y sus investigaciones son la mejor muestra de que Tucum\u00e1n puede innovar con talento propio\u201d<\/strong>.<\/p>\n<p>fuente: https:\/\/libertadexpresion.com.ar\/entrevistas\/made-in-tucuman-un-biologo-taficeno-crea-jugos-con-probioticos-y-omega-3\/<\/p>\n<\/div>\n","protected":false},"excerpt":{"rendered":"<p>Ciencia joven con sello tucumano El bi\u00f3logo tafice\u00f1o\u00a0Facundo Escobar, licenciado en Ciencias Biol\u00f3gicas y becario doctoral del CONICET, durante una entrevista con\u00a0David Correa\u00a0en el programa\u00a0Mediod\u00edas Tafice\u00f1os (Dale FM 104.7), present\u00f3 su investigaci\u00f3n sobre\u00a0bebidas fermentadas con probi\u00f3ticos y \u00e1cidos grasos omega-3, elaboradas con frutas regionales. \u201cBuscamos generar una bebida funcional que combine probi\u00f3ticos con omega-3, aportando &hellip;<\/p>\n","protected":false},"author":2,"featured_media":11901,"comment_status":"open","ping_status":"open","sticky":false,"template":"","format":"standard","meta":{"footnotes":""},"categories":[54,34],"tags":[2603,1086],"class_list":["post-11900","post","type-post","status-publish","format-standard","has-post-thumbnail","hentry","category-interes-ganeral","category-locales","tag-biologo-taficeno-facundo-escobar","tag-tafi-viejo"],"_links":{"self":[{"href":"https:\/\/cafeprensa.com.ar\/index.php\/wp-json\/wp\/v2\/posts\/11900","targetHints":{"allow":["GET"]}}],"collection":[{"href":"https:\/\/cafeprensa.com.ar\/index.php\/wp-json\/wp\/v2\/posts"}],"about":[{"href":"https:\/\/cafeprensa.com.ar\/index.php\/wp-json\/wp\/v2\/types\/post"}],"author":[{"embeddable":true,"href":"https:\/\/cafeprensa.com.ar\/index.php\/wp-json\/wp\/v2\/users\/2"}],"replies":[{"embeddable":true,"href":"https:\/\/cafeprensa.com.ar\/index.php\/wp-json\/wp\/v2\/comments?post=11900"}],"version-history":[{"count":1,"href":"https:\/\/cafeprensa.com.ar\/index.php\/wp-json\/wp\/v2\/posts\/11900\/revisions"}],"predecessor-version":[{"id":11902,"href":"https:\/\/cafeprensa.com.ar\/index.php\/wp-json\/wp\/v2\/posts\/11900\/revisions\/11902"}],"wp:featuredmedia":[{"embeddable":true,"href":"https:\/\/cafeprensa.com.ar\/index.php\/wp-json\/wp\/v2\/media\/11901"}],"wp:attachment":[{"href":"https:\/\/cafeprensa.com.ar\/index.php\/wp-json\/wp\/v2\/media?parent=11900"}],"wp:term":[{"taxonomy":"category","embeddable":true,"href":"https:\/\/cafeprensa.com.ar\/index.php\/wp-json\/wp\/v2\/categories?post=11900"},{"taxonomy":"post_tag","embeddable":true,"href":"https:\/\/cafeprensa.com.ar\/index.php\/wp-json\/wp\/v2\/tags?post=11900"}],"curies":[{"name":"wp","href":"https:\/\/api.w.org\/{rel}","templated":true}]}}