{"id":1196,"date":"2024-02-17T23:46:06","date_gmt":"2024-02-17T22:46:06","guid":{"rendered":"https:\/\/cafeprensa.com.ar\/?p=1196"},"modified":"2024-02-17T23:46:06","modified_gmt":"2024-02-17T22:46:06","slug":"maximo-kirchner-sumo-otro-proyecto-en-defensa-del-fonid","status":"publish","type":"post","link":"https:\/\/cafeprensa.com.ar\/index.php\/2024\/02\/17\/maximo-kirchner-sumo-otro-proyecto-en-defensa-del-fonid\/","title":{"rendered":"M\u00e1ximo Kirchner sum\u00f3 otro proyecto en defensa del FONID"},"content":{"rendered":"<div class=\"post-content\">\n<p>El diputado de UP cont\u00f3 con la colaboraci\u00f3n del gobernador Axel Kicillof. En el texto se refiri\u00f3 a la quita del fondo y consider\u00f3 que \u201cesto no es castigar a los gobernadores, sino perjudicar a todos los argentinos\u201d.<\/p>\n<\/div>\n<div class=\"contenido-post\">\n<p>El diputado nacional\u00a0<strong>M\u00e1ximo Kirchner<\/strong>\u00a0(UP \u2013 Buenos Aires) sum\u00f3 este viernes otro proyecto de ley en defensa del Fondo Nacional de Incentivo Docente (FONID), el cual qued\u00f3 sin vigencia el 1ero. de enero y no fue prorrogado por el Gobierno Nacional tras 25 a\u00f1os.<\/p>\n<p><img loading=\"lazy\" decoding=\"async\" class=\"alignnone size-medium wp-image-1197\" src=\"https:\/\/cafeprensa.com.ar\/wp-content\/uploads\/2024\/02\/Maximo-Kirchner-300x200.webp\" alt=\"\" width=\"300\" height=\"200\" srcset=\"https:\/\/cafeprensa.com.ar\/wp-content\/uploads\/2024\/02\/Maximo-Kirchner-300x200.webp 300w, https:\/\/cafeprensa.com.ar\/wp-content\/uploads\/2024\/02\/Maximo-Kirchner.webp 750w\" sizes=\"auto, (max-width: 300px) 100vw, 300px\" \/><\/p>\n<p>Adem\u00e1s, propuso que \u201cel presupuesto de la Administraci\u00f3n nacional incluir\u00e1 anualmente en la partida presupuestaria correspondiente al Ministerio de Capital Humano, o la repartici\u00f3n que en el futuro lo reemplace, la suma indicada en el p\u00e1rrafo precedente destinada a la financiaci\u00f3n del Fondo Nacional de Incentivo Docente, con cargo a Rentas Generales\u201d.<\/p>\n<p>El texto que Kirchner present\u00f3 cont\u00f3 con la colaboraci\u00f3n del gobernador de la provincia de Buenos Aires,\u00a0<strong>Axel Kicillof<\/strong>, y fue acompa\u00f1ado por los diputados nacionales:\u00a0<strong>Hugo Yasky<\/strong>,\u00a0<strong>Cecilia Moreau, Florencia Carignano, Leila Chaher, Gabriela Est\u00e9vez, Emiliano Estrada, Tomas Ledesma, Magal\u00ed Mastaler, Luciana Potenza, Vanesa Siley, Julia Strada,\u00a0<\/strong><strong>Rodolfo Tailhade<\/strong><strong>,\u00a0<\/strong><strong>Luana Volnovich<\/strong><strong>\u00a0y\u00a0<\/strong><strong>Christian Zulli.<\/strong><\/p>\n<p>El bloque de UP se\u00f1al\u00f3 que \u201clas provincias necesitan los recursos que les corresponden por leyes, decretos o acuerdos previos que surgen del Presupuesto 2023 y que les est\u00e1n siendo ilegalmente retenidos\u201d. \u201cEsto no es castigar a los gobernadores, sino perjudicar a todos los argentinos\u201d, aseveraron.<\/p>\n<p>\u201cLas asimetr\u00edas salariales de los docentes de todo el pa\u00eds, sumadas a la crisis econ\u00f3mica que atravesamos que ya era gravosa pero que fue profundizada con fiereza por parte del Gobierno Nacional\u201d, consideraron. \u201cLejos est\u00e1 de solucionarse quitando recursos que ven\u00edan a intentar resolver aquello\u201d, agregaron en los fundamentos del texto.<\/p>\n<p>Por \u00faltimo, afirmaron que \u201clos recursos del FONID deben ser una pol\u00edtica permanente, hasta tanto las asimetr\u00edas salariales de los docentes de todo el pa\u00eds sigan existiendo\u201d.<\/p>\n<\/div>\n","protected":false},"excerpt":{"rendered":"<p>El diputado de UP cont\u00f3 con la colaboraci\u00f3n del gobernador Axel Kicillof. En el texto se refiri\u00f3 a la quita del fondo y consider\u00f3 que \u201cesto no es castigar a los gobernadores, sino perjudicar a todos los argentinos\u201d. El diputado nacional\u00a0M\u00e1ximo Kirchner\u00a0(UP \u2013 Buenos Aires) sum\u00f3 este viernes otro proyecto de ley en defensa del &hellip;<\/p>\n","protected":false},"author":2,"featured_media":1197,"comment_status":"open","ping_status":"open","sticky":false,"template":"","format":"standard","meta":{"footnotes":""},"categories":[54,33],"tags":[64],"class_list":["post-1196","post","type-post","status-publish","format-standard","has-post-thumbnail","hentry","category-interes-ganeral","category-nacionales","tag-maximo-kirchner"],"_links":{"self":[{"href":"https:\/\/cafeprensa.com.ar\/index.php\/wp-json\/wp\/v2\/posts\/1196","targetHints":{"allow":["GET"]}}],"collection":[{"href":"https:\/\/cafeprensa.com.ar\/index.php\/wp-json\/wp\/v2\/posts"}],"about":[{"href":"https:\/\/cafeprensa.com.ar\/index.php\/wp-json\/wp\/v2\/types\/post"}],"author":[{"embeddable":true,"href":"https:\/\/cafeprensa.com.ar\/index.php\/wp-json\/wp\/v2\/users\/2"}],"replies":[{"embeddable":true,"href":"https:\/\/cafeprensa.com.ar\/index.php\/wp-json\/wp\/v2\/comments?post=1196"}],"version-history":[{"count":1,"href":"https:\/\/cafeprensa.com.ar\/index.php\/wp-json\/wp\/v2\/posts\/1196\/revisions"}],"predecessor-version":[{"id":1199,"href":"https:\/\/cafeprensa.com.ar\/index.php\/wp-json\/wp\/v2\/posts\/1196\/revisions\/1199"}],"wp:featuredmedia":[{"embeddable":true,"href":"https:\/\/cafeprensa.com.ar\/index.php\/wp-json\/wp\/v2\/media\/1197"}],"wp:attachment":[{"href":"https:\/\/cafeprensa.com.ar\/index.php\/wp-json\/wp\/v2\/media?parent=1196"}],"wp:term":[{"taxonomy":"category","embeddable":true,"href":"https:\/\/cafeprensa.com.ar\/index.php\/wp-json\/wp\/v2\/categories?post=1196"},{"taxonomy":"post_tag","embeddable":true,"href":"https:\/\/cafeprensa.com.ar\/index.php\/wp-json\/wp\/v2\/tags?post=1196"}],"curies":[{"name":"wp","href":"https:\/\/api.w.org\/{rel}","templated":true}]}}