{"id":11969,"date":"2025-10-25T17:21:09","date_gmt":"2025-10-25T15:21:09","guid":{"rendered":"https:\/\/cafeprensa.com.ar\/?p=11969"},"modified":"2025-10-25T17:21:09","modified_gmt":"2025-10-25T15:21:09","slug":"leandro-bruni-el-domingo-sera-importante-para-ver-que-lugar-tienen-los-gobernadores-en-el-mapa-electoral","status":"publish","type":"post","link":"https:\/\/cafeprensa.com.ar\/index.php\/2025\/10\/25\/leandro-bruni-el-domingo-sera-importante-para-ver-que-lugar-tienen-los-gobernadores-en-el-mapa-electoral\/","title":{"rendered":"Leandro Bruni: \u201cEl domingo ser\u00e1 importante para ver qu\u00e9 lugar tienen los gobernadores en el mapa electoral\u201d"},"content":{"rendered":"<h3 data-start=\"259\" data-end=\"351\"><\/h3>\n<p data-start=\"353\" data-end=\"623\">El licenciado <strong data-start=\"367\" data-end=\"384\">Leandro Bruni<\/strong> dialog\u00f3 con <em data-start=\"397\" data-end=\"410\">Caf\u00e9 Prensa<\/em> para analizar el panorama pol\u00edtico pos electoral. Adem\u00e1s, se refiri\u00f3 al rol de los gobernadores en la contienda electoral y a los desaf\u00edos que deber\u00e1 afrontar el Gobierno nacional tras los comicios intermedios.<\/p>\n<p data-start=\"625\" data-end=\"1183\">Bruni explic\u00f3 que el an\u00e1lisis del d\u00eda despu\u00e9s depender\u00e1 de m\u00faltiples factores. \u201cPara el lunes hay que ver qu\u00e9 impacto tienen estos resultados. Depender\u00e1 de qu\u00e9 lectura haga la sociedad, y otra lectura ser\u00e1 la de los mercados, que es dif\u00edcil de prever\u201d, se\u00f1al\u00f3. En ese sentido, agreg\u00f3: \u201cTambi\u00e9n habr\u00e1 que ver qu\u00e9 interpretaci\u00f3n realizan los medios y los pol\u00edticos, que no necesariamente tiene que ver con el agregado pa\u00eds, porque no ten\u00e9s un resultado \u00fanico a nivel nacional: cada elecci\u00f3n determinar\u00e1 el n\u00famero de legisladores que conformar\u00e1n los bloques\u201d.<\/p>\n<p data-start=\"1185\" data-end=\"1810\">El analista consider\u00f3 que \u201cseguramente ser\u00e1 un escenario nuevo\u201d, aunque remarc\u00f3 que el contexto actual es m\u00e1s din\u00e1mico que en elecciones anteriores. \u201cEl resultado del domingo, en otros tiempos, era m\u00e1s tajante, pero hoy vivimos un contexto cambiante\u201d, afirm\u00f3. A su vez, sostuvo que \u201cla lectura que hacen los escenarios pol\u00edticos es que tiene que haber una reconfiguraci\u00f3n en base a lo que la sociedad est\u00e1 votando y de cara a 2027, porque ese es el camino que se inicia\u201d. Sobre este punto, advirti\u00f3: \u201cSi te lanz\u00e1s a la presidencia dos a\u00f1os antes, te quemaste, porque la gente penaliza a quienes se lanzan con anticipaci\u00f3n\u201d.<\/p>\n<p data-start=\"1812\" data-end=\"2505\">En relaci\u00f3n con la pol\u00edtica exterior, Bruni analiz\u00f3 el v\u00ednculo con Estados Unidos y la figura de Donald Trump. \u201cSi se observa por segmento, entre los votantes mejora la percepci\u00f3n de EE.UU., que puede haberse estimulado por la cuesti\u00f3n financiera, mientras que globalmente, a nivel Latinoam\u00e9rica, suele haber m\u00e1s rechazo al pa\u00eds norteamericano\u201d, explic\u00f3. Tambi\u00e9n sostuvo que \u201cla inflaci\u00f3n ya no importa tanto como el d\u00f3lar blue, porque el Gobierno la desaceler\u00f3 y la control\u00f3 moment\u00e1neamente. Para el p\u00fablico es un valor que tir\u00f3 hacia abajo, y lo consideran un tema resuelto, que perdi\u00f3 ese lugar en el tope del ranking de preocupaciones, dando lugar a otros problemas como la inseguridad\u201d.<\/p>\n<p data-start=\"2507\" data-end=\"3064\">Bruni tambi\u00e9n destac\u00f3 que los resultados de las elecciones intermedias no deben interpretarse como una predicci\u00f3n autom\u00e1tica de las presidenciales. \u201cPara quienes crean que el resultado del domingo predice el de las presidenciales, hay que decir que, por lo general, desde 1989 hasta 2008, quien ganaba las intermedias ten\u00eda la mitad de probabilidad de ganar las nacionales ejecutivas. Pero desde 2009 hasta 2021, esa tendencia cambi\u00f3, porque la probabilidad estad\u00edstica indica que el ganador de las intermedias no necesariamente ser\u00e1 presidente\u201d, explic\u00f3.<\/p>\n<h3 data-start=\"3066\" data-end=\"3096\">Peronismo y gobernadores<\/h3>\n<p data-start=\"3098\" data-end=\"3514\">Bruni se refiri\u00f3 tambi\u00e9n a los desaf\u00edos internos del peronismo y a la necesidad de renovar su liderazgo. \u201cEn el peronismo ten\u00e9s otros problemas, como el liderazgo y c\u00f3mo estimular la esperanza en el votante. En los grupos focales se observa una reminiscencia de que no est\u00e1 claro cu\u00e1l es el camino, porque no solo hay que recordarle al votante el pasado glorioso, sino tambi\u00e9n mostrarle hacia d\u00f3nde se va\u201d, se\u00f1al\u00f3.<\/p>\n<p data-start=\"3784\" data-end=\"4298\">Respecto al rol de los mandatarios provinciales, Bruni advirti\u00f3 que todav\u00eda es un factor incierto. \u201cEsto es una inc\u00f3gnita, porque los gobernadores son figuras fuertes a nivel local que traccionan internamente, pero no sabemos si lograr\u00e1n, en una elecci\u00f3n nacional, obtener esa misma tracci\u00f3n\u201d, expres\u00f3. En ese marco, concluy\u00f3: \u201cEl domingo ser\u00e1 importante para ver qu\u00e9 lugar tienen los gobernadores; en algunos casos parece que les va bien, y en otros, la pelea es m\u00e1s ajustada. Veremos si surge una tercera v\u00eda\u201d.<\/p>\n<h3 data-start=\"4300\" data-end=\"4338\">El electorado en las intermedias<\/h3>\n<p data-start=\"4340\" data-end=\"4664\">Al analizar el comportamiento de los votantes, Bruni destac\u00f3 la creciente volatilidad electoral. \u201cEn general, la mayor\u00eda de los electores tiende a decidir su voto cerca de las elecciones. Muchos lo hacen directamente en el cuarto oscuro, porque est\u00e1n desconectados y no sienten que su decisi\u00f3n les resuelva algo\u201d, explic\u00f3.<\/p>\n<p data-start=\"4666\" data-end=\"5105\">El especialista advirti\u00f3 que \u201ctodav\u00eda hay una gran cantidad de gente indecisa, que puede representar cerca del 40% del electorado, y eso puede cambiar el panorama. Est\u00e1n entre no saber si ir o a qui\u00e9n votar\u201d. En este punto, remarc\u00f3 que \u201clas encuestas no predicen, solo muestran una foto del momento. Al no ser estable el comportamiento del elector, esto complica el trabajo de los encuestadores: las personas son cada vez m\u00e1s vol\u00e1tiles\u201d.<\/p>\n<p data-start=\"5107\" data-end=\"5793\">Por \u00faltimo, Bruni record\u00f3 que la ausencia de las PASO cambia la din\u00e1mica electoral. \u201cAntes ten\u00edas las primarias, que funcionaban como una gran encuesta y dejaban expuesto el comportamiento de la gente. Muchos decid\u00edan su voto para las generales reci\u00e9n al ver esos primeros resultados\u201d, explic\u00f3. \u201cLo interesante es que, hist\u00f3ricamente, los oficialismos registraban una diferencia de aumento del 24% entre las PASO y las generales\u201d, se\u00f1al\u00f3. Finalmente, advirti\u00f3 que \u201cno se descarta que lo que pas\u00f3 en la provincia de Buenos Aires sea un llamado de atenci\u00f3n, y que ese resultado anticipado active a muchos votantes \u2014por miedo o esperanza\u2014, haciendo que varios revisen su decisi\u00f3n final\u201d.<\/p>\n","protected":false},"excerpt":{"rendered":"<p>El licenciado Leandro Bruni dialog\u00f3 con Caf\u00e9 Prensa para analizar el panorama pol\u00edtico pos electoral. Adem\u00e1s, se refiri\u00f3 al rol de los gobernadores en la contienda electoral y a los desaf\u00edos que deber\u00e1 afrontar el Gobierno nacional tras los comicios intermedios. Bruni explic\u00f3 que el an\u00e1lisis del d\u00eda despu\u00e9s depender\u00e1 de m\u00faltiples factores. \u201cPara el &hellip;<\/p>\n","protected":false},"author":2,"featured_media":11979,"comment_status":"open","ping_status":"open","sticky":false,"template":"","format":"standard","meta":{"footnotes":""},"categories":[33],"tags":[817,155,2614,2613,2005,416,200,1153,909],"class_list":["post-11969","post","type-post","status-publish","format-standard","has-post-thumbnail","hentry","category-nacionales","tag-axel-kicillof","tag-dolar","tag-dolar-blue","tag-eleccion-a-diputado","tag-elecciones-intermedias","tag-inflacion","tag-javier-milei","tag-mercados","tag-nacionales"],"_links":{"self":[{"href":"https:\/\/cafeprensa.com.ar\/index.php\/wp-json\/wp\/v2\/posts\/11969","targetHints":{"allow":["GET"]}}],"collection":[{"href":"https:\/\/cafeprensa.com.ar\/index.php\/wp-json\/wp\/v2\/posts"}],"about":[{"href":"https:\/\/cafeprensa.com.ar\/index.php\/wp-json\/wp\/v2\/types\/post"}],"author":[{"embeddable":true,"href":"https:\/\/cafeprensa.com.ar\/index.php\/wp-json\/wp\/v2\/users\/2"}],"replies":[{"embeddable":true,"href":"https:\/\/cafeprensa.com.ar\/index.php\/wp-json\/wp\/v2\/comments?post=11969"}],"version-history":[{"count":6,"href":"https:\/\/cafeprensa.com.ar\/index.php\/wp-json\/wp\/v2\/posts\/11969\/revisions"}],"predecessor-version":[{"id":11980,"href":"https:\/\/cafeprensa.com.ar\/index.php\/wp-json\/wp\/v2\/posts\/11969\/revisions\/11980"}],"wp:featuredmedia":[{"embeddable":true,"href":"https:\/\/cafeprensa.com.ar\/index.php\/wp-json\/wp\/v2\/media\/11979"}],"wp:attachment":[{"href":"https:\/\/cafeprensa.com.ar\/index.php\/wp-json\/wp\/v2\/media?parent=11969"}],"wp:term":[{"taxonomy":"category","embeddable":true,"href":"https:\/\/cafeprensa.com.ar\/index.php\/wp-json\/wp\/v2\/categories?post=11969"},{"taxonomy":"post_tag","embeddable":true,"href":"https:\/\/cafeprensa.com.ar\/index.php\/wp-json\/wp\/v2\/tags?post=11969"}],"curies":[{"name":"wp","href":"https:\/\/api.w.org\/{rel}","templated":true}]}}