{"id":1200,"date":"2024-02-17T23:53:57","date_gmt":"2024-02-17T22:53:57","guid":{"rendered":"https:\/\/cafeprensa.com.ar\/?p=1200"},"modified":"2024-02-17T23:53:57","modified_gmt":"2024-02-17T22:53:57","slug":"moyano-adelanto-que-la-cgt-esta-discutiendo-el-paro-general","status":"publish","type":"post","link":"https:\/\/cafeprensa.com.ar\/index.php\/2024\/02\/17\/moyano-adelanto-que-la-cgt-esta-discutiendo-el-paro-general\/","title":{"rendered":"Moyano adelant\u00f3 que la CGT \u00abest\u00e1 discutiendo el paro general\u00bb"},"content":{"rendered":"<div class=\"wrapper-header\">\n<div class=\"container-xl\">\n<div class=\"row\">\n<div class=\"col-12\">\n<div class=\"head-content mb-4\">\n<p class=\"speak\">\u00abEl interior del pa\u00eds es un polvor\u00edn\u00bb, destac\u00f3 el cosecretario general de la central obrera, quien asegur\u00f3 que \u00abmarzo va a ser un mes muy conflictivo por el aumento de los colegios, los servicios y la pol\u00edtica de ajuste contra los trabajadores\u00bb, y advirti\u00f3 al gobierno nacional que \u00abse prepare\u00bb porque se\u00f1al\u00f3 que no ser\u00e1n \u00abmeros espectadores de c\u00f3mo van a ir destruyendo el pa\u00eds\u00bb.<\/p>\n<p><img loading=\"lazy\" decoding=\"async\" class=\"alignnone size-medium wp-image-1204\" src=\"https:\/\/cafeprensa.com.ar\/wp-content\/uploads\/2024\/02\/pablo-moyanojpg-300x169.webp\" alt=\"\" width=\"300\" height=\"169\" srcset=\"https:\/\/cafeprensa.com.ar\/wp-content\/uploads\/2024\/02\/pablo-moyanojpg-300x169.webp 300w, https:\/\/cafeprensa.com.ar\/wp-content\/uploads\/2024\/02\/pablo-moyanojpg-1024x576.webp 1024w, https:\/\/cafeprensa.com.ar\/wp-content\/uploads\/2024\/02\/pablo-moyanojpg-768x432.webp 768w, https:\/\/cafeprensa.com.ar\/wp-content\/uploads\/2024\/02\/pablo-moyanojpg-390x220.webp 390w, https:\/\/cafeprensa.com.ar\/wp-content\/uploads\/2024\/02\/pablo-moyanojpg.webp 1200w\" sizes=\"auto, (max-width: 300px) 100vw, 300px\" \/><\/p>\n<\/div>\n<\/div>\n<\/div>\n<\/div>\n<\/div>\n<div class=\"wrapper-editable-content\">\n<div class=\"wrapper-editable-content\">\n<div class=\"container-md\">\n<div class=\"row\">\n<div class=\"col-md-12 speak\">\n<p class=\"paragraph\">El cosecretario general de la CGT\u00a0<strong>Pablo Moyano<\/strong>\u00a0pronostic\u00f3 este s\u00e1bado que\u00a0<strong>marzo \u00abser\u00e1 un mes muy conflictivo\u00bb<\/strong>, dijo que\u00a0<strong>\u00abel interior del pa\u00eds es un polvor\u00edn\u00bb<\/strong>\u00a0y adelant\u00f3 que en la central obrera ya \u00abse est\u00e1 discutiendo\u00bb la\u00a0<strong>posibilidad de hacer un nuevo paro general<\/strong>, luego del realizado el 24 de enero, el primero contra la gesti\u00f3n de Javier Milei.<\/p>\n<p>\u00abEn el Consejo del Salario el gobierno nunca nos dio oportunidad de charlar con los empresarios, es una modalidad del Gobierno llevarse por delante cualquier posibilidad de negociaci\u00f3n. El Consejo de la CGT est\u00e1 autorizado para tomar las medidas necesarias,\u00a0<strong>no vamos a poner fechas todav\u00eda, pero se est\u00e1 discutiendo el paro general<\/strong>\u00ab, dijo Moyano en declaraciones a Radio 10.<\/p>\n<p class=\"paragraph\"><img loading=\"lazy\" decoding=\"async\" class=\"alignnone size-medium wp-image-1201\" src=\"https:\/\/cafeprensa.com.ar\/wp-content\/uploads\/2024\/02\/600x400_advertencia-pablo-moyano-al-gobierno-van-haber-cientos-plaza-mayo-1018856-174339-300x200.webp\" alt=\"\" width=\"300\" height=\"200\" srcset=\"https:\/\/cafeprensa.com.ar\/wp-content\/uploads\/2024\/02\/600x400_advertencia-pablo-moyano-al-gobierno-van-haber-cientos-plaza-mayo-1018856-174339-300x200.webp 300w, https:\/\/cafeprensa.com.ar\/wp-content\/uploads\/2024\/02\/600x400_advertencia-pablo-moyano-al-gobierno-van-haber-cientos-plaza-mayo-1018856-174339.webp 600w\" sizes=\"auto, (max-width: 300px) 100vw, 300px\" \/><\/p>\n<p>Se refiri\u00f3 de esta manera a la frustrada reuni\u00f3n del Consejo del Salario que se realiz\u00f3 esta semana, en la que sindicalistas y empresarios no lograron ponerse de acuerdo en el monto de un nuevo haber, mientras el presidente Javier Milei dijo el viernes que no dictar\u00e1 un decreto para fijarlo.<\/p>\n<blockquote class=\"\"><p>\u00abNo voy a poner fecha en estos momentos, pero hay una discusi\u00f3n por las medidas a tomar.\u00a0Marzo va a ser un mes muy conflictivo por el aumento de los colegios, los servicios y la pol\u00edtica de ajuste contra los trabajadores\u00bb<cite class=\"author\">Pablo Moyano<\/cite><\/p><\/blockquote>\n<p>En una clara advertencia,\u00a0<strong>Moyano le advirti\u00f3 al gobierno nacional que \u00abse prepare\u00bb porque se\u00f1al\u00f3 que, desde la CGT, no ser\u00e1n \u00abmeros espectadores de c\u00f3mo van a ir destruyendo el pa\u00eds y del avallasamiento a los trabajadores\u00bb.<\/strong><\/p>\n<p>\u00abNo voy a poner fecha en estos momentos, pero hay una discusi\u00f3n por las medidas a tomar.\u00a0<strong>Marzo va a ser un mes muy conflictivo por el aumento de los colegios, los servicios y la pol\u00edtica de ajuste contra los trabajadores<\/strong>\u00ab, remarc\u00f3 el sindicalista, para quien \u00abel interior del pa\u00eds es un polvor\u00edn\u00bb.<\/p>\n<p>\u00abLa CGT tom\u00f3 participaci\u00f3n importante no s\u00f3lo en la marcha a Tribunales sino tambi\u00e9n en el paro general y movilizaci\u00f3n del 24 de enero y seguro se va a multiplicar en los pr\u00f3ximos meses\u00bb, adelant\u00f3.<\/p>\n<figure class=\"mb-3\"><img decoding=\"async\" class=\" lazy \" src=\"https:\/\/www.telam.com.ar\/thumbs\/bluesteel\/advf\/imagenes\/2024\/01\/65b167d93826c.01.2024%20foto%20telam_1200.jpg\" alt=\"Foto Tlam\" width=\"100%\" height=\"100%\" \/><\/figure>\n<p><strong>\u00abNos guitarrearon durante 5 horas y no nos hicieron ninguna propuesta\u00bb<\/strong><\/p>\n<p>Sobre el\u00a0<strong>Consejo del Salario<\/strong>, Moyano asegur\u00f3 que la reuni\u00f3n que mantuvieron esta semana con representantes de las c\u00e1maras empresariales y el gobierno nacional fue \u00abuna jugada del gobierno para tratar de romper el debate con los empresarios\u00bb y agreg\u00f3: \u00abTen\u00edamos un n\u00famero de salario m\u00ednimo acordado con la CTA y los empresarios\u00a0<strong>nos guitarrearon durante 5 horas y no nos hicieron ninguna propuesta<\/strong>\u00ab.<\/p>\n<p>Para el sindicalista, los grandes empresarios \u00abtendr\u00edan que hacer un esfuerzo y aportar parte de sus ganancias\u00bb y denunci\u00f3 adem\u00e1s que \u00abhay despidos de trabajadores estatales y de la construcci\u00f3n gracias a la paralizaci\u00f3n de la obra p\u00fablica\u00bb.<\/p>\n<p>\u00abLamentablemente hay muchos art\u00edculos del\u00a0<strong>DNU\u00a0<\/strong>(decreto de necesidad y urgencia) que est\u00e1n siendo aplicados. Hoy estamos pidi\u00e9ndole a los diputados y senadores que rechacen el DNU\u00bb.<br \/>\n<strong>\u00abEl peronismo tiene que ser\u00a0nuevamente una alternativa\u00bb<\/strong><\/p>\n<p>Por otro lado, Moyano se refiri\u00f3 a la situaci\u00f3n del\u00a0<strong>peronismo<\/strong>. Insisti\u00f3 en que es necesario llegar \u00aba la renovaci\u00f3n del Partido Justicialista (PJ) Nacional\u00bb y que \u00abtiene que haber ya una elecci\u00f3n\u00bb.<\/p>\n<p><strong>\u00abEl peronismo tiene que ser nuevamente una alternativa dentro de dos a\u00f1os\u00bb<\/strong>, concluy\u00f3.&nbsp;<\/p>\n<\/div>\n<\/div>\n<\/div>\n<\/div>\n<\/div>\n","protected":false},"excerpt":{"rendered":"<p>\u00abEl interior del pa\u00eds es un polvor\u00edn\u00bb, destac\u00f3 el cosecretario general de la central obrera, quien asegur\u00f3 que \u00abmarzo va a ser un mes muy conflictivo por el aumento de los colegios, los servicios y la pol\u00edtica de ajuste contra los trabajadores\u00bb, y advirti\u00f3 al gobierno nacional que \u00abse prepare\u00bb porque se\u00f1al\u00f3 que no ser\u00e1n &hellip;<\/p>\n","protected":false},"author":2,"featured_media":1203,"comment_status":"open","ping_status":"open","sticky":false,"template":"","format":"standard","meta":{"footnotes":""},"categories":[33,25],"tags":[65],"class_list":["post-1200","post","type-post","status-publish","format-standard","has-post-thumbnail","hentry","category-nacionales","category-politica","tag-pablo-moyano-cgt-paro-javier-milei-economia-ajuste-trabajadores-consejo-del-salario-peronismo"],"_links":{"self":[{"href":"https:\/\/cafeprensa.com.ar\/index.php\/wp-json\/wp\/v2\/posts\/1200","targetHints":{"allow":["GET"]}}],"collection":[{"href":"https:\/\/cafeprensa.com.ar\/index.php\/wp-json\/wp\/v2\/posts"}],"about":[{"href":"https:\/\/cafeprensa.com.ar\/index.php\/wp-json\/wp\/v2\/types\/post"}],"author":[{"embeddable":true,"href":"https:\/\/cafeprensa.com.ar\/index.php\/wp-json\/wp\/v2\/users\/2"}],"replies":[{"embeddable":true,"href":"https:\/\/cafeprensa.com.ar\/index.php\/wp-json\/wp\/v2\/comments?post=1200"}],"version-history":[{"count":1,"href":"https:\/\/cafeprensa.com.ar\/index.php\/wp-json\/wp\/v2\/posts\/1200\/revisions"}],"predecessor-version":[{"id":1205,"href":"https:\/\/cafeprensa.com.ar\/index.php\/wp-json\/wp\/v2\/posts\/1200\/revisions\/1205"}],"wp:featuredmedia":[{"embeddable":true,"href":"https:\/\/cafeprensa.com.ar\/index.php\/wp-json\/wp\/v2\/media\/1203"}],"wp:attachment":[{"href":"https:\/\/cafeprensa.com.ar\/index.php\/wp-json\/wp\/v2\/media?parent=1200"}],"wp:term":[{"taxonomy":"category","embeddable":true,"href":"https:\/\/cafeprensa.com.ar\/index.php\/wp-json\/wp\/v2\/categories?post=1200"},{"taxonomy":"post_tag","embeddable":true,"href":"https:\/\/cafeprensa.com.ar\/index.php\/wp-json\/wp\/v2\/tags?post=1200"}],"curies":[{"name":"wp","href":"https:\/\/api.w.org\/{rel}","templated":true}]}}