{"id":12029,"date":"2025-10-29T13:22:26","date_gmt":"2025-10-29T12:22:26","guid":{"rendered":"https:\/\/cafeprensa.com.ar\/?p=12029"},"modified":"2025-10-29T13:36:49","modified_gmt":"2025-10-29T12:36:49","slug":"chahla-anuncio-cambios-en-su-gabinete","status":"publish","type":"post","link":"https:\/\/cafeprensa.com.ar\/index.php\/2025\/10\/29\/chahla-anuncio-cambios-en-su-gabinete\/","title":{"rendered":"Chahla anunci\u00f3 cambios en su gabinete"},"content":{"rendered":"<div class=\"space-y-3\">\n<div class=\"max-w-4xl\">\n<p class=\"__className_c59aa5 text-lg pt-2\">La intendenta de San Miguel de Tucum\u00e1n rechaz\u00f3 las versiones que la acusaban de falta de compromiso durante la campa\u00f1a legislativa y reafirm\u00f3 su lealtad al gobernador Osvaldo Jaldo. Adem\u00e1s, adelant\u00f3 que en diciembre realizar\u00e1 cambios en \u00e1reas de su gesti\u00f3n.<\/p>\n<\/div>\n<\/div>\n<div class=\"flex flex-col md:flex-row mt-3 gap-4 relative\">\n<div class=\"grow md:w-[856px] relative\">\n<div class=\"md:flex md:items-start md:justify-between md:gap-8 relative \">\n<div class=\"pb-7 font-thin\">\n<p class=\"text-lg\">La intendenta\u00a0<strong>Rossana Chahla\u00a0<\/strong>rompi\u00f3 el silencio tras las elecciones del pasado domingo y defendi\u00f3 el trabajo de su equipo durante la campa\u00f1a del peronismo tucumano. En una entrevista televisiva con<em>\u00a0El Ocho<\/em>, la jefa municipal asegur\u00f3 que <strong>\u201cno hubo falta de apoyo\u201d<\/strong> hacia el gobernador\u00a0<strong>Osvaldo Jaldo<\/strong> y que su gesti\u00f3n \u201ctrabaj\u00f3 con compromiso y lealtad desde el primer d\u00eda\u201d.<\/p>\n<p class=\"text-lg\"><strong>\u201cHemos trabajado y apoyado en todo. No soy de las personas que traicionan. La mentira conmigo no va\u201d, sostuvo Chahla al rechazar las versiones sobre una supuesta falta de acompa\u00f1amiento electoral en la Capital.<\/strong><\/p>\n<p class=\"text-lg\"><strong>Si bien Tucum\u00e1n Primero, el espacio liderado por Jaldo, logr\u00f3 imponerse a nivel provincial, en San Miguel de Tucum\u00e1n el peronismo perdi\u00f3 por unos 12.000 votos frente al partido libertario, lo que deriv\u00f3 en cr\u00edticas hacia el sector de la intendenta.<\/strong><\/p>\n<p class=\"text-lg\">Frente a esos cuestionamientos, Chahla reivindic\u00f3 la tarea realizada por su equipo durante la campa\u00f1a.<strong> \u201cDesde el primer d\u00eda, cuando me compromet\u00ed con este proyecto pol\u00edtico, lo hice como si hubiese sido una candidata m\u00e1s. Tuvimos planificaci\u00f3n, caminamos los barrios, hicimos actividades ma\u00f1ana, tarde y noche, los fines de semana. Hemos trabajado con compromiso y en equipo\u201d<\/strong>, afirm\u00f3.<\/p>\n<p class=\"text-lg\">La intendenta tambi\u00e9n destac\u00f3 la mejor\u00eda en la performance electoral del peronismo en la Capital. <strong>\u201cLa Capital hist\u00f3ricamente fue adversa al peronismo. En otras elecciones llegamos a tener una diferencia del 15%, y ahora fue del 3%. Eso habla de un camino, de una gesti\u00f3n que la gente est\u00e1 viendo y valorando\u201d,<\/strong> se\u00f1al\u00f3.<\/p>\n<blockquote><p><span style=\"color: #ffffff; font-size: 24pt;\">\u201cNo soy de las traiciones\u201d<\/span><\/p><\/blockquote>\n<p class=\"text-lg\">Consultada sobre las versiones que hablaban de tensiones internas con allegados al gobernador, Chahla reconoci\u00f3 que existi\u00f3 un roce con una de las hermanas de Jaldo, pero le rest\u00f3 importancia. <strong>\u201cS\u00ed, hubo un comentario, pero no tiene mayor relevancia. Yo respeto mucho al gobernador y me importa lo que \u00e9l diga como gobernador. No hay que mezclar lo familiar con lo pol\u00edtico\u201d,<\/strong> aclar\u00f3.<\/p>\n<p><img decoding=\"async\" class=\"max-w-full h-auto object-contain\" title=\"571255421_1364563478360100_8244891246265632545_n.jpg\" src=\"https:\/\/res.cloudinary.com\/dut4yhfgk\/image\/upload\/c_limit,h_630,q_auto:best,w_1200\/v1761685954\/Noticias\/general\/imagen-contenido\/content\/content-image-57125542-1761685953949.jpg\" alt=\"571255421_1364563478360100_8244891246265632545_n.jpg\" \/><\/p>\n<p class=\"text-lg\">Adem\u00e1s, denunci\u00f3 la difusi\u00f3n de mensajes falsos en redes sociales en los d\u00edas previos a las elecciones, donde se atribu\u00edan declaraciones a integrantes de su equipo. <strong>\u201cNos lleg\u00f3 una captura de pantalla con supuestos mensajes de mi equipo diciendo que no \u00edbamos a participar. Eso fue una\u00a0<em>fake news<\/em>. Denunciamos el hecho por suplantaci\u00f3n de identidad, porque no era gente nuestra\u201d,<\/strong> afirm\u00f3.<\/p>\n<p class=\"text-lg\"><strong>\u201cQuienes me conocen saben que soy una persona de palabra. No vengo de la pol\u00edtica, vengo de la gesti\u00f3n y del trabajo. No miento, no traiciono y no me cambio de partido. La transparencia y la integridad son parte de mis valores\u201d<\/strong>, subray\u00f3 con tono firme.<\/p>\n<blockquote><p><span style=\"font-size: 24pt;\">\u201cDos a\u00f1os de gesti\u00f3n y una agenda que contin\u00faa\u201d<\/span><\/p>\n<p class=\"text-lg\"><strong><em>\u00a0<\/em><\/strong><\/p>\n<\/blockquote>\n<p class=\"text-lg\">Al cumplir dos a\u00f1os al frente del municipio, Chahla adelant\u00f3 que habr\u00e1 modificaciones en su gabinete a partir del 1\u00b0 de diciembre, principalmente en \u00e1reas que no cumplieron los objetivos previstos. <strong>\u201cVamos a hacer algunos cambios, no en las primeras l\u00edneas, pero s\u00ed en direcciones y subdirecciones donde no se cumplieron las metas. Estamos en la mitad de la gesti\u00f3n y debemos ser estrictos con los objetivos del plan estrat\u00e9gico\u201d,<\/strong> explic\u00f3.<\/p>\n<p class=\"text-lg\">La jefa municipal destac\u00f3 adem\u00e1s los logros alcanzados en infraestructura, en v\u00edsperas de la inauguraci\u00f3n del puente del Hip\u00f3dromo, que consider\u00f3 <strong>\u201cuna obra emblem\u00e1tica\u201d.<\/strong> \u201cEste mi\u00e9rcoles celebramos dos a\u00f1os de gesti\u00f3n con la inauguraci\u00f3n de un puente que conecta a m\u00e1s de 100.000 familias y mejora la seguridad vial. Nos gusta festejar trabajando y cerca de los vecinos\u201d, se\u00f1al\u00f3.<\/p>\n<p class=\"text-lg\">Finalmente, Chahla reafirm\u00f3 su compromiso con el proyecto pol\u00edtico que lidera el gobernador Jaldo y envi\u00f3 un mensaje hacia dentro del peronismo. <strong>\u201cYo vine a transformar, no a hacer pol\u00edtica vieja. No me afectan las cr\u00edticas. Voy a defender este municipio y este proyecto con lealtad. Cuando ya no me sienta identificada, lo dir\u00e9, pero las traiciones no son parte de quienes venimos del trabajo y no de la pol\u00edtica\u201d,<\/strong> concluy\u00f3.<\/p>\n<\/div>\n<\/div>\n<\/div>\n<\/div>\n","protected":false},"excerpt":{"rendered":"<p>La intendenta de San Miguel de Tucum\u00e1n rechaz\u00f3 las versiones que la acusaban de falta de compromiso durante la campa\u00f1a legislativa y reafirm\u00f3 su lealtad al gobernador Osvaldo Jaldo. Adem\u00e1s, adelant\u00f3 que en diciembre realizar\u00e1 cambios en \u00e1reas de su gesti\u00f3n. La intendenta\u00a0Rossana Chahla\u00a0rompi\u00f3 el silencio tras las elecciones del pasado domingo y defendi\u00f3 el &hellip;<\/p>\n","protected":false},"author":2,"featured_media":12035,"comment_status":"open","ping_status":"open","sticky":false,"template":"","format":"standard","meta":{"footnotes":""},"categories":[34,25],"tags":[1050,94,186],"class_list":["post-12029","post","type-post","status-publish","format-standard","has-post-thumbnail","hentry","category-locales","category-politica","tag-elecciones-2025","tag-jaldo","tag-rossana-chahla"],"_links":{"self":[{"href":"https:\/\/cafeprensa.com.ar\/index.php\/wp-json\/wp\/v2\/posts\/12029","targetHints":{"allow":["GET"]}}],"collection":[{"href":"https:\/\/cafeprensa.com.ar\/index.php\/wp-json\/wp\/v2\/posts"}],"about":[{"href":"https:\/\/cafeprensa.com.ar\/index.php\/wp-json\/wp\/v2\/types\/post"}],"author":[{"embeddable":true,"href":"https:\/\/cafeprensa.com.ar\/index.php\/wp-json\/wp\/v2\/users\/2"}],"replies":[{"embeddable":true,"href":"https:\/\/cafeprensa.com.ar\/index.php\/wp-json\/wp\/v2\/comments?post=12029"}],"version-history":[{"count":2,"href":"https:\/\/cafeprensa.com.ar\/index.php\/wp-json\/wp\/v2\/posts\/12029\/revisions"}],"predecessor-version":[{"id":12031,"href":"https:\/\/cafeprensa.com.ar\/index.php\/wp-json\/wp\/v2\/posts\/12029\/revisions\/12031"}],"wp:featuredmedia":[{"embeddable":true,"href":"https:\/\/cafeprensa.com.ar\/index.php\/wp-json\/wp\/v2\/media\/12035"}],"wp:attachment":[{"href":"https:\/\/cafeprensa.com.ar\/index.php\/wp-json\/wp\/v2\/media?parent=12029"}],"wp:term":[{"taxonomy":"category","embeddable":true,"href":"https:\/\/cafeprensa.com.ar\/index.php\/wp-json\/wp\/v2\/categories?post=12029"},{"taxonomy":"post_tag","embeddable":true,"href":"https:\/\/cafeprensa.com.ar\/index.php\/wp-json\/wp\/v2\/tags?post=12029"}],"curies":[{"name":"wp","href":"https:\/\/api.w.org\/{rel}","templated":true}]}}