{"id":12050,"date":"2025-10-30T12:04:54","date_gmt":"2025-10-30T11:04:54","guid":{"rendered":"https:\/\/cafeprensa.com.ar\/?p=12050"},"modified":"2025-10-30T12:04:54","modified_gmt":"2025-10-30T11:04:54","slug":"taxistas-le-exigen-a-la-municipalidad-que-controle-y-regule-las-plataformas-electronicas","status":"publish","type":"post","link":"https:\/\/cafeprensa.com.ar\/index.php\/2025\/10\/30\/taxistas-le-exigen-a-la-municipalidad-que-controle-y-regule-las-plataformas-electronicas\/","title":{"rendered":"Taxistas le exigen a la Municipalidad que controle y regule las plataformas electr\u00f3nicas"},"content":{"rendered":"<div class=\"space-y-3\">\n<div class=\"max-w-4xl\">\n<p class=\"__className_c59aa5 text-lg pt-2\">En medio de reclamos de los empresarios de transporte p\u00fablico, el Sindicato de Peones de Taxis advierte que Uber y DiDi profundizan la crisis econ\u00f3mica de los taxistas y solicita una audiencia urgente con la intendenta Chahla. En la Capital llueve sobre mojado. <strong>En medio de un nuevo conflicto con los empresarios de transporte p\u00fablico en \u00f3mnibus, que reclaman subsidios y revisiones en el sistema tarifario, la Municipalidad de San Miguel de Tucum\u00e1n enfrenta ahora un reclamo de los taxistas para que se regule la actividad de las plataformas electr\u00f3nicas, como Uber y DiDi.<\/strong><\/p>\n<\/div>\n<\/div>\n<div class=\"flex flex-col md:flex-row mt-3 gap-4 relative\">\n<div class=\"grow md:w-[856px] relative\">\n<div class=\"md:flex md:items-start md:justify-between md:gap-8 relative \">\n<div class=\"pb-7 font-thin\">\n<p class=\"text-lg\">El Sindicato de Peones de Taxis de Tucum\u00e1n solicit\u00f3 este mi\u00e9rcoles una audiencia urgente con la intendenta\u00a0<strong>Rossana Chahla<\/strong>. Mediante una nota, que lleva la firma del secretario general del gremio,\u00a0<strong>Carlos Pizarro<\/strong>, le advirtieron a la jefa municipal que la falta de control sobre las aplicaciones de transporte amenaza la estabilidad del sector.<\/p>\n<p class=\"text-lg\"><img loading=\"lazy\" decoding=\"async\" class=\"alignnone wp-image-12051 size-full\" src=\"https:\/\/cafeprensa.com.ar\/wp-content\/uploads\/2025\/10\/600x400_taxis-en-san-miguel-de-tucumn-foto-de-archivo-la-gaceta-anala-jaramillo-923466-110454.webp\" alt=\"\" width=\"600\" height=\"400\" srcset=\"https:\/\/cafeprensa.com.ar\/wp-content\/uploads\/2025\/10\/600x400_taxis-en-san-miguel-de-tucumn-foto-de-archivo-la-gaceta-anala-jaramillo-923466-110454.webp 600w, https:\/\/cafeprensa.com.ar\/wp-content\/uploads\/2025\/10\/600x400_taxis-en-san-miguel-de-tucumn-foto-de-archivo-la-gaceta-anala-jaramillo-923466-110454-300x200.webp 300w\" sizes=\"auto, (max-width: 600px) 100vw, 600px\" \/><\/p>\n<p class=\"text-lg\"><strong>\u201cLas plataformas electr\u00f3nicas no solamente nadie las controla o no las quieren controlar, sino que est\u00e1n llevando sin frenos a una cat\u00e1strofe y a una precarizaci\u00f3n laboral nunca vista en nuestra actividad\u201d,<\/strong> aseguraron.<\/p>\n<p class=\"text-lg\">El gremio remarc\u00f3 que las normativas existentes, como la Ordenanza 3260 y los art\u00edculos 37 y 38 de la Ordenanza 3713, no se han aplicado, lo que, seg\u00fan Pizarro, profundiza la crisis del sector. <strong>\u201cHay que ponerse firme y tienen que empezar por casa, y darle un r\u00e1pido tratamiento al tema\u201d, afirm\u00f3 Pizarro en la nota enviada a la intendenta.<\/strong><\/p>\n<p class=\"text-lg\">Adem\u00e1s, el sindicato le inform\u00f3 al a jefa municipal que en el af\u00e1n de aportar una soluci\u00f3n a este problema <strong>present\u00f3 un proyecto de ordenanza ante el Concejo Deliberante<\/strong> que busca regular el funcionamiento del alquiler de autos para transporte de pasajeros mediante plataformas digitales en el \u00e1mbito municipal.<\/p>\n<p class=\"text-lg\">Pizarro detall\u00f3 que los trabajadores del sector enfrentan \u201cuna situaci\u00f3n econ\u00f3mica insostenible\u201d,<strong> con ingresos diarios que oscilan entre $15.000 y $20.000,<\/strong> sin contemplar gastos de mantenimiento de los veh\u00edculos.<\/p>\n<p class=\"text-lg\">E<strong>l reclamo de los taxistas se suma a las negociaciones que la Municipalidad mantiene con los empresarios de colectivos nucleados en AETAT, que reclaman el pago de subsidios y que se implemente un sistema de cobro por kil\u00f3metro recorrido, lo que genera un panorama complejo en el sistema de transporte p\u00fablico de la capital tucumana.<\/strong><\/p>\n<p><span style=\"font-size: 8pt;\"><span class=\"text-muted-foreground text-sm\">FUENTE: <\/span><b class=\"text-foreground capitalize text-sm\">Tendencia de noticias<\/b><\/span><\/p>\n<\/div>\n<\/div>\n<\/div>\n<\/div>\n","protected":false},"excerpt":{"rendered":"<p>En medio de reclamos de los empresarios de transporte p\u00fablico, el Sindicato de Peones de Taxis advierte que Uber y DiDi profundizan la crisis econ\u00f3mica de los taxistas y solicita una audiencia urgente con la intendenta Chahla. En la Capital llueve sobre mojado. En medio de un nuevo conflicto con los empresarios de transporte p\u00fablico &hellip;<\/p>\n","protected":false},"author":2,"featured_media":12052,"comment_status":"open","ping_status":"open","sticky":false,"template":"","format":"standard","meta":{"footnotes":""},"categories":[1707,34],"tags":[246,681],"class_list":["post-12050","post","type-post","status-publish","format-standard","has-post-thumbnail","hentry","category-concejales-de-tucuman","category-locales","tag-municipalidad","tag-taxis"],"_links":{"self":[{"href":"https:\/\/cafeprensa.com.ar\/index.php\/wp-json\/wp\/v2\/posts\/12050","targetHints":{"allow":["GET"]}}],"collection":[{"href":"https:\/\/cafeprensa.com.ar\/index.php\/wp-json\/wp\/v2\/posts"}],"about":[{"href":"https:\/\/cafeprensa.com.ar\/index.php\/wp-json\/wp\/v2\/types\/post"}],"author":[{"embeddable":true,"href":"https:\/\/cafeprensa.com.ar\/index.php\/wp-json\/wp\/v2\/users\/2"}],"replies":[{"embeddable":true,"href":"https:\/\/cafeprensa.com.ar\/index.php\/wp-json\/wp\/v2\/comments?post=12050"}],"version-history":[{"count":1,"href":"https:\/\/cafeprensa.com.ar\/index.php\/wp-json\/wp\/v2\/posts\/12050\/revisions"}],"predecessor-version":[{"id":12053,"href":"https:\/\/cafeprensa.com.ar\/index.php\/wp-json\/wp\/v2\/posts\/12050\/revisions\/12053"}],"wp:featuredmedia":[{"embeddable":true,"href":"https:\/\/cafeprensa.com.ar\/index.php\/wp-json\/wp\/v2\/media\/12052"}],"wp:attachment":[{"href":"https:\/\/cafeprensa.com.ar\/index.php\/wp-json\/wp\/v2\/media?parent=12050"}],"wp:term":[{"taxonomy":"category","embeddable":true,"href":"https:\/\/cafeprensa.com.ar\/index.php\/wp-json\/wp\/v2\/categories?post=12050"},{"taxonomy":"post_tag","embeddable":true,"href":"https:\/\/cafeprensa.com.ar\/index.php\/wp-json\/wp\/v2\/tags?post=12050"}],"curies":[{"name":"wp","href":"https:\/\/api.w.org\/{rel}","templated":true}]}}