{"id":12065,"date":"2025-10-30T14:50:18","date_gmt":"2025-10-30T13:50:18","guid":{"rendered":"https:\/\/cafeprensa.com.ar\/?p=12065"},"modified":"2025-10-30T14:50:18","modified_gmt":"2025-10-30T13:50:18","slug":"la-libertad-avanza-reconfigura-el-congreso","status":"publish","type":"post","link":"https:\/\/cafeprensa.com.ar\/index.php\/2025\/10\/30\/la-libertad-avanza-reconfigura-el-congreso\/","title":{"rendered":"La Libertad Avanza reconfigura el Congreso"},"content":{"rendered":"<div class=\"post-content\">\n<p class=\"title-post\"><strong>Interbloques, qu\u00f3rum y nuevos liderazgos<\/strong><\/p>\n<p>La contundente victoria electoral del oficialismo redefine el mapa legislativo: resurgen los interbloques, el Senado se vuelve menos hostil y Diputados se fortalece con una mayor\u00eda in\u00e9dita. Patricia Bullrich y Mart\u00edn Menem emergen como figuras clave en la nueva arquitectura parlamentaria, mientras el peronismo pierde terreno y se diluye la hegemon\u00eda de Fuerza Patria<\/p>\n<\/div>\n<div class=\"contenido-post\">\n<p>Vuelven los interbloques, ese es uno de los datos salientes de la victoria arrolladora conseguida por La Libertad Avanza en los comicios del domingo pasado. <strong>Porque si tenemos en cuenta que se trat\u00f3 en definitiva de una elecci\u00f3n legislativa, lo que vale es c\u00f3mo quedan ambas c\u00e1maras para un oficialismo que encontr\u00f3 -con toda l\u00f3gica- un Congreso absolutamente adverso num\u00e9ricamente hablando al llegar al poder y donde ahora puede asomar la cabeza del agua, producto del resultado electoral.<\/strong><\/p>\n<p>Siempre se supo que, por mejor que le fuera al oficialismo en las urnas, la mejora en ambas c\u00e1maras no ser\u00eda sustancial. Ni siquiera le alcanzar\u00eda para ser primera minor\u00eda. <strong>No lo ser\u00e1, en efecto, pues enfrente tiene a un peronismo que en ambas c\u00e1maras ya era una primera minor\u00eda holgada. Pero el otro dato saliente -y halag\u00fce\u00f1o- para el oficialismo es que Uni\u00f3n por la Patria, en adelante Fuerza Patria, ser\u00e1 una primera minor\u00eda menos poderosa.<\/strong><\/p>\n<p>Sobre todo en el Senado, donde el peronismo desciende a niveles que no ha conocido en d\u00e9cadas. De 34 senadores, a solo 3 del qu\u00f3rum propio, pasa a tener solo 28 senadores, ya muy lejos de tener capacidad de da\u00f1o sobre el oficialismo, pues esos tres senadores de momento no aparecen a la vista.<\/p>\n<p>Por ejemplo ya no estar\u00e1n desde el 10 de diciembre en el Senado los radicales\u00a0<strong>Mart\u00edn Lousteau\u00a0<\/strong>y\u00a0<strong>Pablo Daniel Blanco,\u00a0<\/strong>ni la senadora del Pro\u00a0<strong>Guadalupe Tagliaferri,\u00a0<\/strong>que en el \u00faltimo a\u00f1o se hab\u00edan convertido en las piezas capaces de pegar el salto de UP a los 37, sin que ello implicara alg\u00fan compromiso con el kirchnerismo.<\/p>\n<p>En esa C\u00e1mara, La Libertad Avanza pasa de unos insignificantes 6 senadores a 18 -el triple del n\u00famero actual-, a los que puede sumar a los 5 senadores del Pro, totalmente afines, y al nuevamente aliado\u00a0<strong>Francisco Paoltroni,\u00a0<\/strong>con el que ya llegan al tercio que tanto obsesiona a\u00a0<strong>Javier Milei.\u00a0<\/strong>Pero tambi\u00e9n hay una decena de radicales, bastante cercanos, con los que quedar\u00edan a las puertas del qu\u00f3rum. Los tres faltantes los conseguir\u00e1n de un universo de una decena de senadores que suelen estar m\u00e1s cerca de LLA que de Fuerza Patria.<\/p>\n<p>Un Senado donde habr\u00e1 m\u00e1s fortaleza en el oficialismo, que no solo subir\u00e1 en n\u00famero, sino tambi\u00e9n en experiencia. Sobre todo con la llegada de\u00a0<strong>Patricia Bullrich,\u00a0<\/strong>una experimentada legisladora que desembarcar\u00e1 en la C\u00e1mara alta con chances de ocupar cargos encumbrados. Suena para presidenta provisional, y cuando la consultaron sobre el tema, pate\u00f3 la pelota a la tribuna, pero no lo descart\u00f3.<\/p>\n<p>Consultada una encumbrada legisladora oficialista sobre en qu\u00e9 lugar ve\u00eda que estar\u00eda Bullrich, respondi\u00f3: \u201cDonde ella elija\u201d. Pero luego se anim\u00f3 a sugerirla, antes de presidenta provisional del Senado presidiendo el bloque. \u201cNecesitamos alguien as\u00ed en ese lugar\u201d, dijo, a modo de expresi\u00f3n de deseo. Y justific\u00f3 su sugerencia en la necesidad de \u201cordenar\u201d al oficialismo en el Senado.<\/p>\n<p>Con todo, no se descarta que ella pueda ir como presidenta provisional, un cargo jer\u00e1rquico de cierto brillo, desde donde tambi\u00e9n podr\u00eda cumplir el objetivo de \u201cordenar\u201d a la tropa libertaria all\u00ed. Y en caso de que la ministra de Seguridad vaya a estar en la cadena sucesoria, un nombre que suena fuerte para la presidencia del bloque es el de la neuquina\u00a0<strong>Nadia M\u00e1rquez,\u00a0<\/strong>actual secretaria Parlamentaria de la C\u00e1mara baja.<\/p>\n<p><strong>C\u00f3mo queda Diputados<\/strong><\/p>\n<p>Ya que hablamos de la otra C\u00e1mara, all\u00ed se afirma que el cordob\u00e9s\u00a0<strong>Gabriel Bornoroni\u00a0<\/strong>seguir\u00eda al mando del bloque libertario. Fortalecido adem\u00e1s porque un \u201cpollo\u201d suyo,\u00a0<strong>Gonzalo Roca,\u00a0<\/strong>se alz\u00f3 con la victoria en un distrito clave como es C\u00f3rdoba.<\/p>\n<p>Despu\u00e9s de tanto run run, est\u00e1 claro que sali\u00f3 fortalecido de estas elecciones el presidente de la C\u00e1mara baja,\u00a0<strong>Mar\u00edn Menem,\u00a0<\/strong>quien ya antes de la elecci\u00f3n sonaba para la continuidad. Pero resultados mediante, el riojano se encamina a la reelecci\u00f3n. Una posibilidad que algunos daban por descontada ya el jueves pasado, con el argumento de que cualquiera fuera el resultado electoral, ese cargo le correspond\u00eda a alguien de LLA. Y no aparec\u00eda ninguno propio tan encumbrado como para desplazarlo.<\/p>\n<p>Ni tampoco prosperaba la posibilidad de que alguien del Pro lo desbancara. De hecho, Mart\u00edn Menem y\u00a0<strong>Cristian Ritondo\u00a0<\/strong>tuvieron una conversaci\u00f3n en las \u00faltimas horas en la que el presidente del Pro bonaerense le aclar\u00f3 al riojano que \u00e9l nunca pens\u00f3 en\u00a0<strong>ir por la presidencia de la C\u00e1mara<\/strong>. Caso cerrado.<\/p>\n<p>Yendo a la conformaci\u00f3n del nuevo oficialismo, fuentes parlamentarias aseguraron que ir\u00e1n hacia un interbloque LLA \u2013 Pro. Estamos hablando de un bloque oficialista de 81 miembros, y un Pro de 23, con lo que ese interbloque ser\u00eda de 104 diputados. Un n\u00famero gigantesco comparado con los 37 con que cuenta actualmente el bloque de Bornoroni.<\/p>\n<p>Es notable lo de LLA: arrancaron siendo la mitad de lo que ten\u00eda Cambiemos cuando lleg\u00f3 al poder (87 diputados y 15 senadores). <strong>Y ahora empardar\u00e1n a lo que lleg\u00f3 a ser Cambiemos tras la victoria de 2017, cuando llegaron a tener 108 diputados. Con la diferencia de que a ese n\u00famero Cambiemos llegaba sumando los bloques del Pro, la UCR y la Coalici\u00f3n C\u00edvica, m\u00e1s otros bloques menores.<\/strong><\/p>\n<p>Cabe consignar que se est\u00e1n haciendo esfuerzos en el partido amarillo para mantenerlo unido. Y a esa tarea est\u00e1n abocados nada menos que <strong>Cristian Ritondo y Patricia Bullrich.<\/strong> Es que hab\u00eda intenciones de diputados bullrichistas de separarse del resto; no para sumarse a los violeta, sino tan solo armar un bloque separado. Todo indica que eso no suceder\u00e1: desde el oficialismo ven con buenos ojos que sean un solo bloque y que no est\u00e1n divididos los del Pro.<\/p>\n<p>\u201cHay que esperar un poquito\u00bb, responden fuentes libertarias respeto de <strong>si sumar\u00e1n a los 3 radicales \u201cpeluca\u201d<\/strong> (aunque hoy los de Liga del Interior est\u00e1n en interbloque con ellos). Intentar\u00e1n seducir -trascendi\u00f3- a\u00a0<strong>Oscar Zago\u00a0<\/strong>y\u00a0<strong>Eduardo Falcone<\/strong>; recuerdan que el MID que ellos integran ten\u00eda un interbloque con el Pro. Ahora los del MID formaron un bloque con Coherencia, llamado Desarrollo y Coherencia\u2026 Pero pasaron cosas.<\/p>\n<p>Mientras todo esto sucede, los libertarios aguardan expectante a ver si la suerte les depara alguna banca m\u00e1s, v\u00eda escrutinio definitivo. Conf\u00edan en que quiz\u00e1 puedan dar la nota en CABA, a expensas de\u00a0<strong>Mart\u00edn Lousteau<\/strong>.<\/p>\n<p>En cuanto a las comisiones, imaginan que habr\u00e1 un reparto parejo de lugares.<\/p>\n<\/div>\n","protected":false},"excerpt":{"rendered":"<p>Interbloques, qu\u00f3rum y nuevos liderazgos La contundente victoria electoral del oficialismo redefine el mapa legislativo: resurgen los interbloques, el Senado se vuelve menos hostil y Diputados se fortalece con una mayor\u00eda in\u00e9dita. Patricia Bullrich y Mart\u00edn Menem emergen como figuras clave en la nueva arquitectura parlamentaria, mientras el peronismo pierde terreno y se diluye la &hellip;<\/p>\n","protected":false},"author":2,"featured_media":12066,"comment_status":"open","ping_status":"open","sticky":false,"template":"","format":"standard","meta":{"footnotes":""},"categories":[33,25],"tags":[916,2626],"class_list":["post-12065","post","type-post","status-publish","format-standard","has-post-thumbnail","hentry","category-nacionales","category-politica","tag-camara-de-diputados","tag-di"],"_links":{"self":[{"href":"https:\/\/cafeprensa.com.ar\/index.php\/wp-json\/wp\/v2\/posts\/12065","targetHints":{"allow":["GET"]}}],"collection":[{"href":"https:\/\/cafeprensa.com.ar\/index.php\/wp-json\/wp\/v2\/posts"}],"about":[{"href":"https:\/\/cafeprensa.com.ar\/index.php\/wp-json\/wp\/v2\/types\/post"}],"author":[{"embeddable":true,"href":"https:\/\/cafeprensa.com.ar\/index.php\/wp-json\/wp\/v2\/users\/2"}],"replies":[{"embeddable":true,"href":"https:\/\/cafeprensa.com.ar\/index.php\/wp-json\/wp\/v2\/comments?post=12065"}],"version-history":[{"count":1,"href":"https:\/\/cafeprensa.com.ar\/index.php\/wp-json\/wp\/v2\/posts\/12065\/revisions"}],"predecessor-version":[{"id":12067,"href":"https:\/\/cafeprensa.com.ar\/index.php\/wp-json\/wp\/v2\/posts\/12065\/revisions\/12067"}],"wp:featuredmedia":[{"embeddable":true,"href":"https:\/\/cafeprensa.com.ar\/index.php\/wp-json\/wp\/v2\/media\/12066"}],"wp:attachment":[{"href":"https:\/\/cafeprensa.com.ar\/index.php\/wp-json\/wp\/v2\/media?parent=12065"}],"wp:term":[{"taxonomy":"category","embeddable":true,"href":"https:\/\/cafeprensa.com.ar\/index.php\/wp-json\/wp\/v2\/categories?post=12065"},{"taxonomy":"post_tag","embeddable":true,"href":"https:\/\/cafeprensa.com.ar\/index.php\/wp-json\/wp\/v2\/tags?post=12065"}],"curies":[{"name":"wp","href":"https:\/\/api.w.org\/{rel}","templated":true}]}}