{"id":12100,"date":"2025-11-03T12:02:25","date_gmt":"2025-11-03T11:02:25","guid":{"rendered":"https:\/\/cafeprensa.com.ar\/?p=12100"},"modified":"2025-11-03T12:02:25","modified_gmt":"2025-11-03T11:02:25","slug":"cada-tucumano-deberia-aportar-casi-88-000-para-saldar-la-deuda-publica-de-la-provincia","status":"publish","type":"post","link":"https:\/\/cafeprensa.com.ar\/index.php\/2025\/11\/03\/cada-tucumano-deberia-aportar-casi-88-000-para-saldar-la-deuda-publica-de-la-provincia\/","title":{"rendered":"Cada tucumano deber\u00eda aportar casi $88.000 para saldar la deuda p\u00fablica de la Provincia"},"content":{"rendered":"<div class=\"space-y-3\">\n<div class=\"max-w-4xl\">\n<p class=\"__className_c59aa5 text-lg pt-2\">Tucum\u00e1n redujo su deuda p\u00fablica un 3,7% en t\u00e9rminos reales, con un stock de $152.091 millones y $87.821 per c\u00e1pita, en un contexto nacional donde la deuda provincial cay\u00f3 al 2,9% del PIB, liderada por t\u00edtulos p\u00fablicos y acreedores internacionales.<\/p>\n<\/div>\n<\/div>\n<div class=\"flex flex-col md:flex-row mt-3 gap-4 relative\">\n<div class=\"grow md:w-[856px] relative\">\n<div>\n<div class=\"relative -top-2\"><img loading=\"lazy\" decoding=\"async\" class=\"rounded w-full\" src=\"https:\/\/res.cloudinary.com\/dut4yhfgk\/image\/upload\/c_limit,h_630,q_auto:best,w_1200\/v1761079794\/Noticias\/eco-negocios\/cada-tucumano-deberia-aportar-casi-88000-para-saldar-la-deuda-publica-de-la-provincia\/ye4lrbqxi1xjkaknjwqk.jpg\" alt=\"Cada tucumano deber\u00eda aportar casi $88.000 para saldar la deuda p\u00fablica de la Provincia\" width=\"856\" height=\"422\" data-nimg=\"1\" \/><\/div>\n<\/div>\n<p class=\"text-xs mb-2 text-muted-foreground\">El an\u00e1lisis sobre el stock de deuda consolidada de las provincias y la Ciudad Aut\u00f3noma de Buenos Aires (CABA) al cierre del segundo trimestre de 2025, elaborado por la consultora Politikon Chaco en base a datos de la Direcci\u00f3n Nacional de Asuntos Provincial (DNAP) e INDEC, arroj\u00f3 datos espec\u00edficos de inter\u00e9s para Tucum\u00e1n.<\/p>\n<div class=\"md:flex md:items-start md:justify-between md:gap-8 relative \">\n<div class=\"pb-7 font-thin\">\n<p class=\"text-lg\"><strong>En t\u00e9rminos interanuales, nuestra provincia se ubic\u00f3 entre los distritos que redujeron su stock de deuda en t\u00e9rminos reales, con una variaci\u00f3n negativa del -3,7%.<\/strong> Este descenso se produce en un contexto donde solo La Rioja y Santiago del Estero incrementaron su pasivo real en el \u00faltimo a\u00f1o,<\/p>\n<p><img decoding=\"async\" class=\"max-w-full h-auto object-contain\" title=\"Captura de pantalla 2025-10-21 173849.png\" src=\"https:\/\/res.cloudinary.com\/dut4yhfgk\/image\/upload\/c_limit,h_630,q_auto:best,w_1200\/v1761079148\/Noticias\/general\/imagen-contenido\/content\/content-image-Captura%20-1761079147425.png\" alt=\"Captura de pantalla 2025-10-21 173849.png\" \/><\/p>\n<p class=\"text-lg\">A pesar de esta reducci\u00f3n, al medir el pasivo provincial bajo una \u00f3ptica comparativa, el estudio revela que cada tucumano deber\u00eda aportar una suma considerable para saldar la deuda jurisdiccional. El stock de deuda p\u00fablica per c\u00e1pita de Tucum\u00e1n se situ\u00f3 en $ 87.821 al segundo trimestre de 2025.<strong> El stock total de la deuda tucumana en pesos corrientes alcanz\u00f3 los $ 152.091 millones, representando el 0,6% del total consolidado de las jurisdicciones subnacionales. Adem\u00e1s, la relaci\u00f3n entre el stock de deuda y los ingresos totales de la provincia es del 8,2%.<\/strong><\/p>\n<p><img decoding=\"async\" class=\"max-w-full h-auto object-contain\" title=\"Captura de pantalla 2025-10-21 173937.png\" src=\"https:\/\/res.cloudinary.com\/dut4yhfgk\/image\/upload\/c_limit,h_630,q_auto:best,w_1200\/v1761079189\/Noticias\/general\/imagen-contenido\/content\/content-image-Captura%20-1761079188530.png\" alt=\"Captura de pantalla 2025-10-21 173937.png\" \/><\/p>\n<p class=\"text-lg\">A nivel consolidado, el stock de deuda de las jurisdicciones subnacionales totaliz\u00f3 $25,8 billones al cierre del per\u00edodo analizado. <strong>Este monto, medido en moneda constante, equivale a una reducci\u00f3n del stock del 15,1% respecto al mismo per\u00edodo de 2024. <\/strong>Este desempe\u00f1o hist\u00f3rico posiciona a 2025 en un punto de referencia para la d\u00e9cada. <strong>Seg\u00fan el informe, en relaci\u00f3n con el Producto Interno Bruto (PIB), la deuda provincial \u00abperfor\u00f3 el 3% algo que no se ve en los per\u00edodos anteriores\u00bb. De esta forma, la deuda provincial represent\u00f3 el 2,9% del PIB. Respecto a su proporci\u00f3n con los ingresos totales de las jurisdicciones subnacionales, la deuda fue del 45,3%.<\/strong><\/p>\n<p><img decoding=\"async\" class=\"max-w-full h-auto object-contain\" title=\"Captura de pantalla 2025-10-21 174033.png\" src=\"https:\/\/res.cloudinary.com\/dut4yhfgk\/image\/upload\/c_limit,h_630,q_auto:best,w_1200\/v1761079263\/Noticias\/general\/imagen-contenido\/content\/content-image-Captura%20-1761079263119.png\" alt=\"Captura de pantalla 2025-10-21 174033.png\" \/><\/p>\n<p class=\"text-lg\">En cuanto a qui\u00e9n le deben las provincias, la composici\u00f3n del pasivo est\u00e1 claramente dominada por los acreedores privados e internacionales:<\/p>\n<ol>\n<li>\n<p class=\"text-lg\"><strong>T\u00edtulos P\u00fablicos:\u00a0<\/strong>Representan el 72,5% del total de la deuda consolidada.<\/p>\n<\/li>\n<li>\n<p class=\"text-lg\"><strong>Organismos Internacionales (O.I)<\/strong>: Constituyen el 21,4%.<\/p>\n<\/li>\n<li>\n<p class=\"text-lg\"><strong>Entidades Bancarias:\u00a0<\/strong>Aportan el 3,5%.<\/p>\n<\/li>\n<\/ol>\n<p class=\"text-lg\">El resto de la deuda se distribuye entre pasivos con el Gobierno Nacional (2,0%), el Fondo Fiduciario Federal de Infraestructura Regional -FFFIR (0,5%), Deuda consolidada (0,1%), y el Fondo Fiduciario de Desarrollo Provincial-FFDP (0,0%).<strong> En relaci\u00f3n con la evoluci\u00f3n interanual real, no todos los componentes disminuyeron. Si bien cuatro de los siete componentes de la deuda provincial mostraron descensos reales, como ser en T\u00edtulos P\u00fablicos (-17,4%), otros presentaron alzas. Entre los incrementos m\u00e1s significativos, se destacaron los pasivos con Entidades Bancarias (+41,9%) y con el Gobierno Nacional (+15,8%).<\/strong><\/p>\n<p><img decoding=\"async\" class=\"max-w-full h-auto object-contain\" title=\"Captura de pantalla 2025-10-21 174127.png\" src=\"https:\/\/res.cloudinary.com\/dut4yhfgk\/image\/upload\/c_limit,h_630,q_auto:best,w_1200\/v1761079302\/Noticias\/general\/imagen-contenido\/content\/content-image-Captura%20-1761079301946.png\" alt=\"Captura de pantalla 2025-10-21 174127.png\" \/><\/p>\n<p class=\"text-lg\">En t\u00e9rminos absolutos (pesos corrientes), la provincia de Buenos Aires concentra la mayor parte de la deuda, con $14.227.264 millones, participando del 58,1% del total. En el extremo opuesto se encuentra San Luis, con el menor stock, alcanzando solo $211 millones. <strong>Al analizar la deuda per c\u00e1pita, las brechas son a\u00fan m\u00e1s significativas. La Rioja ($ 1.429.649 por habitante) y Chubut ($ 1.331.655 por habitante) exhiben los mayores niveles del pa\u00eds. Cabe destacar que las provincias patag\u00f3nicas como Chubut cuentan con \u00abpasivos garantizados con regal\u00edas hidrocarbur\u00edferas, mientras que el caso riojano no cuenta con esa espalda\u00bb. En contraste, San Luis ($ 389) y Santa Cruz ($ 14.699) presentan las menores deudas per c\u00e1pita.<\/strong><\/p>\n<p><span style=\"font-size: 8pt;\">FUENTE:\u00a0Tendencia de noticias<\/span><\/p>\n<\/div>\n<\/div>\n<\/div>\n<\/div>\n","protected":false},"excerpt":{"rendered":"<p>Tucum\u00e1n redujo su deuda p\u00fablica un 3,7% en t\u00e9rminos reales, con un stock de $152.091 millones y $87.821 per c\u00e1pita, en un contexto nacional donde la deuda provincial cay\u00f3 al 2,9% del PIB, liderada por t\u00edtulos p\u00fablicos y acreedores internacionales. El an\u00e1lisis sobre el stock de deuda consolidada de las provincias y la Ciudad Aut\u00f3noma &hellip;<\/p>\n","protected":false},"author":2,"featured_media":12101,"comment_status":"open","ping_status":"open","sticky":false,"template":"","format":"standard","meta":{"footnotes":""},"categories":[54,34],"tags":[2111],"class_list":["post-12100","post","type-post","status-publish","format-standard","has-post-thumbnail","hentry","category-interes-ganeral","category-locales","tag-gobierno-de-tucuman"],"_links":{"self":[{"href":"https:\/\/cafeprensa.com.ar\/index.php\/wp-json\/wp\/v2\/posts\/12100","targetHints":{"allow":["GET"]}}],"collection":[{"href":"https:\/\/cafeprensa.com.ar\/index.php\/wp-json\/wp\/v2\/posts"}],"about":[{"href":"https:\/\/cafeprensa.com.ar\/index.php\/wp-json\/wp\/v2\/types\/post"}],"author":[{"embeddable":true,"href":"https:\/\/cafeprensa.com.ar\/index.php\/wp-json\/wp\/v2\/users\/2"}],"replies":[{"embeddable":true,"href":"https:\/\/cafeprensa.com.ar\/index.php\/wp-json\/wp\/v2\/comments?post=12100"}],"version-history":[{"count":1,"href":"https:\/\/cafeprensa.com.ar\/index.php\/wp-json\/wp\/v2\/posts\/12100\/revisions"}],"predecessor-version":[{"id":12102,"href":"https:\/\/cafeprensa.com.ar\/index.php\/wp-json\/wp\/v2\/posts\/12100\/revisions\/12102"}],"wp:featuredmedia":[{"embeddable":true,"href":"https:\/\/cafeprensa.com.ar\/index.php\/wp-json\/wp\/v2\/media\/12101"}],"wp:attachment":[{"href":"https:\/\/cafeprensa.com.ar\/index.php\/wp-json\/wp\/v2\/media?parent=12100"}],"wp:term":[{"taxonomy":"category","embeddable":true,"href":"https:\/\/cafeprensa.com.ar\/index.php\/wp-json\/wp\/v2\/categories?post=12100"},{"taxonomy":"post_tag","embeddable":true,"href":"https:\/\/cafeprensa.com.ar\/index.php\/wp-json\/wp\/v2\/tags?post=12100"}],"curies":[{"name":"wp","href":"https:\/\/api.w.org\/{rel}","templated":true}]}}