{"id":12108,"date":"2025-11-03T12:18:05","date_gmt":"2025-11-03T11:18:05","guid":{"rendered":"https:\/\/cafeprensa.com.ar\/?p=12108"},"modified":"2025-11-03T12:18:05","modified_gmt":"2025-11-03T11:18:05","slug":"con-catalan-fuera-pelli-resurge-como-el-unico-lider-de-lla-en-tucuman","status":"publish","type":"post","link":"https:\/\/cafeprensa.com.ar\/index.php\/2025\/11\/03\/con-catalan-fuera-pelli-resurge-como-el-unico-lider-de-lla-en-tucuman\/","title":{"rendered":"Con Catal\u00e1n fuera, Pelli resurge como el \u00fanico l\u00edder de LLA en Tucum\u00e1n"},"content":{"rendered":"<div class=\"space-y-3\">\n<div class=\"max-w-4xl\">\n<p class=\"__className_c59aa5 text-lg pt-2\">Tras la ca\u00edda de Lisandro Catal\u00e1n del esquema de poder nacional, el diputado electo Federico Pelli emerge como el nuevo referente de La Libertad Avanza en Tucum\u00e1n.<strong> Entre internas, reacomodamientos y la posible intervenci\u00f3n de la mesa chica de Milei, el espacio libertario provincial inicia una etapa de disputa por el liderazgo con la mira puesta en 2027.<\/strong><\/p>\n<\/div>\n<\/div>\n<div class=\"flex flex-col md:flex-row mt-3 gap-4 relative\">\n<div class=\"grow md:w-[856px] relative\">\n<div class=\"md:flex md:items-start md:justify-between md:gap-8 relative \">\n<div class=\"pb-7 font-thin\">\n<p class=\"text-lg\">Las elecciones del pasado\u00a0<strong>domingo 26 de octubre<\/strong>\u00a0dejaron varias ense\u00f1anzas en Tucum\u00e1n: una de ellas es que\u00a0<strong>La Libertad Avanza se coron\u00f3 como la \u00fanica e indiscutida fuerza opositora<\/strong>\u00a0al gobierno de\u00a0<strong>Osvaldo Jaldo<\/strong>. Y la otra moraleja es que\u00a0<strong>en el partido del presidente Javier Milei nadie tiene la silla asegurada<\/strong>.<img loading=\"lazy\" decoding=\"async\" class=\"alignnone wp-image-12109 size-full\" src=\"https:\/\/cafeprensa.com.ar\/wp-content\/uploads\/2025\/11\/1010x567_lisandro-catalan-528904-084750.jpg\" alt=\"\" width=\"1010\" height=\"567\" srcset=\"https:\/\/cafeprensa.com.ar\/wp-content\/uploads\/2025\/11\/1010x567_lisandro-catalan-528904-084750.jpg 1010w, https:\/\/cafeprensa.com.ar\/wp-content\/uploads\/2025\/11\/1010x567_lisandro-catalan-528904-084750-300x168.jpg 300w, https:\/\/cafeprensa.com.ar\/wp-content\/uploads\/2025\/11\/1010x567_lisandro-catalan-528904-084750-768x431.jpg 768w, https:\/\/cafeprensa.com.ar\/wp-content\/uploads\/2025\/11\/1010x567_lisandro-catalan-528904-084750-390x220.jpg 390w\" sizes=\"auto, (max-width: 1010px) 100vw, 1010px\" \/><\/p>\n<p class=\"text-lg\">Y quien lo vivi\u00f3 en carne propia fue el tucumano\u00a0<strong>Lisandro Catal\u00e1n<\/strong>, ex ministro del Interior, quien pese a haber logrado, a trav\u00e9s de su conducci\u00f3n pol\u00edtica local,\u00a0<strong>dos bancas en la C\u00e1mara de Diputados<\/strong>, qued\u00f3\u00a0<strong>fuera del esquema de poder del presidente<\/strong>, arrastrado por la\u00a0<strong>feroz interna<\/strong>\u00a0que protagoniz\u00f3 su mentor y ex jefe de Gabinete de Ministros,\u00a0<strong>Guillermo Francos<\/strong>, quiz\u00e1s el \u00fanico dirigente dentro del Gobierno con pergaminos y expertise pol\u00edtica para generar consensos.<\/p>\n<p class=\"text-lg\">Con\u00a0<strong>Catal\u00e1n ya sin cargo y sin poder real<\/strong>, \u00bfqui\u00e9n conducir\u00e1 el barco de LLA hacia las elecciones de\u00a0<strong>2027<\/strong>? Desde el n\u00facleo m\u00e1s catalanista de la agrupaci\u00f3n local aseguran que ser\u00e1 el propio Catal\u00e1n quien seguir\u00e1 manejando los hilos porque, al no tener cargo en el gobierno, tendr\u00e1 m\u00e1s tiempo de viajar seguido a Tucum\u00e1n. Pero lo que suceder\u00e1 en realidad ser\u00e1 otra cosa: los dirigentes de LLA comarcana que quedaron hu\u00e9rfanos buscar\u00e1n un\u00a0<strong>nuevo l\u00edder que los conduzca<\/strong>, como manda la \u00fanica ley natural que rige el poder y la realpolitik:\u00a0<strong>a rey muerto, rey puesto<\/strong>.<\/p>\n<p class=\"text-lg\">Hasta su renuncia ocurrida el viernes pasado, el\u00a0<strong>brazo ejecutor de Catal\u00e1n en Tucum\u00e1n fue Gonzalo Heredia<\/strong>, un joven empresario a quien Jaldo aludi\u00f3 indirectamente durante el debate de\u00a0<em>La Gaceta<\/em>, relacionado al\u00a0<strong>manejo de los fondos de campa\u00f1a<\/strong>. El manejo pol\u00edtico de LLA en la provincia fue de un\u00a0<strong>verticalismo extremo<\/strong>, con poco lugar para el debate y el consenso entre sus dirigentes. Lo que Catal\u00e1n ordenaba, Heredia ejecutaba. Fue un\u00a0<strong>esquema de poder a manu militari<\/strong>, fiel al estilo de\u00a0<strong>Karina Milei<\/strong>, cuya franquicia fue implementada a rajatabla \u2014y con resultados electorales a la vista\u2014 en la tierra de\u00a0<strong>Juan Bautista Alberdi<\/strong>.<\/p>\n<p class=\"text-lg\">En\u00a0<strong>LLA Tucum\u00e1n<\/strong>\u00a0hay\u00a0<strong>dos grupos definidos de poder<\/strong>: por un lado est\u00e1n\u00a0<strong>\u00abLos Catalanes\u00bb<\/strong>, conformado por amigos, familiares y allegados al ahora ex funcionario, y por otro lado est\u00e1n los\u00a0<strong>\u00abFederalistas\u00bb<\/strong>, integrados por miembros y directivos de la\u00a0<strong>Fundaci\u00f3n Federalismo y Libertad<\/strong>, conducidos por el influyente cabildante\u00a0<strong>Jos\u00e9 Godoy<\/strong>. En este grupo se encuentra\u00a0<strong>Manuel Guisone<\/strong>, segundo de Godoy y quien perdi\u00f3 la pulseada para encabezar la lista frente al\u00a0<strong>diputado electo Federico Pelli<\/strong>, experto en Seguridad y jefe de esa \u00e1rea en la\u00a0<strong>compa\u00f1\u00eda azucarera Los Balcanes<\/strong>. Muchos coinciden en que el\u00a0<strong>lobby del empresario Jorge Rocchia Ferro<\/strong>\u00a0fue crucial para posicionar al\u00a0<strong>sobrino nieto del arquitecto C\u00e9sar Pelli<\/strong>.<\/p>\n<p class=\"text-lg\">Pero ahora, al haber quedado\u00a0<strong>Catal\u00e1n sin poder<\/strong>,\u00a0<strong>Pelli tendr\u00eda l\u00ednea directa con Karina Milei, Santiago Caputo o Diego Santilli<\/strong>, si es que este \u00faltimo, recientemente designado\u00a0<strong>ministro del Interior<\/strong>, se encarga del armado en las provincias.<\/p>\n<p class=\"text-lg\">\u00bfQu\u00e9 pasar\u00eda si\u00a0<strong>Caputo o Santilli desembarcan en Tucum\u00e1n<\/strong>? Seguramente los\u00a0<strong>perfiles dialoguistas<\/strong>\u00a0de \u201cEl Mago del Kremlin\u201d \u2014as\u00ed lo bautiz\u00f3 el periodista Carlos Pagni\u2014 o de \u201cEl Colorado\u201d permitir\u00edan conformar un\u00a0<strong>espacio opositor menos sectario<\/strong>, quiz\u00e1s con referentes\u00a0<strong>extrapartidarios<\/strong>\u00a0que buscar\u00e1n migrar hacia LLA luego de la\u00a0<strong>contundente elecci\u00f3n del domingo 26<\/strong>. \u00bfSe te\u00f1ir\u00e1n de violeta algunos referentes del\u00a0<strong>radicalismo y del peronismo local<\/strong>\u00a0que quedaron marginados y expuestos tras los comicios? \u00bfRegresar\u00e1n al espacio quienes pegaron el portazo por desavenencias con la conducci\u00f3n local?. El\u00a0<strong>gran ajedrez pol\u00edtico hacia 2027<\/strong>\u00a0ya est\u00e1 a la vista. Solo hay que esperar que\u00a0<strong>se mueva la primera ficha<\/strong>.<\/p>\n<p><span style=\"font-size: 8pt;\">POR <b class=\"text-foreground capitalize text-sm leading-tight\">Juan Pablo Dur\u00e1n<\/b><\/span><\/p>\n<\/div>\n<\/div>\n<\/div>\n<\/div>\n","protected":false},"excerpt":{"rendered":"<p>Tras la ca\u00edda de Lisandro Catal\u00e1n del esquema de poder nacional, el diputado electo Federico Pelli emerge como el nuevo referente de La Libertad Avanza en Tucum\u00e1n. Entre internas, reacomodamientos y la posible intervenci\u00f3n de la mesa chica de Milei, el espacio libertario provincial inicia una etapa de disputa por el liderazgo con la mira &hellip;<\/p>\n","protected":false},"author":2,"featured_media":12110,"comment_status":"open","ping_status":"open","sticky":false,"template":"","format":"standard","meta":{"footnotes":""},"categories":[34,25],"tags":[1198,1810,2589],"class_list":["post-12108","post","type-post","status-publish","format-standard","has-post-thumbnail","hentry","category-locales","category-politica","tag-lisandro-catalan","tag-lla","tag-pelli"],"_links":{"self":[{"href":"https:\/\/cafeprensa.com.ar\/index.php\/wp-json\/wp\/v2\/posts\/12108","targetHints":{"allow":["GET"]}}],"collection":[{"href":"https:\/\/cafeprensa.com.ar\/index.php\/wp-json\/wp\/v2\/posts"}],"about":[{"href":"https:\/\/cafeprensa.com.ar\/index.php\/wp-json\/wp\/v2\/types\/post"}],"author":[{"embeddable":true,"href":"https:\/\/cafeprensa.com.ar\/index.php\/wp-json\/wp\/v2\/users\/2"}],"replies":[{"embeddable":true,"href":"https:\/\/cafeprensa.com.ar\/index.php\/wp-json\/wp\/v2\/comments?post=12108"}],"version-history":[{"count":1,"href":"https:\/\/cafeprensa.com.ar\/index.php\/wp-json\/wp\/v2\/posts\/12108\/revisions"}],"predecessor-version":[{"id":12111,"href":"https:\/\/cafeprensa.com.ar\/index.php\/wp-json\/wp\/v2\/posts\/12108\/revisions\/12111"}],"wp:featuredmedia":[{"embeddable":true,"href":"https:\/\/cafeprensa.com.ar\/index.php\/wp-json\/wp\/v2\/media\/12110"}],"wp:attachment":[{"href":"https:\/\/cafeprensa.com.ar\/index.php\/wp-json\/wp\/v2\/media?parent=12108"}],"wp:term":[{"taxonomy":"category","embeddable":true,"href":"https:\/\/cafeprensa.com.ar\/index.php\/wp-json\/wp\/v2\/categories?post=12108"},{"taxonomy":"post_tag","embeddable":true,"href":"https:\/\/cafeprensa.com.ar\/index.php\/wp-json\/wp\/v2\/tags?post=12108"}],"curies":[{"name":"wp","href":"https:\/\/api.w.org\/{rel}","templated":true}]}}