{"id":12143,"date":"2025-11-04T13:03:17","date_gmt":"2025-11-04T12:03:17","guid":{"rendered":"https:\/\/cafeprensa.com.ar\/?p=12143"},"modified":"2025-11-04T13:03:17","modified_gmt":"2025-11-04T12:03:17","slug":"el-gobierno-convoco-al-consejo-del-salario-para-definir-el-aumento-del-sueldo","status":"publish","type":"post","link":"https:\/\/cafeprensa.com.ar\/index.php\/2025\/11\/04\/el-gobierno-convoco-al-consejo-del-salario-para-definir-el-aumento-del-sueldo\/","title":{"rendered":"El Gobierno convoc\u00f3 al Consejo del Salario para definir el aumento del sueldo"},"content":{"rendered":"<header class=\"news-headline\">\n<div class=\"news-headline__author-and-share-wrapper\">\n<p>La Secretar\u00eda de Trabajo fij\u00f3 para este mes la reuni\u00f3n del Consejo Nacional del Empleo, la Productividad y el Salario M\u00ednimo, Vital y M\u00f3vil, donde se debatir\u00e1 el nuevo piso salarial y los montos de las prestaciones por desempleo. El haber m\u00ednimo permanece congelado desde agosto en $322.200.<\/p>\n<\/div>\n<\/header>\n<article class=\"article-body article-body--first-paragraph content-protected-false\" data-td-script-src=\"https:\/\/www.ambito.com\/td\/modulos\/encuestas\/js\/function-embeds-min-version-1762229174.js\">\n<p data-start=\"418\" data-end=\"723\">El Gobierno convoc\u00f3 a una nueva sesi\u00f3n plenaria del\u00a0<strong data-start=\"479\" data-end=\"563\">Consejo Nacional del Empleo, la Productividad y el\u00a0<a href=\"https:\/\/www.ambito.com\/economia\/salario-minimo-vital-y-movil-noviembre-2025-asi-queda-el-valor-hora-y-jornada-completa-n6209362\" target=\"_blank\" rel=\"follow noopener\">Salario M\u00ednimo, Vital y M\u00f3vil<\/a><\/strong>, que se realizar\u00e1 el\u00a0<strong data-start=\"585\" data-end=\"604\">26 de noviembre<\/strong> de manera virtual, con el objetivo de definir una actualizaci\u00f3n del salario m\u00ednimo y las prestaciones por desempleo.<img loading=\"lazy\" decoding=\"async\" class=\"alignnone wp-image-12145 size-full\" src=\"https:\/\/cafeprensa.com.ar\/wp-content\/uploads\/2025\/11\/salarios-minimos-2jpg.webp\" alt=\"\" width=\"730\" height=\"548\" srcset=\"https:\/\/cafeprensa.com.ar\/wp-content\/uploads\/2025\/11\/salarios-minimos-2jpg.webp 730w, https:\/\/cafeprensa.com.ar\/wp-content\/uploads\/2025\/11\/salarios-minimos-2jpg-300x225.webp 300w\" sizes=\"auto, (max-width: 730px) 100vw, 730px\" \/><\/p>\n<\/article>\n<article class=\"article-body article-body--second-paragraph content-protected-false\">\n<p data-start=\"725\" data-end=\"1121\">La medida qued\u00f3 oficializada a trav\u00e9s de la\u00a0<strong data-start=\"769\" data-end=\"790\">Resoluci\u00f3n 6\/2025<\/strong>, publicada en el\u00a0<strong data-start=\"808\" data-end=\"827\"><a href=\"https:\/\/www.ambito.com\/informacion-general\/la-anmat-prohibio-un-medicamento-la-diabetes-y-18-suplementos-dietarios-cuales-son-n6209724\" target=\"_blank\" rel=\"follow noopener\">Bolet\u00edn Oficial<\/a><\/strong>\u00a0por la\u00a0<strong data-start=\"835\" data-end=\"887\">Secretar\u00eda de Trabajo, Empleo y Seguridad Social<\/strong>, dependiente del Ministerio de Capital Humano. La convocatoria establece que la reuni\u00f3n comenzar\u00e1 a las\u00a0<strong data-start=\"992\" data-end=\"1001\">12:30<\/strong>, con una segunda convocatoria prevista para las\u00a0<strong data-start=\"1050\" data-end=\"1059\">14:00<\/strong> del mismo d\u00eda, en caso de no lograrse qu\u00f3rum en la primera.<\/p>\n<\/article>\n<article class=\"article-body article-body--third-paragraph content-protected-false\">\n<p data-start=\"1123\" data-end=\"1467\">El Consejo del Salario es el \u00e1mbito tripartito donde se negocia el piso salarial legal para todos los trabajadores registrados del pa\u00eds. Est\u00e1 integrado por\u00a0<strong data-start=\"1279\" data-end=\"1319\">16 representantes de los empleadores<\/strong>\u00a0y\u00a0<strong data-start=\"1322\" data-end=\"1348\">16 de los trabajadores<\/strong>, todos designados ad honorem por el Poder Ejecutivo, adem\u00e1s de un presidente designado por el Ministerio de Trabajo.<\/p>\n<\/article>\n<article class=\"article-body article-body--fourth-paragraph content-protected-false\">\n<p data-start=\"1469\" data-end=\"1779\">Seg\u00fan la resoluci\u00f3n, el orden del d\u00eda incluye la\u00a0<strong data-start=\"1518\" data-end=\"1567\">designaci\u00f3n de dos consejeros por cada sector<\/strong>\u00a0para la firma del acta y la\u00a0<strong data-start=\"1596\" data-end=\"1714\">consideraci\u00f3n de los temas elevados por la\u00a0<a href=\"https:\/\/www.ambito.com\/sociedad\/salario-minimo-vital-y-movil-octubre-2025-asi-queda-el-valor-hora-y-jornada-completa-n6197020\" target=\"_blank\" rel=\"follow noopener\">Comisi\u00f3n del Salario M\u00ednimo, Vital y M\u00f3vil<\/a>\u00a0y Prestaciones por Desempleo<\/strong>, que sesionar\u00e1 el mismo d\u00eda a las\u00a0<strong data-start=\"1749\" data-end=\"1758\">10:00<\/strong>\u00a0de manera virtual.<\/p>\n<\/article>\n<article class=\"article-body article-body--fifth-paragraph content-protected-false\">\n<div id=\"8148612-755824460_wrap\" class=\"embed_cont type_documento\" contenteditable=\"false\">\n<div id=\"8148612-755824460_content\" class=\"embed_content\">\n<div id=\"8148612-755824460_embed\"><iframe class=\"CMSObject_embed\" src=\"https:\/\/www.ambito.com\/_post\/viewerpdfjs.php?file=https:\/\/www.ambito.com\/adjuntos\/239\/documentos\/042\/917\/0042917068.pdf\" sandbox=\"allow-same-origin allow-scripts allow-popups allow-forms\" data-mce-fragment=\"1\"><\/iframe><\/div>\n<\/div>\n<\/div>\n<p data-start=\"1781\" data-end=\"2227\"><strong>El salario m\u00ednimo actual y su impacto en trabajadores y prestaciones sociales<\/strong><\/p>\n<p data-start=\"1781\" data-end=\"2227\">Desde\u00a0<strong data-start=\"1787\" data-end=\"1797\">agosto<\/strong>, el\u00a0<strong data-start=\"1802\" data-end=\"1828\">salario m\u00ednimo mensual<\/strong>\u00a0se mantiene en\u00a0<strong data-start=\"1844\" data-end=\"1856\">$322.200<\/strong>\u00a0para quienes cumplen una jornada laboral completa de 48 horas semanales, mientras que el\u00a0<strong data-start=\"1946\" data-end=\"1964\">valor por hora<\/strong>\u00a0para los trabajadores jornalizados es de\u00a0<strong data-start=\"2006\" data-end=\"2016\">$1.610<\/strong>. Este monto no solo establece el ingreso m\u00ednimo de los trabajadores formales, sino que tambi\u00e9n\u00a0<strong data-start=\"2112\" data-end=\"2195\">funciona como referencia para el c\u00e1lculo de prestaciones sociales y universales<\/strong>\u00a0gestionadas por la\u00a0<a href=\"https:\/\/www.ambito.com\/informacion-general\/anses-pagara-mas-100000-noviembre-2025-estas-familias-n6208571\" target=\"_blank\" rel=\"follow noopener\">ANSES.<\/a><\/p>\n<\/article>\n<article class=\"article-body article-body--remaining-paragraph content-protected-false\">\n<p data-start=\"2229\" data-end=\"2531\" data-is-last-node=\"\" data-is-only-node=\"\">Adem\u00e1s, la Secretar\u00eda de Trabajo public\u00f3 la\u00a0<strong data-start=\"2273\" data-end=\"2294\">Resoluci\u00f3n 2\/2025<\/strong>, que convoca a la\u00a0<strong data-start=\"2313\" data-end=\"2367\">Comisi\u00f3n Nacional de Trabajo en Casas Particulares<\/strong>\u00a0a una sesi\u00f3n plenaria el\u00a0<strong data-start=\"2393\" data-end=\"2411\">7 de noviembre<\/strong>, donde se analizar\u00e1 la evoluci\u00f3n de las remuneraciones m\u00ednimas del\u00a0<strong data-start=\"2479\" data-end=\"2501\">personal dom\u00e9stico<\/strong>\u00a0comprendido en la Ley 26.844.<\/p>\n<\/article>\n","protected":false},"excerpt":{"rendered":"<p>La Secretar\u00eda de Trabajo fij\u00f3 para este mes la reuni\u00f3n del Consejo Nacional del Empleo, la Productividad y el Salario M\u00ednimo, Vital y M\u00f3vil, donde se debatir\u00e1 el nuevo piso salarial y los montos de las prestaciones por desempleo. El haber m\u00ednimo permanece congelado desde agosto en $322.200. El Gobierno convoc\u00f3 a una nueva sesi\u00f3n &hellip;<\/p>\n","protected":false},"author":2,"featured_media":12144,"comment_status":"open","ping_status":"open","sticky":false,"template":"","format":"standard","meta":{"footnotes":""},"categories":[28,33],"tags":[450],"class_list":["post-12143","post","type-post","status-publish","format-standard","has-post-thumbnail","hentry","category-economia","category-nacionales","tag-salarios"],"_links":{"self":[{"href":"https:\/\/cafeprensa.com.ar\/index.php\/wp-json\/wp\/v2\/posts\/12143","targetHints":{"allow":["GET"]}}],"collection":[{"href":"https:\/\/cafeprensa.com.ar\/index.php\/wp-json\/wp\/v2\/posts"}],"about":[{"href":"https:\/\/cafeprensa.com.ar\/index.php\/wp-json\/wp\/v2\/types\/post"}],"author":[{"embeddable":true,"href":"https:\/\/cafeprensa.com.ar\/index.php\/wp-json\/wp\/v2\/users\/2"}],"replies":[{"embeddable":true,"href":"https:\/\/cafeprensa.com.ar\/index.php\/wp-json\/wp\/v2\/comments?post=12143"}],"version-history":[{"count":1,"href":"https:\/\/cafeprensa.com.ar\/index.php\/wp-json\/wp\/v2\/posts\/12143\/revisions"}],"predecessor-version":[{"id":12146,"href":"https:\/\/cafeprensa.com.ar\/index.php\/wp-json\/wp\/v2\/posts\/12143\/revisions\/12146"}],"wp:featuredmedia":[{"embeddable":true,"href":"https:\/\/cafeprensa.com.ar\/index.php\/wp-json\/wp\/v2\/media\/12144"}],"wp:attachment":[{"href":"https:\/\/cafeprensa.com.ar\/index.php\/wp-json\/wp\/v2\/media?parent=12143"}],"wp:term":[{"taxonomy":"category","embeddable":true,"href":"https:\/\/cafeprensa.com.ar\/index.php\/wp-json\/wp\/v2\/categories?post=12143"},{"taxonomy":"post_tag","embeddable":true,"href":"https:\/\/cafeprensa.com.ar\/index.php\/wp-json\/wp\/v2\/tags?post=12143"}],"curies":[{"name":"wp","href":"https:\/\/api.w.org\/{rel}","templated":true}]}}