{"id":1215,"date":"2024-02-19T10:36:25","date_gmt":"2024-02-19T09:36:25","guid":{"rendered":"https:\/\/cafeprensa.com.ar\/?p=1215"},"modified":"2024-02-19T10:38:00","modified_gmt":"2024-02-19T09:38:00","slug":"boca-cayo-ante-lanus-y-sufrio-su-primera-derrota-en-la-copa-de-la-liga","status":"publish","type":"post","link":"https:\/\/cafeprensa.com.ar\/index.php\/2024\/02\/19\/boca-cayo-ante-lanus-y-sufrio-su-primera-derrota-en-la-copa-de-la-liga\/","title":{"rendered":"Boca cay\u00f3 ante Lan\u00fas y sufri\u00f3 su primera derrota en la Copa de la Liga"},"content":{"rendered":"<div class=\"container\">\n<div class=\"row publicidadTop\">\n<div class=\"pubGoogle row\">\n<div class=\"col-lg-4 col-sm-4 col-md-4 col-xs-12 text-right\">\n<p>El conjunto de Diego Mart\u00ednez reaccion\u00f3 tarde y perdi\u00f3 2-1 por los goles de Walter Bou y Augusto Lotti; descont\u00f3 sobre la hora Lucas Blondel. El Granate es el \u00fanico escolta del l\u00edder Godoy Cruz por la Zona B.<\/p>\n<\/div>\n<\/div>\n<\/div>\n<\/div>\n<div class=\"container\">\n<div class=\"row\">\n<div class=\"col-lg-8 col-sm-8 col-xs-12\">\n<div><b>En la antesala del Supercl\u00e1sico, Boca Juniors cay\u00f3 ante Lan\u00fas en La Fortaleza y sufri\u00f3 su primera derrota en la Copa de la Liga<\/b>.<\/div>\n<div>Boca Juniors reaccion\u00f3 tarde y perdi\u00f3 2-1 ante Lan\u00fas en La Fortaleza. Tras un primer tiempo muy flojo, el Xeneize mostr\u00f3 otra cara, pero en su mejor momento el Granate aument\u00f3 el tanteador por medio de Augusto Lotti; en el primer tiempo fue Walter Bou el que puso en ventaja la local.<\/div>\n<p><iframe loading=\"lazy\" title=\"\u00a1EL XENEIZE CAY\u00d3 ANTE EL GRANATE EN LA FORTALEZA! | Lan\u00fas 2-1 Boca | RESUMEN\" width=\"500\" height=\"281\" src=\"https:\/\/www.youtube.com\/embed\/hntHcPNs49E?feature=oembed\" frameborder=\"0\" allow=\"accelerometer; autoplay; clipboard-write; encrypted-media; gyroscope; picture-in-picture; web-share\" referrerpolicy=\"strict-origin-when-cross-origin\" allowfullscreen><\/iframe><\/p>\n<div>Sobre el final, Lucas Blondel descont\u00f3 aunque no pudo evitar la primera derrota de la era Diego Mart\u00ednez. De esta manera, llegar\u00e1 golpeado al Supercl\u00e1sico ante River Plate, el pr\u00f3ximo domingo en el estadio Monumental. Todo lo contrario para Lan\u00fas, que es \u00fanico escolta de Godoy Cruz en la Zona B y volver\u00e1 a jugar en este estadio ante Banfield.<\/div>\n<\/div>\n<\/div>\n<\/div>\n","protected":false},"excerpt":{"rendered":"<p>El conjunto de Diego Mart\u00ednez reaccion\u00f3 tarde y perdi\u00f3 2-1 por los goles de Walter Bou y Augusto Lotti; descont\u00f3 sobre la hora Lucas Blondel. El Granate es el \u00fanico escolta del l\u00edder Godoy Cruz por la Zona B. En la antesala del Supercl\u00e1sico, Boca Juniors cay\u00f3 ante Lan\u00fas en La Fortaleza y sufri\u00f3 su &hellip;<\/p>\n","protected":false},"author":2,"featured_media":1216,"comment_status":"open","ping_status":"open","sticky":false,"template":"","format":"standard","meta":{"footnotes":""},"categories":[29],"tags":[70,71],"class_list":["post-1215","post","type-post","status-publish","format-standard","has-post-thumbnail","hentry","category-deportes","tag-boca","tag-lanus"],"_links":{"self":[{"href":"https:\/\/cafeprensa.com.ar\/index.php\/wp-json\/wp\/v2\/posts\/1215","targetHints":{"allow":["GET"]}}],"collection":[{"href":"https:\/\/cafeprensa.com.ar\/index.php\/wp-json\/wp\/v2\/posts"}],"about":[{"href":"https:\/\/cafeprensa.com.ar\/index.php\/wp-json\/wp\/v2\/types\/post"}],"author":[{"embeddable":true,"href":"https:\/\/cafeprensa.com.ar\/index.php\/wp-json\/wp\/v2\/users\/2"}],"replies":[{"embeddable":true,"href":"https:\/\/cafeprensa.com.ar\/index.php\/wp-json\/wp\/v2\/comments?post=1215"}],"version-history":[{"count":3,"href":"https:\/\/cafeprensa.com.ar\/index.php\/wp-json\/wp\/v2\/posts\/1215\/revisions"}],"predecessor-version":[{"id":1219,"href":"https:\/\/cafeprensa.com.ar\/index.php\/wp-json\/wp\/v2\/posts\/1215\/revisions\/1219"}],"wp:featuredmedia":[{"embeddable":true,"href":"https:\/\/cafeprensa.com.ar\/index.php\/wp-json\/wp\/v2\/media\/1216"}],"wp:attachment":[{"href":"https:\/\/cafeprensa.com.ar\/index.php\/wp-json\/wp\/v2\/media?parent=1215"}],"wp:term":[{"taxonomy":"category","embeddable":true,"href":"https:\/\/cafeprensa.com.ar\/index.php\/wp-json\/wp\/v2\/categories?post=1215"},{"taxonomy":"post_tag","embeddable":true,"href":"https:\/\/cafeprensa.com.ar\/index.php\/wp-json\/wp\/v2\/tags?post=1215"}],"curies":[{"name":"wp","href":"https:\/\/api.w.org\/{rel}","templated":true}]}}