{"id":12157,"date":"2025-11-06T11:45:18","date_gmt":"2025-11-06T10:45:18","guid":{"rendered":"https:\/\/cafeprensa.com.ar\/?p=12157"},"modified":"2025-11-06T11:45:49","modified_gmt":"2025-11-06T10:45:49","slug":"y-candela-y-la-moto-y-roberto","status":"publish","type":"post","link":"https:\/\/cafeprensa.com.ar\/index.php\/2025\/11\/06\/y-candela-y-la-moto-y-roberto\/","title":{"rendered":"Y candela, y la moto, y ROBERTO?"},"content":{"rendered":"<div class=\"space-y-3\">\n<div class=\"max-w-4xl\">\n<p class=\"text-3xl md:text-4xl font-bold\">Lisandro Catal\u00e1n y el intendente de la ciudad de Concepci\u00f3n Alejandro \u201cCaco\u201d Molinuevo acordaron trabajar en conjunto por Tucum\u00e1n. El presidente de La Libertad Avanza Tucum\u00e1n se reuni\u00f3 con el intendente de Concepci\u00f3n, hermano de la diputada electa Soledad Molinuevo.<\/p>\n<p class=\"text-3xl md:text-4xl font-bold\">Catal\u00e1n busca fortalecer su armado pol\u00edtico tras el triunfo electoral del 26 de octubre. En un encuentro cargado de di\u00e1logo y coincidencias sobre la realidad provincial, <strong>Lisandro Catal\u00e1n<\/strong>, presidente de\u00a0<strong>La Libertad Avanza Tucum\u00e1n<\/strong>, se reuni\u00f3 con\u00a0<strong>Alejandro \u201cCaco\u201d Molinuevo<\/strong>, intendente de\u00a0<strong>Concepci\u00f3n<\/strong>, para analizar la situaci\u00f3n actual de la provincia y coordinar una agenda de trabajo conjunta.<\/p>\n<\/div>\n<\/div>\n<div class=\"flex flex-col md:flex-row mt-3 gap-4 relative\">\n<div class=\"grow md:w-[856px] relative\">\n<div class=\"md:flex md:items-start md:justify-between md:gap-8 relative \">\n<div class=\"pb-7 font-thin\">\n<p class=\"text-lg\">Molinuevo, hermano de la diputada electa por La Libertad Avanza Tucum\u00e1n,\u00a0<strong>Soledad Molinuevo<\/strong>, mantiene un rol activo en el sur provincial y fue uno de los primeros dirigentes locales en expresar su apoyo al proyecto libertario. Durante la reuni\u00f3n, ambos coincidieron en la necesidad de construir una alternativa s\u00f3lida de cara a 2027. \u201c<strong>Tucum\u00e1n necesita dirigentes con visi\u00f3n y compromiso, dispuestos a dejar atr\u00e1s la vieja pol\u00edtica y trabajar por un cambio real<\/strong>\u201d, destac\u00f3 Catal\u00e1n.<\/p>\n<p class=\"text-lg\">El encuentro forma parte de una serie de reuniones que el dirigente libertario viene manteniendo en su desembarco provincial, con el objetivo de\u00a0<strong>fortalecer su liderazgo interno y consolidar el espacio libertario<\/strong> en el escenario pol\u00edtico tucumano. Con esta estrategia, Catal\u00e1n\u00a0<strong>mueve sus fichas<\/strong>\u00a0dentro del tablero de\u00a0<strong>La Libertad Avanza<\/strong>\u00a0y busca\u00a0<strong>llevar agua a su molino<\/strong>\u00a0tras el\u00a0<strong>triunfo del 26 de octubre<\/strong>, que posicion\u00f3 al espacio como una de las principales fuerzas pol\u00edticas de la provincia.<\/p>\n<p class=\"text-lg\"><strong>Tanto Catal\u00e1n como Molinuevo coincidieron en que el desaf\u00edo de los pr\u00f3ximos a\u00f1os ser\u00e1 transformar la representaci\u00f3n lograda en las urnas en gesti\u00f3n, desarrollo y nuevas oportunidades para los tucumanos.<\/strong><\/p>\n<\/div>\n<\/div>\n<\/div>\n<\/div>\n","protected":false},"excerpt":{"rendered":"<p>Lisandro Catal\u00e1n y el intendente de la ciudad de Concepci\u00f3n Alejandro \u201cCaco\u201d Molinuevo acordaron trabajar en conjunto por Tucum\u00e1n. El presidente de La Libertad Avanza Tucum\u00e1n se reuni\u00f3 con el intendente de Concepci\u00f3n, hermano de la diputada electa Soledad Molinuevo. Catal\u00e1n busca fortalecer su armado pol\u00edtico tras el triunfo electoral del 26 de octubre. En &hellip;<\/p>\n","protected":false},"author":2,"featured_media":12158,"comment_status":"open","ping_status":"open","sticky":false,"template":"","format":"standard","meta":{"footnotes":""},"categories":[34,25],"tags":[2637,1198,683],"class_list":["post-12157","post","type-post","status-publish","format-standard","has-post-thumbnail","hentry","category-locales","category-politica","tag-la-libertad-avanza-tucuman","tag-lisandro-catalan","tag-molinuevo"],"_links":{"self":[{"href":"https:\/\/cafeprensa.com.ar\/index.php\/wp-json\/wp\/v2\/posts\/12157","targetHints":{"allow":["GET"]}}],"collection":[{"href":"https:\/\/cafeprensa.com.ar\/index.php\/wp-json\/wp\/v2\/posts"}],"about":[{"href":"https:\/\/cafeprensa.com.ar\/index.php\/wp-json\/wp\/v2\/types\/post"}],"author":[{"embeddable":true,"href":"https:\/\/cafeprensa.com.ar\/index.php\/wp-json\/wp\/v2\/users\/2"}],"replies":[{"embeddable":true,"href":"https:\/\/cafeprensa.com.ar\/index.php\/wp-json\/wp\/v2\/comments?post=12157"}],"version-history":[{"count":2,"href":"https:\/\/cafeprensa.com.ar\/index.php\/wp-json\/wp\/v2\/posts\/12157\/revisions"}],"predecessor-version":[{"id":12160,"href":"https:\/\/cafeprensa.com.ar\/index.php\/wp-json\/wp\/v2\/posts\/12157\/revisions\/12160"}],"wp:featuredmedia":[{"embeddable":true,"href":"https:\/\/cafeprensa.com.ar\/index.php\/wp-json\/wp\/v2\/media\/12158"}],"wp:attachment":[{"href":"https:\/\/cafeprensa.com.ar\/index.php\/wp-json\/wp\/v2\/media?parent=12157"}],"wp:term":[{"taxonomy":"category","embeddable":true,"href":"https:\/\/cafeprensa.com.ar\/index.php\/wp-json\/wp\/v2\/categories?post=12157"},{"taxonomy":"post_tag","embeddable":true,"href":"https:\/\/cafeprensa.com.ar\/index.php\/wp-json\/wp\/v2\/tags?post=12157"}],"curies":[{"name":"wp","href":"https:\/\/api.w.org\/{rel}","templated":true}]}}