{"id":12202,"date":"2025-11-08T21:35:57","date_gmt":"2025-11-08T20:35:57","guid":{"rendered":"https:\/\/cafeprensa.com.ar\/?p=12202"},"modified":"2025-11-08T21:36:22","modified_gmt":"2025-11-08T20:36:22","slug":"pelli-el-objetivo-era-que-lla-se-consolidara-como-la-principal-oposicion-en-la-provincia-y-se-cumplio-por-amplio-margen","status":"publish","type":"post","link":"https:\/\/cafeprensa.com.ar\/index.php\/2025\/11\/08\/pelli-el-objetivo-era-que-lla-se-consolidara-como-la-principal-oposicion-en-la-provincia-y-se-cumplio-por-amplio-margen\/","title":{"rendered":"Pelli: \u201cEl objetivo era que LLA se consolidara como la principal oposici\u00f3n en la provincia, y se cumpli\u00f3 por amplio margen\u00bb"},"content":{"rendered":"<p data-start=\"269\" data-end=\"540\">El diputado electo de <strong data-start=\"291\" data-end=\"321\">La Libertad Avanza Tucum\u00e1n<\/strong>, <strong data-start=\"323\" data-end=\"341\">Federico Pelli<\/strong>, en di\u00e1logo con <em data-start=\"358\" data-end=\"371\">Caf\u00e9 Prensa<\/em>, se refiri\u00f3 a c\u00f3mo se prepara de cara a su asunci\u00f3n en la C\u00e1mara de Diputados. Adem\u00e1s, analiz\u00f3 cu\u00e1les ser\u00e1n los pr\u00f3ximos pasos de su espacio pol\u00edtico en la provincia.<\/p>\n<p data-start=\"542\" data-end=\"968\">Pelli consider\u00f3 que el cambio de postura del gobernador <strong data-start=\"598\" data-end=\"615\">Osvaldo Jaldo<\/strong>, entre la campa\u00f1a y el per\u00edodo posterior a las elecciones, fue una cuesti\u00f3n \u201cpasajera\u201d, ya que \u201ccuando asume en 2023 toma una postura dialoguista\u201d. En ese sentido, se\u00f1al\u00f3: \u201cSer dialoguista es lo que le conviene a la gente, pero m\u00e1s all\u00e1 de Jaldo, estamos viendo qu\u00e9 hacemos para proponer una alternativa superadora para los tucumanos de cara a 2027\u201d.<\/p>\n<p data-start=\"970\" data-end=\"1367\">\u201cEl objetivo era que <strong data-start=\"991\" data-end=\"1013\">La Libertad Avanza<\/strong> se consolidara como la principal oposici\u00f3n en la provincia, y se cumpli\u00f3 por amplio margen\u201d, afirm\u00f3. Adem\u00e1s, destac\u00f3: \u201cLisandro Catal\u00e1n fue claro: LLA tendr\u00e1 una posici\u00f3n de apertura hacia la oposici\u00f3n, siempre y cuando compartan valores y principios, y no vengan con pretensiones de cargos ni condicionamientos\u201d.<\/p>\n<p data-start=\"1369\" data-end=\"1675\">Pelli agreg\u00f3 que el crecimiento del espacio se bas\u00f3 en el compromiso militante: \u201cTrabajamos en la campa\u00f1a desde el voluntariado, en base a nuestros ideales, queriendo cambiar las viejas pr\u00e1cticas para mejorar Tucum\u00e1n. Eso fue lo que gener\u00f3 el resultado electoral que hoy se puede ver\u201d.<\/p>\n<h3 data-start=\"1682\" data-end=\"1710\">Proyecciones pol\u00edticas<\/h3>\n<p>&nbsp;<\/p>\n<p data-start=\"1712\" data-end=\"2026\">Respecto a las proyecciones del partido en Tucum\u00e1n, Pelli reflexion\u00f3 que, si bien existe una diferencia de al menos 15 puntos con el oficialismo, \u201csi queremos ganarles, tenemos que abrir el espacio, pero tampoco se trata de amontonar dirigentes por votos; eso no funciona, como ocurri\u00f3 con Juntos por el Cambio\u201d.<\/p>\n<p data-start=\"2028\" data-end=\"2346\">\u201cTampoco somos necios \u2014aclar\u00f3\u2014. Sabemos que solos no es factible, sin embargo, queremos fortalecernos internamente como partido. Con la conducci\u00f3n de Lisandro Catal\u00e1n tenderemos puentes hacia quienes quieran participar del proyecto, para lograr los objetivos de cara a 2027\u201d, concluy\u00f3 sobre la estrategia provincial.<\/p>\n<h3 data-start=\"2353\" data-end=\"2397\">En la previa de su llegada al Congreso<\/h3>\n<p>&nbsp;<\/p>\n<p data-start=\"2399\" data-end=\"2778\">En cuanto a su futuro desembarco en la C\u00e1mara Baja, Pelli explic\u00f3 que tanto \u00e9l como <strong data-start=\"2483\" data-end=\"2504\">Soledad Molinuevo<\/strong> tendr\u00e1n margen de acci\u00f3n para desarrollar su labor legislativa. \u201cLas bancas son de los tucumanos, y en campa\u00f1a dijimos que apoyaremos las iniciativas que va a promover el Gobierno Nacional, como la reforma laboral o la modificaci\u00f3n del C\u00f3digo Penal, entre otras\u201d, se\u00f1al\u00f3.<\/p>\n<p data-start=\"2780\" data-end=\"2989\">Y remarc\u00f3: \u201cNo somos \u2018levanta manos\u2019. Estamos convencidos de que eso es lo que necesita Argentina, y como tucumanos vamos a velar por los intereses de la provincia, especialmente por la industria azucarera\u201d.<\/p>\n<p data-start=\"2991\" data-end=\"3355\">El diputado electo coment\u00f3 que, a casi un mes de asumir en el Congreso, se encuentra junto a Molinuevo realizando los tr\u00e1mites administrativos pertinentes. \u201cSoy un diputado preparado y con formaci\u00f3n en materia de seguridad; sin embargo, estoy estudiando el reglamento interno para conocer su funcionamiento y llegar lo m\u00e1s preparado posible al Congreso\u201d, afirm\u00f3.<\/p>\n<p data-start=\"3357\" data-end=\"3617\">Respecto a su equipo de trabajo, indic\u00f3 que a\u00fan se encuentra evaluando los perfiles que lo acompa\u00f1ar\u00e1n: \u201cEstamos analizando los temas que debemos reforzar, como cuestiones econ\u00f3micas y laborales, para conformar un equipo s\u00f3lido que me respalde en la C\u00e1mara\u201d.<\/p>\n<h3 data-start=\"3624\" data-end=\"3673\">V\u00ednculos pol\u00edticos y mirada hacia el futuro<\/h3>\n<p>&nbsp;<\/p>\n<p data-start=\"3675\" data-end=\"3913\">Finalmente, Pelli se refiri\u00f3 a la reuni\u00f3n entre el presidente de LLA, <strong data-start=\"3745\" data-end=\"3765\">Lisandro Catal\u00e1n<\/strong>, y el intendente de Concepci\u00f3n, <strong data-start=\"3798\" data-end=\"3821\">Alejandro Molinuevo<\/strong>. \u201cEl intendente tiene una buena gesti\u00f3n, y Catal\u00e1n mantuvo un encuentro con \u00e9l\u201d, coment\u00f3.<\/p>\n<p data-start=\"3915\" data-end=\"4189\">Asimismo, destac\u00f3 el rol del exjefe de Gabinete, a quien defini\u00f3 como \u201cel puente para construir lazos con referentes de la pol\u00edtica tucumana\u201d. \u201cPodremos trabajar en conjunto con vistas a 2027, consolidando espacios s\u00f3lidos y un proyecto pol\u00edtico de largo plazo\u201d, concluy\u00f3.<\/p>\n<p>&nbsp;<\/p>\n","protected":false},"excerpt":{"rendered":"<p>El diputado electo de La Libertad Avanza Tucum\u00e1n, Federico Pelli, en di\u00e1logo con Caf\u00e9 Prensa, se refiri\u00f3 a c\u00f3mo se prepara de cara a su asunci\u00f3n en la C\u00e1mara de Diputados. Adem\u00e1s, analiz\u00f3 cu\u00e1les ser\u00e1n los pr\u00f3ximos pasos de su espacio pol\u00edtico en la provincia. Pelli consider\u00f3 que el cambio de postura del gobernador Osvaldo &hellip;<\/p>\n","protected":false},"author":2,"featured_media":12212,"comment_status":"open","ping_status":"open","sticky":false,"template":"","format":"standard","meta":{"footnotes":""},"categories":[34],"tags":[102,2236,2645,200,1810,160],"class_list":["post-12202","post","type-post","status-publish","format-standard","has-post-thumbnail","hentry","category-locales","tag-congreso","tag-federico-pelli","tag-iniciativas","tag-javier-milei","tag-lla","tag-tucuman"],"_links":{"self":[{"href":"https:\/\/cafeprensa.com.ar\/index.php\/wp-json\/wp\/v2\/posts\/12202","targetHints":{"allow":["GET"]}}],"collection":[{"href":"https:\/\/cafeprensa.com.ar\/index.php\/wp-json\/wp\/v2\/posts"}],"about":[{"href":"https:\/\/cafeprensa.com.ar\/index.php\/wp-json\/wp\/v2\/types\/post"}],"author":[{"embeddable":true,"href":"https:\/\/cafeprensa.com.ar\/index.php\/wp-json\/wp\/v2\/users\/2"}],"replies":[{"embeddable":true,"href":"https:\/\/cafeprensa.com.ar\/index.php\/wp-json\/wp\/v2\/comments?post=12202"}],"version-history":[{"count":8,"href":"https:\/\/cafeprensa.com.ar\/index.php\/wp-json\/wp\/v2\/posts\/12202\/revisions"}],"predecessor-version":[{"id":12213,"href":"https:\/\/cafeprensa.com.ar\/index.php\/wp-json\/wp\/v2\/posts\/12202\/revisions\/12213"}],"wp:featuredmedia":[{"embeddable":true,"href":"https:\/\/cafeprensa.com.ar\/index.php\/wp-json\/wp\/v2\/media\/12212"}],"wp:attachment":[{"href":"https:\/\/cafeprensa.com.ar\/index.php\/wp-json\/wp\/v2\/media?parent=12202"}],"wp:term":[{"taxonomy":"category","embeddable":true,"href":"https:\/\/cafeprensa.com.ar\/index.php\/wp-json\/wp\/v2\/categories?post=12202"},{"taxonomy":"post_tag","embeddable":true,"href":"https:\/\/cafeprensa.com.ar\/index.php\/wp-json\/wp\/v2\/tags?post=12202"}],"curies":[{"name":"wp","href":"https:\/\/api.w.org\/{rel}","templated":true}]}}