{"id":12280,"date":"2025-11-12T12:13:41","date_gmt":"2025-11-12T11:13:41","guid":{"rendered":"https:\/\/cafeprensa.com.ar\/?p=12280"},"modified":"2025-11-12T12:13:41","modified_gmt":"2025-11-12T11:13:41","slug":"tucuman-estrena-charter-directo-a-rio-de-janeiro-para-el-verano-2026","status":"publish","type":"post","link":"https:\/\/cafeprensa.com.ar\/index.php\/2025\/11\/12\/tucuman-estrena-charter-directo-a-rio-de-janeiro-para-el-verano-2026\/","title":{"rendered":"Tucum\u00e1n estrena ch\u00e1rter directo a R\u00edo de Janeiro para el verano 2026"},"content":{"rendered":"<div class=\"space-y-3\">\n<div class=\"max-w-4xl\">\n<p class=\"__className_c59aa5 text-lg pt-2\">La mayorista Ola Turismo lanza una ruta exclusiva para conectar a los tucumanos con la costa de Brasil en solo dos horas, ofreciendo paquetes cerrados con opciones de alojamiento en <strong>R\u00edo, B\u00fazios o ambos destinos, operados por Flybondi.<\/strong> La iniciativa busca potenciar el turismo emisivo desde el interior del pa\u00eds.<img loading=\"lazy\" decoding=\"async\" class=\"alignnone wp-image-12281 size-large\" src=\"https:\/\/cafeprensa.com.ar\/wp-content\/uploads\/2025\/11\/flybondi2024-750x375@2x-1024x544.png\" alt=\"\" width=\"1024\" height=\"544\" srcset=\"https:\/\/cafeprensa.com.ar\/wp-content\/uploads\/2025\/11\/flybondi2024-750x375@2x-1024x544.png 1024w, https:\/\/cafeprensa.com.ar\/wp-content\/uploads\/2025\/11\/flybondi2024-750x375@2x-300x159.png 300w, https:\/\/cafeprensa.com.ar\/wp-content\/uploads\/2025\/11\/flybondi2024-750x375@2x-768x408.png 768w, https:\/\/cafeprensa.com.ar\/wp-content\/uploads\/2025\/11\/flybondi2024-750x375@2x.png 1076w\" sizes=\"auto, (max-width: 1024px) 100vw, 1024px\" \/><\/p>\n<\/div>\n<\/div>\n<div class=\"flex flex-col md:flex-row mt-3 gap-4 relative\">\n<div class=\"grow md:w-[856px] relative\">\n<div class=\"md:flex md:items-start md:justify-between md:gap-8 relative \">\n<div class=\"pb-7 font-thin\">\n<p class=\"text-lg\">La temporada de verano 2026 trae una excelente noticia para los viajeros del Jard\u00edn de la Rep\u00fablica: la mayorista de turismo Ola anunci\u00f3 el lanzamiento de un nuevo ch\u00e1rter <strong>directo que unir\u00e1 Tucum\u00e1n con R\u00edo de Janeiro,<\/strong> eliminando la necesidad de escalas y reduciendo el tiempo de viaje a la playa a tan solo dos horas.<\/p>\n<p class=\"text-lg\">Esta propuesta, confirmada para la pr\u00f3xima temporada estival, comenzar\u00e1 con salidas desde San Miguel de Tucum\u00e1n todos los s\u00e1bados de enero y febrero de 2026 y ser\u00e1 operada por la aerol\u00ednea Flybondi.<\/p>\n<p class=\"text-lg\">El nuevo servicio se integra a la l\u00ednea Ch\u00e1rters OLA, un producto dise\u00f1ado para ofrecer una <strong>\u00abexperiencia integral y con todo resuelto\u00bb que conecta a viajeros de todo el pa\u00eds con los destinos internacionales m\u00e1s solicitados. Brasil, seg\u00fan la mayorista, ha sido consistentemente \u00abla estrella entre los destinos del exterior m\u00e1s elegidos por los argentinos\u00bb<\/strong>, una demanda que sigue creciendo de cara a las pr\u00f3ximas vacaciones.<\/p>\n<p class=\"text-lg\">La oferta permite a los pasajeros gozar de flexibilidad para personalizar su itinerario. Los tucumanos podr\u00e1n optar por:<\/p>\n<ul>\n<li>\n<p class=\"text-lg\"><em><strong>Alojarse exclusivamente en la vibrante ciudad de R\u00edo de Janeiro.<\/strong><\/em><\/p>\n<\/li>\n<li>\n<p class=\"text-lg\"><em><strong>Disfrutar de las reconocidas playas de B\u00fazios.<\/strong><\/em><\/p>\n<\/li>\n<li>\n<p class=\"text-lg\"><em><strong>Combinar ambos destinos en un mismo viaje.<\/strong><\/em><\/p>\n<\/li>\n<\/ul>\n<p class=\"text-lg\">El paquete tur\u00edstico que ofrece Ola est\u00e1 pensado para la comodidad total del pasajero e incluye:<\/p>\n<ul>\n<li>\n<p class=\"text-lg\"><em><strong>Vuelo ch\u00e1rter directo Tucum\u00e1n \u2013 R\u00edo de Janeiro.<\/strong><\/em><\/p>\n<\/li>\n<li>\n<p class=\"text-lg\"><em><strong>15 kg de equipaje en bodega.<\/strong><\/em><\/p>\n<\/li>\n<li>\n<p class=\"text-lg\"><em><strong>Alojamiento confirmado en hoteles seleccionados tanto en R\u00edo de Janeiro como en B\u00fazios.<\/strong><\/em><\/p>\n<\/li>\n<li>\n<p class=\"text-lg\"><em><strong>Traslados directos de llegada y salida (aeropuerto &#8211; hotel).<\/strong><\/em><\/p>\n<\/li>\n<li>\n<p class=\"text-lg\"><em><strong>Asistencia al viajero Assist Card, garantizando un viaje con \u00abtotal tranquilidad\u00bb.<img loading=\"lazy\" decoding=\"async\" class=\"alignnone wp-image-12284 size-large\" src=\"https:\/\/cafeprensa.com.ar\/wp-content\/uploads\/2025\/11\/sg95-fmW9_2000x1500__1-1024x768.jpg\" alt=\"\" width=\"1024\" height=\"768\" srcset=\"https:\/\/cafeprensa.com.ar\/wp-content\/uploads\/2025\/11\/sg95-fmW9_2000x1500__1-1024x768.jpg 1024w, https:\/\/cafeprensa.com.ar\/wp-content\/uploads\/2025\/11\/sg95-fmW9_2000x1500__1-300x225.jpg 300w, https:\/\/cafeprensa.com.ar\/wp-content\/uploads\/2025\/11\/sg95-fmW9_2000x1500__1-768x576.jpg 768w, https:\/\/cafeprensa.com.ar\/wp-content\/uploads\/2025\/11\/sg95-fmW9_2000x1500__1-1536x1152.jpg 1536w, https:\/\/cafeprensa.com.ar\/wp-content\/uploads\/2025\/11\/sg95-fmW9_2000x1500__1.jpg 2000w\" sizes=\"auto, (max-width: 1024px) 100vw, 1024px\" \/><\/strong><\/em><\/p>\n<\/li>\n<\/ul>\n<p class=\"text-lg\"><strong>Andr\u00e9s de Rossi<\/strong>, Director Comercial de Ola Mayorista, destac\u00f3 el impacto regional de la iniciativa: <strong>\u201cCon esta propuesta reforzamos nuestro compromiso con el desarrollo tur\u00edstico del interior del pa\u00eds, acercando nuevas opciones internacionales a los tucumanos y ampliando nuestra oferta de productos exclusivos.\u201d<\/strong><\/p>\n<p class=\"text-lg\">Los interesados en aprovechar esta conexi\u00f3n directa, que facilita enormemente el acceso al destino carioca, deben solicitar el paquete directo a Brasil en su agencia de viajes de confianza.<\/p>\n<\/div>\n<\/div>\n<\/div>\n<\/div>\n","protected":false},"excerpt":{"rendered":"<p>La mayorista Ola Turismo lanza una ruta exclusiva para conectar a los tucumanos con la costa de Brasil en solo dos horas, ofreciendo paquetes cerrados con opciones de alojamiento en R\u00edo, B\u00fazios o ambos destinos, operados por Flybondi. La iniciativa busca potenciar el turismo emisivo desde el interior del pa\u00eds. La temporada de verano 2026 &hellip;<\/p>\n","protected":false},"author":2,"featured_media":12282,"comment_status":"open","ping_status":"open","sticky":false,"template":"","format":"standard","meta":{"footnotes":""},"categories":[34,170],"tags":[1231,160],"class_list":["post-12280","post","type-post","status-publish","format-standard","has-post-thumbnail","hentry","category-locales","category-turismo","tag-rio-de-janeiro","tag-tucuman"],"_links":{"self":[{"href":"https:\/\/cafeprensa.com.ar\/index.php\/wp-json\/wp\/v2\/posts\/12280","targetHints":{"allow":["GET"]}}],"collection":[{"href":"https:\/\/cafeprensa.com.ar\/index.php\/wp-json\/wp\/v2\/posts"}],"about":[{"href":"https:\/\/cafeprensa.com.ar\/index.php\/wp-json\/wp\/v2\/types\/post"}],"author":[{"embeddable":true,"href":"https:\/\/cafeprensa.com.ar\/index.php\/wp-json\/wp\/v2\/users\/2"}],"replies":[{"embeddable":true,"href":"https:\/\/cafeprensa.com.ar\/index.php\/wp-json\/wp\/v2\/comments?post=12280"}],"version-history":[{"count":1,"href":"https:\/\/cafeprensa.com.ar\/index.php\/wp-json\/wp\/v2\/posts\/12280\/revisions"}],"predecessor-version":[{"id":12285,"href":"https:\/\/cafeprensa.com.ar\/index.php\/wp-json\/wp\/v2\/posts\/12280\/revisions\/12285"}],"wp:featuredmedia":[{"embeddable":true,"href":"https:\/\/cafeprensa.com.ar\/index.php\/wp-json\/wp\/v2\/media\/12282"}],"wp:attachment":[{"href":"https:\/\/cafeprensa.com.ar\/index.php\/wp-json\/wp\/v2\/media?parent=12280"}],"wp:term":[{"taxonomy":"category","embeddable":true,"href":"https:\/\/cafeprensa.com.ar\/index.php\/wp-json\/wp\/v2\/categories?post=12280"},{"taxonomy":"post_tag","embeddable":true,"href":"https:\/\/cafeprensa.com.ar\/index.php\/wp-json\/wp\/v2\/tags?post=12280"}],"curies":[{"name":"wp","href":"https:\/\/api.w.org\/{rel}","templated":true}]}}