{"id":12326,"date":"2025-11-14T11:44:17","date_gmt":"2025-11-14T10:44:17","guid":{"rendered":"https:\/\/cafeprensa.com.ar\/?p=12326"},"modified":"2025-11-14T11:48:39","modified_gmt":"2025-11-14T10:48:39","slug":"autoridades-de-la-comuna-de-san-andres-deberan-devolver-46-millones","status":"publish","type":"post","link":"https:\/\/cafeprensa.com.ar\/index.php\/2025\/11\/14\/autoridades-de-la-comuna-de-san-andres-deberan-devolver-46-millones\/","title":{"rendered":"Autoridades de la comuna de San Andr\u00e9s deber\u00e1n devolver $ 46 millones"},"content":{"rendered":"<div class=\"space-y-3\">\n<div class=\"max-w-4xl\">\n<p class=\"text-3xl md:text-4xl font-bold\">Dura sanci\u00f3n del Tribunal de Cuentas: El organismo dispuso formular un cargo fiscal contra el comisionado <strong>comunal F\u00e9lix R. Paz y el secretario habilitado Miguel \u00c1ngel Brito<\/strong> por no haber regularizado gastos observados del a\u00f1o 2021. <strong>La causa se inici\u00f3 tras detectar irregularidades por m\u00e1s de $12 millones, monto que con actualizaci\u00f3n ascendi\u00f3 a m\u00e1s de $46 millones.<\/strong><\/p>\n<\/div>\n<\/div>\n<div class=\"flex flex-col md:flex-row mt-3 gap-4 relative\">\n<div class=\"grow md:w-[856px] relative\">\n<div>\n<div class=\"relative -top-2\"><img loading=\"lazy\" decoding=\"async\" class=\"rounded w-full\" src=\"https:\/\/res.cloudinary.com\/dut4yhfgk\/image\/upload\/c_limit,h_630,q_auto:best,w_1200\/v1763070046\/Noticias\/politica\/dura-sancion-del-tribunal-de-cuentas-autoridades-de-la-comuna-de-san-andres-deberan-devolver-46-millones\/x96xiojullwj6konqnz8.jpg\" alt=\"Dura sanci\u00f3n del Tribunal de Cuentas: autoridades de la comuna de San Andr\u00e9s deber\u00e1n devolver $ 46 millones\" width=\"856\" height=\"422\" data-nimg=\"1\" \/><\/div>\n<\/div>\n<div class=\"md:flex md:items-start md:justify-between md:gap-8 relative \">\n<div class=\"sticky left-0 top-44\">\n<div class=\"flex flex-col items-center gap-2 p-2 bg-white\/80 backdrop-blur-sm rounded-full shadow-lg border border-gray-200\">El Tribunal de Cuentas de Tucum\u00e1n resolvi\u00f3 mediante el Acuerdo N\u00b0 5212, fechado este 12 de noviembre de 2025, declarar patrimonialmente responsables al comisionado comunal de San Andr\u00e9s, <strong>F\u00e9lix Ram\u00f3n Paz<\/strong>, y al secretario habilitado,\u00a0<strong>Miguel \u00c1ngel Brito<\/strong>, por la falta de regularizaci\u00f3n de gastos observados durante el cuarto bimestre del a\u00f1o 2021.<\/div>\n<\/div>\n<div class=\"pb-7 font-thin\">\n<p class=\"text-lg\">Ambos deber\u00e1n devolver de su bolsillo m\u00e1s de $ 46 millones para cumplir con la dura sanci\u00f3n administrativa.<\/p>\n<p class=\"text-lg\"><strong>Seg\u00fan el expediente N\u00b0 142-270-RCCR-2025, al que Tendencia de Noticias tuvo acceso, el juicio de cuentas se origin\u00f3 a partir del Comprobante de Observaci\u00f3n N\u00b0 1690, que registraba una diferencia de $12.201.955,06 correspondiente a fondos no justificados de la comuna. Tras varias instancias de an\u00e1lisis y actualizaciones, el organismo de control determin\u00f3 que el monto total adeudado asciende a $46.120.768,45,<\/strong> suma que deber\u00e1 ser actualizada a la fecha de su efectivo pago por parte de los funcionarios sancionados.<img loading=\"lazy\" decoding=\"async\" class=\"alignnone wp-image-12327 size-large\" src=\"https:\/\/cafeprensa.com.ar\/wp-content\/uploads\/2025\/11\/jaldo-tucuman-copia-1024x576.jpg\" alt=\"\" width=\"1024\" height=\"576\" srcset=\"https:\/\/cafeprensa.com.ar\/wp-content\/uploads\/2025\/11\/jaldo-tucuman-copia-1024x576.jpg 1024w, https:\/\/cafeprensa.com.ar\/wp-content\/uploads\/2025\/11\/jaldo-tucuman-copia-300x169.jpg 300w, https:\/\/cafeprensa.com.ar\/wp-content\/uploads\/2025\/11\/jaldo-tucuman-copia-768x432.jpg 768w, https:\/\/cafeprensa.com.ar\/wp-content\/uploads\/2025\/11\/jaldo-tucuman-copia-390x220.jpg 390w, https:\/\/cafeprensa.com.ar\/wp-content\/uploads\/2025\/11\/jaldo-tucuman-copia.jpg 1280w\" sizes=\"auto, (max-width: 1024px) 100vw, 1024px\" \/><\/p>\n<p class=\"text-lg\"><strong>El fallo recuerda que ambos fueron declarados en rebeld\u00eda en abril pasado por no haberse presentado a ejercer su defensa en los plazos establecidos. Posteriormente, realizaron presentaciones con documentaci\u00f3n que, seg\u00fan los informes t\u00e9cnicos, \u201cno resulta relevante para subsanar ning\u00fan aspecto de la observaci\u00f3n realizada\u201d. En el informe final, el contador fiscal general y el co-instructor contable coincidieron en que la documentaci\u00f3n presentada \u201cno modifica la situaci\u00f3n irregular observada\u201d, por lo que se mantuvo el total del monto reclamado.<\/strong><\/p>\n<p><img decoding=\"async\" class=\"max-w-full h-auto object-contain\" title=\"556923567_1622366262506507_7262892173239863489_n.jpg\" src=\"https:\/\/res.cloudinary.com\/dut4yhfgk\/image\/upload\/c_limit,h_630,q_auto:best,w_1200\/v1763070001\/Noticias\/general\/imagen-contenido\/content\/content-image-55692356-1763070000086.jpg\" alt=\"556923567_1622366262506507_7262892173239863489_n.jpg\" \/><\/p>\n<p class=\"text-lg\"><strong>En su parte resolutiva, el Tribunal de Cuentas resolvi\u00f3 \u201cformular cargo fiscal, en forma solidaria y mancomunada\u201d contra Paz (en la foto superior junto al gobernador Osvaldo Jaldo) y Brito, que deber\u00e1n devolver de su bolsillo los m\u00e1s de $ 46 millones. El organismo orden\u00f3, adem\u00e1s, dar intervenci\u00f3n al Departamento Judicial para que el abogado fiscal Bernardo Colombres Ter\u00e1n proceda a la percepci\u00f3n o ejecuci\u00f3n del cargo correspondiente.<\/strong><\/p>\n<\/div>\n<\/div>\n<\/div>\n<\/div>\n","protected":false},"excerpt":{"rendered":"<p>Dura sanci\u00f3n del Tribunal de Cuentas: El organismo dispuso formular un cargo fiscal contra el comisionado comunal F\u00e9lix R. Paz y el secretario habilitado Miguel \u00c1ngel Brito por no haber regularizado gastos observados del a\u00f1o 2021. La causa se inici\u00f3 tras detectar irregularidades por m\u00e1s de $12 millones, monto que con actualizaci\u00f3n ascendi\u00f3 a m\u00e1s &hellip;<\/p>\n","protected":false},"author":2,"featured_media":12328,"comment_status":"open","ping_status":"open","sticky":false,"template":"","format":"standard","meta":{"footnotes":""},"categories":[54,34],"tags":[2660,2164,94],"class_list":["post-12326","post","type-post","status-publish","format-standard","has-post-thumbnail","hentry","category-interes-ganeral","category-locales","tag-comuna-de-san-adres","tag-fraude","tag-jaldo"],"_links":{"self":[{"href":"https:\/\/cafeprensa.com.ar\/index.php\/wp-json\/wp\/v2\/posts\/12326","targetHints":{"allow":["GET"]}}],"collection":[{"href":"https:\/\/cafeprensa.com.ar\/index.php\/wp-json\/wp\/v2\/posts"}],"about":[{"href":"https:\/\/cafeprensa.com.ar\/index.php\/wp-json\/wp\/v2\/types\/post"}],"author":[{"embeddable":true,"href":"https:\/\/cafeprensa.com.ar\/index.php\/wp-json\/wp\/v2\/users\/2"}],"replies":[{"embeddable":true,"href":"https:\/\/cafeprensa.com.ar\/index.php\/wp-json\/wp\/v2\/comments?post=12326"}],"version-history":[{"count":1,"href":"https:\/\/cafeprensa.com.ar\/index.php\/wp-json\/wp\/v2\/posts\/12326\/revisions"}],"predecessor-version":[{"id":12329,"href":"https:\/\/cafeprensa.com.ar\/index.php\/wp-json\/wp\/v2\/posts\/12326\/revisions\/12329"}],"wp:featuredmedia":[{"embeddable":true,"href":"https:\/\/cafeprensa.com.ar\/index.php\/wp-json\/wp\/v2\/media\/12328"}],"wp:attachment":[{"href":"https:\/\/cafeprensa.com.ar\/index.php\/wp-json\/wp\/v2\/media?parent=12326"}],"wp:term":[{"taxonomy":"category","embeddable":true,"href":"https:\/\/cafeprensa.com.ar\/index.php\/wp-json\/wp\/v2\/categories?post=12326"},{"taxonomy":"post_tag","embeddable":true,"href":"https:\/\/cafeprensa.com.ar\/index.php\/wp-json\/wp\/v2\/tags?post=12326"}],"curies":[{"name":"wp","href":"https:\/\/api.w.org\/{rel}","templated":true}]}}