{"id":12330,"date":"2025-11-14T11:57:32","date_gmt":"2025-11-14T10:57:32","guid":{"rendered":"https:\/\/cafeprensa.com.ar\/?p=12330"},"modified":"2025-11-14T12:05:48","modified_gmt":"2025-11-14T11:05:48","slug":"el-colegio-de-abogados-de-buenos-aires-cuestiono-el-caso-de-censura-previa-en-tucuman","status":"publish","type":"post","link":"https:\/\/cafeprensa.com.ar\/index.php\/2025\/11\/14\/el-colegio-de-abogados-de-buenos-aires-cuestiono-el-caso-de-censura-previa-en-tucuman\/","title":{"rendered":"El Colegio de Abogados de Buenos Aires cuestion\u00f3 el caso de censura previa en Tucum\u00e1n"},"content":{"rendered":"<div class=\"space-y-3\">\n<div class=\"max-w-4xl\">\n<p class=\"__className_c59aa5 text-lg pt-2\">La entidad porte\u00f1a repudi\u00f3 el fallo que proh\u00edbe a medios y periodistas criticar al Ministerio P\u00fablico Fiscal tucumano y lo calific\u00f3 como un grave atentado contra la libertad de expresi\u00f3n. Mientras tanto, <strong>el Colegio de Abogados de Tucum\u00e1n sigue sin pronunciarse sobre el tema.<\/strong> El Colegio de Abogados de la Ciudad de Buenos Aires (CACBA) expres\u00f3 su<strong> \u201cm\u00e1s en\u00e9rgico rechazo\u201d<\/strong> a la resoluci\u00f3n dictada por el Juzgado Penal del Centro Judicial Capital de Tucum\u00e1n, que orden\u00f3 el cese inmediato de toda difusi\u00f3n que cuestione o critique a miembros del Ministerio P\u00fablico Fiscal, que conduce<strong>\u00a0Edmundo \u201cPirincho\u201d Jim\u00e9nez<\/strong>, o a magistrados.<img loading=\"lazy\" decoding=\"async\" class=\"alignnone wp-image-12333 size-full\" src=\"https:\/\/cafeprensa.com.ar\/wp-content\/uploads\/2025\/11\/escudo.jpg\" alt=\"\" width=\"842\" height=\"595\" srcset=\"https:\/\/cafeprensa.com.ar\/wp-content\/uploads\/2025\/11\/escudo.jpg 842w, https:\/\/cafeprensa.com.ar\/wp-content\/uploads\/2025\/11\/escudo-300x212.jpg 300w, https:\/\/cafeprensa.com.ar\/wp-content\/uploads\/2025\/11\/escudo-768x543.jpg 768w\" sizes=\"auto, (max-width: 842px) 100vw, 842px\" \/><\/p>\n<\/div>\n<\/div>\n<div class=\"flex flex-col md:flex-row mt-3 gap-4 relative\">\n<div class=\"grow md:w-[856px] relative\">\n<div class=\"md:flex md:items-start md:justify-between md:gap-8 relative \">\n<div class=\"pb-7 font-thin\">\n<p class=\"text-lg\">La medida, que adem\u00e1s dispone su comunicaci\u00f3n al Ente Nacional de Comunicaciones (ENACOM), fue considerada por la instituci\u00f3n como una grave violaci\u00f3n a la libertad de prensa y al derecho de cr\u00edtica.<strong> \u201cUna decisi\u00f3n de esa naturaleza resulta por completo incompatible con los principios esenciales de una Rep\u00fablica democr\u00e1tica\u201d, advirti\u00f3 el Colegio porte\u00f1o, y subray\u00f3 que \u201cning\u00fan funcionario, y mucho menos un juez, puede erigirse en censor de las ideas\u201d.<\/strong><\/p>\n<p class=\"text-lg\">El comunicado remarca que la libertad de expresi\u00f3n, garantizada por los art\u00edculos 14 y 32 de la Constituci\u00f3n Nacional y por los tratados internacionales de derechos humanos, <strong>\u201cno admite restricciones preventivas\u201d<\/strong>. Y sostiene que el sistema republicano <strong>\u201cexige que los funcionarios p\u00fablicos est\u00e9n sujetos al escrutinio de la sociedad y no protegidos por un cerco judicial que los blinde frente a la opini\u00f3n ciudadana\u201d.<img loading=\"lazy\" decoding=\"async\" class=\"alignnone wp-image-12332 size-full\" src=\"https:\/\/cafeprensa.com.ar\/wp-content\/uploads\/2025\/11\/CPCF.jpg\" alt=\"\" width=\"640\" height=\"480\" srcset=\"https:\/\/cafeprensa.com.ar\/wp-content\/uploads\/2025\/11\/CPCF.jpg 640w, https:\/\/cafeprensa.com.ar\/wp-content\/uploads\/2025\/11\/CPCF-300x225.jpg 300w\" sizes=\"auto, (max-width: 640px) 100vw, 640px\" \/><\/strong><\/p>\n<p class=\"text-lg\">La entidad consider\u00f3 adem\u00e1s<strong> \u201cparticularmente grave\u201d<\/strong> que un magistrado disponga una prohibici\u00f3n gen\u00e9rica de difundir informaci\u00f3n u opiniones sobre una rama completa del gobierno, en abierta contradicci\u00f3n con la jurisprudencia de la Corte Suprema de Justicia de la Naci\u00f3n y la Corte Interamericana de Derechos Humanos, que califican esas medidas como censura previa, vedada por el derecho internacional. El Colegio de Abogados de Buenos Aires exhort\u00f3 a las autoridades a impulsar los procesos de responsabilidad institucional y disciplinaria que correspondan frente a lo que calific\u00f3 como un<strong> \u201capartamiento de los principios republicanos y constitucionales\u201d.<\/strong><\/p>\n<blockquote><p>Mientras tanto, el CAT se mantiene en silencio<\/p><\/blockquote>\n<p class=\"text-lg\">El pronunciamiento de la entidad que representa a los letrados porte\u00f1os contrasta con el silencio absoluto que mantiene sobre este tema el Colegio de Abogados de Tucum\u00e1n (CAT), que preside\u00a0<strong>Alberto Jos\u00e9 L\u00f3pez Dom\u00ednguez<\/strong>.\u00a0 A pesar de que la medida judicial fue dictada por un tribunal con sede en la provincia y que afecta directamente a periodistas y medios locales, el CAT no emiti\u00f3 ning\u00fan pronunciamiento p\u00fablico sobre el tema ni fij\u00f3 posici\u00f3n institucional respecto del fallo.<\/p>\n<p><img decoding=\"async\" class=\"max-w-full h-auto object-contain\" title=\"tmb1_contundente-colegio-abogados-tucuman-considero-estado-se-encuentra-ausente-866164-223608-641x300.jpg\" src=\"https:\/\/res.cloudinary.com\/dut4yhfgk\/image\/upload\/c_limit,h_630,q_auto:best,w_1200\/v1763054051\/Noticias\/general\/imagen-contenido\/content\/content-image-tmb1_con-1763054050811.jpg\" alt=\"tmb1_contundente-colegio-abogados-tucuman-considero-estado-se-encuentra-ausente-866164-223608-641x300.jpg\" \/><\/p>\n<p class=\"text-lg\">\u201cLa vigencia de la libertad de expresi\u00f3n y de prensa constituye una garant\u00eda indispensable para el control de los poderes p\u00fablicos y para la preservaci\u00f3n del Estado de Derecho\u201d, concluy\u00f3 el comunicado difundido por el Colegio de Abogados de Buenos Aires.<\/p>\n<p><span style=\"font-size: 8pt;\"><strong>FUENTE:Tendencia de noticias<\/strong><\/span><\/p>\n<\/div>\n<\/div>\n<\/div>\n<\/div>\n","protected":false},"excerpt":{"rendered":"<p>La entidad porte\u00f1a repudi\u00f3 el fallo que proh\u00edbe a medios y periodistas criticar al Ministerio P\u00fablico Fiscal tucumano y lo calific\u00f3 como un grave atentado contra la libertad de expresi\u00f3n. Mientras tanto, el Colegio de Abogados de Tucum\u00e1n sigue sin pronunciarse sobre el tema. El Colegio de Abogados de la Ciudad de Buenos Aires (CACBA) &hellip;<\/p>\n","protected":false},"author":2,"featured_media":12331,"comment_status":"open","ping_status":"open","sticky":false,"template":"","format":"standard","meta":{"footnotes":""},"categories":[47,34],"tags":[2661],"class_list":["post-12330","post","type-post","status-publish","format-standard","has-post-thumbnail","hentry","category-justicia","category-locales","tag-colegio-de-abogados-de-buenos-aires"],"_links":{"self":[{"href":"https:\/\/cafeprensa.com.ar\/index.php\/wp-json\/wp\/v2\/posts\/12330","targetHints":{"allow":["GET"]}}],"collection":[{"href":"https:\/\/cafeprensa.com.ar\/index.php\/wp-json\/wp\/v2\/posts"}],"about":[{"href":"https:\/\/cafeprensa.com.ar\/index.php\/wp-json\/wp\/v2\/types\/post"}],"author":[{"embeddable":true,"href":"https:\/\/cafeprensa.com.ar\/index.php\/wp-json\/wp\/v2\/users\/2"}],"replies":[{"embeddable":true,"href":"https:\/\/cafeprensa.com.ar\/index.php\/wp-json\/wp\/v2\/comments?post=12330"}],"version-history":[{"count":2,"href":"https:\/\/cafeprensa.com.ar\/index.php\/wp-json\/wp\/v2\/posts\/12330\/revisions"}],"predecessor-version":[{"id":12335,"href":"https:\/\/cafeprensa.com.ar\/index.php\/wp-json\/wp\/v2\/posts\/12330\/revisions\/12335"}],"wp:featuredmedia":[{"embeddable":true,"href":"https:\/\/cafeprensa.com.ar\/index.php\/wp-json\/wp\/v2\/media\/12331"}],"wp:attachment":[{"href":"https:\/\/cafeprensa.com.ar\/index.php\/wp-json\/wp\/v2\/media?parent=12330"}],"wp:term":[{"taxonomy":"category","embeddable":true,"href":"https:\/\/cafeprensa.com.ar\/index.php\/wp-json\/wp\/v2\/categories?post=12330"},{"taxonomy":"post_tag","embeddable":true,"href":"https:\/\/cafeprensa.com.ar\/index.php\/wp-json\/wp\/v2\/tags?post=12330"}],"curies":[{"name":"wp","href":"https:\/\/api.w.org\/{rel}","templated":true}]}}