{"id":1241,"date":"2024-02-19T11:41:46","date_gmt":"2024-02-19T10:41:46","guid":{"rendered":"https:\/\/cafeprensa.com.ar\/?p=1241"},"modified":"2024-02-19T11:41:46","modified_gmt":"2024-02-19T10:41:46","slug":"mendoza-en-problemas-faltan-cosechadores-para-la-uva","status":"publish","type":"post","link":"https:\/\/cafeprensa.com.ar\/index.php\/2024\/02\/19\/mendoza-en-problemas-faltan-cosechadores-para-la-uva\/","title":{"rendered":"Mendoza en problemas: faltan cosechadores para la uva"},"content":{"rendered":"<div class=\"sc-fff7e1ff-0 hfgMod normal-header false normal-header false\">\n<div class=\"sc-fff7e1ff-0 hfgMod shared-header shared-header\">\n<div class=\"mt\">\n<p><strong>A una semana de arrancar con el fuerte de la cosecha, hay pron\u00f3stico de un 24% m\u00e1s de uva que el a\u00f1o pasado. <\/strong><strong>Crece la preocupaci\u00f3n porque no se consiguen trabajadores temporarios por miedo a perder los planes sociales.<\/strong><\/p>\n<\/div>\n<div class=\"image-container\"><picture><source srcset=\"https:\/\/www.clarin.com\/img\/2024\/02\/17\/38mXdrKxv_1256x620__2.jpg#1708185619901\" media=\"(min-width: 975px)\" \/><img loading=\"lazy\" decoding=\"async\" src=\"https:\/\/www.clarin.com\/img\/2024\/02\/17\/38mXdrKxv_1256x620__2.jpg#1708185619901\" alt=\"La producci\u00f3n del vino de Mendoza en problemas: faltan cosechadores para la uva\" width=\"1256\" height=\"620\" data-nimg=\"future\" \/><\/picture><\/div>\n<\/div>\n<\/div>\n<section class=\"sc-24aff968-1 hWYxGT\">\n<article id=\"storyBody\" class=\"sc-24aff968-2 hDfsDP\">\n<div class=\"StoryTextContainer\" data-mrf-recirculation=\"Article Body\">\n<div class=\"sc-e07353e1-0 gEtdZe container-text\">\n<p>El Instituto Nacional de Vitivinicultura (INV) anunci\u00f3 el pron\u00f3stico de cosecha para esta vendimia.<\/p>\n<p>Una producci\u00f3n calculada en 17 millones de quintales de uva,\u00a0<strong>un 24% m\u00e1s que en 2023.<\/strong><\/p>\n<\/div>\n<div class=\"sc-e07353e1-0 gEtdZe container-text\">\n<p>El dato es alentador porque indica que es una cosecha de mayor salubridad, menos afectada que la del a\u00f1o pasado, cuando el cultivo de la vid sufri\u00f3 heladas tard\u00edas.<\/p>\n<\/div>\n<div class=\"sc-e07353e1-0 gEtdZe container-text\">\n<p>Sin embargo, hay<strong>\u00a0preocupaci\u00f3n<\/strong>\u00a0en el sector vi\u00f1atero porque, a una semana de comenzar el grueso de la cosecha,<strong> surge otra vez el problema de escasez de mano de obra.<\/strong><\/p>\n<p><img loading=\"lazy\" decoding=\"async\" class=\"alignnone size-medium wp-image-1243\" src=\"https:\/\/cafeprensa.com.ar\/wp-content\/uploads\/2024\/02\/cosecha-uvasjpg-300x158.webp\" alt=\"\" width=\"300\" height=\"158\" srcset=\"https:\/\/cafeprensa.com.ar\/wp-content\/uploads\/2024\/02\/cosecha-uvasjpg-300x158.webp 300w, https:\/\/cafeprensa.com.ar\/wp-content\/uploads\/2024\/02\/cosecha-uvasjpg-1024x538.webp 1024w, https:\/\/cafeprensa.com.ar\/wp-content\/uploads\/2024\/02\/cosecha-uvasjpg-768x403.webp 768w, https:\/\/cafeprensa.com.ar\/wp-content\/uploads\/2024\/02\/cosecha-uvasjpg.webp 1200w\" sizes=\"auto, (max-width: 300px) 100vw, 300px\" \/><\/p>\n<\/div>\n<div class=\"sc-e07353e1-0 gEtdZe container-text\">\n<p>Distintas entidades de productores y cooperativas han advertido que faltan cosechadores. Y el principal motivo es que los trabajadores: \u00ab<strong>no quieren ser registrados en la cosecha temporaria por miedo a perder sus planes<\/strong>\u00a0de empleos o subsidios familiares\u00bb, dicen distintos referentes.<\/p>\n<\/div>\n<div class=\"sc-e07353e1-0 gEtdZe container-text\">\n<p>Mauro Sosa, presidente del Centro de Vi\u00f1ateros y Bodegueros del Este, explic\u00f3 que la falta de cosechadores es un problema de<strong>\u00a0todas las econom\u00edas regionales<\/strong>. \u00abPor un lado, porque ese trabajador golondrina (viajaba desde el norte a la zona centro y sur) se ha ido quedando en su provincia y\u00a0<strong>la mayor\u00eda accedi\u00f3 a un subsidio o plan nacional, provincial o municipal<\/strong>\u00ab, dice.<\/p>\n<\/div>\n<div class=\"sc-e07353e1-0 gEtdZe container-text\">\n<p>Y seg\u00fan describen los vi\u00f1ateros y bodegueros de la zona Este (que representa m\u00e1s del 50% de la producci\u00f3n de uva en Mendoza) los trabajadores no quieren registrarse por miedo a perder el plan, dicen que les dan de baja la tarjeta Alimentar, la Asignaci\u00f3n Universal por Hijo (AUH) a ellos\u00a0<strong>o se los quitan a sus familiares<\/strong>\u00ab.<\/p>\n<\/div>\n<div class=\"sc-e07353e1-0 gEtdZe container-text\">\n<p>M\u00e1s all\u00e1 de que existe la extensi\u00f3n del decreto 514\/2021, que garantiza la promoci\u00f3n del empleo formal y la ampliaci\u00f3n de los beneficios de seguridad social, incluida la tarjeta Alimentar, para los trabajadores temporales y sus familias,\u00a0<strong>en algunos casos han perdido el beneficio.<\/strong><\/p>\n<p><img loading=\"lazy\" decoding=\"async\" class=\"alignnone size-medium wp-image-1242\" src=\"https:\/\/cafeprensa.com.ar\/wp-content\/uploads\/2024\/02\/cosecha-uva-1-300x156.jpg\" alt=\"\" width=\"300\" height=\"156\" srcset=\"https:\/\/cafeprensa.com.ar\/wp-content\/uploads\/2024\/02\/cosecha-uva-1-300x156.jpg 300w, https:\/\/cafeprensa.com.ar\/wp-content\/uploads\/2024\/02\/cosecha-uva-1-768x399.jpg 768w, https:\/\/cafeprensa.com.ar\/wp-content\/uploads\/2024\/02\/cosecha-uva-1.jpg 780w\" sizes=\"auto, (max-width: 300px) 100vw, 300px\" \/><\/p>\n<\/div>\n<div class=\"sc-e07353e1-0 gEtdZe container-text\">\n<p>Desde el Gobierno nacional se ha aclarado que<strong><a title=\" los trabajadores rurales temporarios pueden tener empleo registrado sin perder la ayuda social\" href=\"https:\/\/www.clarin.com\/rural\/anta-falta-cosecheros-aseguran-trabajadores-rurales-temporarios-pueden-tener-empleo-registrado-perder-ayuda-social_0_c0aC5YyclC.html\" target=\"_blank\" rel=\"noopener\" data-mrf-link=\"https:\/\/www.clarin.com\/rural\/anta-falta-cosecheros-aseguran-trabajadores-rurales-temporarios-pueden-tener-empleo-registrado-perder-ayuda-social_0_c0aC5YyclC.html\">\u00a0los trabajadores rurales temporarios pueden tener empleo registrado sin perder la ayuda social<\/a><\/strong>. Pero, seg\u00fan explica Sosa, el subsidio se puede caer por distintas razones: \u00abEl sistema ve que hay un integrante del grupo familiar registrado (con aportes a la jubilaci\u00f3n y obras social) y\u00a0<strong>le quita el subsidio al resto de los miembros\u00a0<\/strong>del mismo grupo conviviente\u00bb.<\/p>\n<\/div>\n<div class=\"sc-e07353e1-0 gEtdZe container-text\">\n<p>A lo que se suma una medida implementada el a\u00f1o pasado por el gobierno de Alberto Fern\u00e1ndez, que gener\u00f3\u00a0<strong>incompatibilidad entre el empleo formal y la asistencia social.<\/strong><\/p>\n<\/div>\n<div class=\"sc-e07353e1-0 gEtdZe container-text\">\n<p>El 2 de octubre de 2023, el decreto 493\/2023, que estableci\u00f3 un nuevo IFE como un refuerzo para los trabajadores informales,<strong> dej\u00f3 afuera del subsidio a trabajadores temporales. <\/strong>Fabi\u00e1n Ruggeri, presidente de la Asociaci\u00f3n de Cooperativas Vitivin\u00edcolas Acovi, dijo que las zonas productivas m\u00e1s afectadas son Maip\u00fa, Luj\u00e1n y Valle de Uco.<\/p>\n<\/div>\n<div class=\"sc-e07353e1-0 gEtdZe container-text\">\n<p>\u201cCuando a los cosechadores les ped\u00eds los documentos para que queden registrados, no te los dan porque argumentan que cuando cambian de categor\u00eda tienen problemas con las asignaciones, porque pasan a la categor\u00eda de empleados registrados. Y aunque las autoridades digan que no hay problema,\u00a0<strong>desde que se les da la baja como trabajadores hasta que pueden volver a cobrar planes, pasa un tiempo<\/strong>\u201d, detall\u00f3 Ruggeri.<\/p>\n<\/div>\n<div class=\"sc-e07353e1-0 gEtdZe container-text\">\n<p>El c\u00e1lculo de las entidades vi\u00f1ateras consultadas es que de los 17 millones de quintales de uva, cerca de 4 millones se levanta con cosecha mec\u00e1nica.\u00a0<strong>Para los 13 millones restantes, se necesitan m\u00e1s de 18 mil cosechadores.<\/strong><\/p>\n<\/div>\n<div class=\"sc-e07353e1-0 gEtdZe container-text\">\n<p>\u00ab<strong>La mitad de la demanda de obreros de vi\u00f1a es mano de obra local<\/strong> y el resto se cubre con la llegada de trabajadores de Tucum\u00e1n, Salta, Jujuy y Santiago de Estero, y los contratados eventuales\u00bb, dice Sosa. Argumenta el dirigente que cada vez cuesta m\u00e1s que lleguen cosechadores de otras provincias, dej\u00f3 de ser atractivo para ellos.<\/p>\n<\/div>\n<div class=\"sc-e07353e1-0 gEtdZe container-text\">\n<p>El pago diario ronda los $ 300, por el tacho de 20 kilos de uva. \u00abPor d\u00eda una persona hace unos 60 tachos, y\u00a0<strong>cobra 18 mil pesos por d\u00eda<\/strong>, lo que le insume\u00a0<strong>5 o 6 horas de trabajo\u00bb<\/strong>, afirma el presidente del Centro de bodegueros y vi\u00f1ateros de la Zona Este de Mendoza.<\/p>\n<\/div>\n<div class=\"sc-e07353e1-0 gEtdZe container-text\">\n<h2>M\u00e1s sanidad del vi\u00f1edo<\/h2>\n<\/div>\n<div class=\"sc-e07353e1-0 gEtdZe container-text\">\n<p>Seg\u00fan el INV, la producci\u00f3n de uva viene con una suba del 24% promedio este a\u00f1o en todo el pa\u00eds, con un total de 17.986.000 quintales; por encima de los 14.553.101 del a\u00f1o pasado. \u00abEn todas las provincias donde se realiz\u00f3 la estimaci\u00f3n, se observa una muy buena sanidad en los vi\u00f1edos\u00bb. Del estudio realizado, se concluye que la producci\u00f3n es mayor con respecto a la cosecha de la temporada anterior.<\/p>\n<\/div>\n<div class=\"sc-e07353e1-0 gEtdZe container-text\">\n<p>El primer informe, con fecha de cierre 14 de febrero de 2024, abarca los resultados obtenidos en las provincias de San Juan, La Rioja, Catamarca, Salta, Mendoza y el resto del pa\u00eds con vi\u00f1edos en producci\u00f3n. El margen de error de la proyecci\u00f3n es de m\u00e1s o menos el 5%. El a\u00f1o pasado se cosecharon 9.347.927 quintales de uva en la provincia de Mendoza. Se estima que en la actual vendimia se recolectar\u00e1n unos 11.973.000 quintales, un 28% m\u00e1s.<\/p>\n<\/div>\n<\/div>\n<\/article>\n<\/section>\n","protected":false},"excerpt":{"rendered":"<p>A una semana de arrancar con el fuerte de la cosecha, hay pron\u00f3stico de un 24% m\u00e1s de uva que el a\u00f1o pasado. Crece la preocupaci\u00f3n porque no se consiguen trabajadores temporarios por miedo a perder los planes sociales. El Instituto Nacional de Vitivinicultura (INV) anunci\u00f3 el pron\u00f3stico de cosecha para esta vendimia. Una producci\u00f3n &hellip;<\/p>\n","protected":false},"author":2,"featured_media":1244,"comment_status":"open","ping_status":"open","sticky":false,"template":"","format":"standard","meta":{"footnotes":""},"categories":[54,33],"tags":[83,85,84],"class_list":["post-1241","post","type-post","status-publish","format-standard","has-post-thumbnail","hentry","category-interes-ganeral","category-nacionales","tag-cocecheros","tag-mendoza","tag-uva"],"_links":{"self":[{"href":"https:\/\/cafeprensa.com.ar\/index.php\/wp-json\/wp\/v2\/posts\/1241","targetHints":{"allow":["GET"]}}],"collection":[{"href":"https:\/\/cafeprensa.com.ar\/index.php\/wp-json\/wp\/v2\/posts"}],"about":[{"href":"https:\/\/cafeprensa.com.ar\/index.php\/wp-json\/wp\/v2\/types\/post"}],"author":[{"embeddable":true,"href":"https:\/\/cafeprensa.com.ar\/index.php\/wp-json\/wp\/v2\/users\/2"}],"replies":[{"embeddable":true,"href":"https:\/\/cafeprensa.com.ar\/index.php\/wp-json\/wp\/v2\/comments?post=1241"}],"version-history":[{"count":1,"href":"https:\/\/cafeprensa.com.ar\/index.php\/wp-json\/wp\/v2\/posts\/1241\/revisions"}],"predecessor-version":[{"id":1245,"href":"https:\/\/cafeprensa.com.ar\/index.php\/wp-json\/wp\/v2\/posts\/1241\/revisions\/1245"}],"wp:featuredmedia":[{"embeddable":true,"href":"https:\/\/cafeprensa.com.ar\/index.php\/wp-json\/wp\/v2\/media\/1244"}],"wp:attachment":[{"href":"https:\/\/cafeprensa.com.ar\/index.php\/wp-json\/wp\/v2\/media?parent=1241"}],"wp:term":[{"taxonomy":"category","embeddable":true,"href":"https:\/\/cafeprensa.com.ar\/index.php\/wp-json\/wp\/v2\/categories?post=1241"},{"taxonomy":"post_tag","embeddable":true,"href":"https:\/\/cafeprensa.com.ar\/index.php\/wp-json\/wp\/v2\/tags?post=1241"}],"curies":[{"name":"wp","href":"https:\/\/api.w.org\/{rel}","templated":true}]}}