{"id":12433,"date":"2025-11-19T14:11:10","date_gmt":"2025-11-19T13:11:10","guid":{"rendered":"https:\/\/cafeprensa.com.ar\/?p=12433"},"modified":"2025-11-19T14:11:43","modified_gmt":"2025-11-19T13:11:43","slug":"impulsan-la-creacion-de-estaciones-urbanas-de-descanso-para-cadetes-y-repartidores-en-san-miguel-de-tucuman","status":"publish","type":"post","link":"https:\/\/cafeprensa.com.ar\/index.php\/2025\/11\/19\/impulsan-la-creacion-de-estaciones-urbanas-de-descanso-para-cadetes-y-repartidores-en-san-miguel-de-tucuman\/","title":{"rendered":"Impulsan la creaci\u00f3n de Estaciones Urbanas de Descanso para cadetes y repartidores en San Miguel de Tucum\u00e1n"},"content":{"rendered":"<div dir=\"auto\" data-smartmail=\"gmail_signature\">El concejal Carlos Ale present\u00f3 un proyecto de ordenanza que propone la creaci\u00f3n de<strong> Estaciones Urbanas de<\/strong> <strong>Descanso destinadas a trabajadores del sector de reparto (cadetes de aplicaciones, deliveries gastron\u00f3micos, mensajeros y carteros) con el objetivo de mejorar sus condiciones laborales y de bienestar mientras desempe\u00f1an sus funciones en la v\u00eda p\u00fablica.<\/strong><\/div>\n<div dir=\"auto\" data-smartmail=\"gmail_signature\"><img loading=\"lazy\" decoding=\"async\" class=\"alignnone wp-image-12437 size-full\" src=\"https:\/\/cafeprensa.com.ar\/wp-content\/uploads\/2025\/11\/WhatsApp-Image-2025-07-26-at-16.11.52-780x470-1.jpeg\" alt=\"\" width=\"780\" height=\"470\" srcset=\"https:\/\/cafeprensa.com.ar\/wp-content\/uploads\/2025\/11\/WhatsApp-Image-2025-07-26-at-16.11.52-780x470-1.jpeg 780w, https:\/\/cafeprensa.com.ar\/wp-content\/uploads\/2025\/11\/WhatsApp-Image-2025-07-26-at-16.11.52-780x470-1-300x181.jpeg 300w, https:\/\/cafeprensa.com.ar\/wp-content\/uploads\/2025\/11\/WhatsApp-Image-2025-07-26-at-16.11.52-780x470-1-768x463.jpeg 768w\" sizes=\"auto, (max-width: 780px) 100vw, 780px\" \/><\/div>\n<div dir=\"auto\" data-smartmail=\"gmail_signature\">La iniciativa surge ante la evidencia de que estos trabajadores cumplen jornadas extensas, enfrentan condiciones clim\u00e1ticas adversas y carecen de espacios adecuados donde hidratarse, protegerse del sol o la lluvia, cargar sus dispositivos m\u00f3viles o simplemente descansar unos minutos entre pedidos.<\/div>\n<div dir=\"auto\" data-smartmail=\"gmail_signature\"><strong>\u201cLos cadetes y repartidores se han convertido en un eslab\u00f3n fundamental de la din\u00e1mica urbana contempor\u00e1nea. Sus jornadas superan las 8 o 10 horas diarias y la ciudad no cuenta hoy con infraestructura b\u00e1sica que acompa\u00f1e ese esfuerzo. Es hora de reconocerlos y brindarles espacios seguros y dignos\u201d,<\/strong> se\u00f1al\u00f3 el concejal Ale.<\/div>\n<div dir=\"auto\" data-smartmail=\"gmail_signature\">\u00bfQu\u00e9 propone el proyecto?<\/div>\n<div dir=\"auto\" data-smartmail=\"gmail_signature\"><\/div>\n<div dir=\"auto\" data-smartmail=\"gmail_signature\">Las Estaciones Urbanas de Descanso ser\u00e1n puntos distribuidos estrat\u00e9gicamente en la ciudad que ofrecer\u00e1n:<\/div>\n<div dir=\"auto\" data-smartmail=\"gmail_signature\"><strong>\u2022Hidrataci\u00f3n<\/strong><\/div>\n<div dir=\"auto\" data-smartmail=\"gmail_signature\"><strong>\u2022Protecci\u00f3n clim\u00e1tica (sombra y resguardo de la lluvia)<\/strong><\/div>\n<div dir=\"auto\" data-smartmail=\"gmail_signature\"><strong>\u2022Cargas para dispositivos m\u00f3viles<\/strong><\/div>\n<div dir=\"auto\" data-smartmail=\"gmail_signature\"><strong>\u2022Asientos para descanso<\/strong><\/div>\n<div dir=\"auto\" data-smartmail=\"gmail_signature\"><strong>\u2022Espacios adecuados para esperar pedidos de forma segura<\/strong><\/div>\n<div dir=\"auto\" data-smartmail=\"gmail_signature\">Estas estaciones responden a una demanda real y creciente de un sector laboral que, en los \u00faltimos a\u00f1os, se consolid\u00f3 como esencial para el funcionamiento diario de San Miguel de Tucum\u00e1n.<\/div>\n<div dir=\"auto\" data-smartmail=\"gmail_signature\"><img loading=\"lazy\" decoding=\"async\" class=\"alignnone wp-image-12435 size-full\" src=\"https:\/\/cafeprensa.com.ar\/wp-content\/uploads\/2025\/11\/HAYTOYJYHA4WGYTCG4YDQMLGHA.jpg\" alt=\"\" width=\"980\" height=\"640\" srcset=\"https:\/\/cafeprensa.com.ar\/wp-content\/uploads\/2025\/11\/HAYTOYJYHA4WGYTCG4YDQMLGHA.jpg 980w, https:\/\/cafeprensa.com.ar\/wp-content\/uploads\/2025\/11\/HAYTOYJYHA4WGYTCG4YDQMLGHA-300x196.jpg 300w, https:\/\/cafeprensa.com.ar\/wp-content\/uploads\/2025\/11\/HAYTOYJYHA4WGYTCG4YDQMLGHA-768x502.jpg 768w\" sizes=\"auto, (max-width: 980px) 100vw, 980px\" \/><\/div>\n<div dir=\"auto\" data-smartmail=\"gmail_signature\"><\/div>\n<div dir=\"auto\" data-smartmail=\"gmail_signature\">Un acto de justicia social y modernizaci\u00f3n<\/div>\n<div dir=\"auto\" data-smartmail=\"gmail_signature\"><\/div>\n<div dir=\"auto\" data-smartmail=\"gmail_signature\"><strong>El proyecto fundamenta que la falta de espacios de contenci\u00f3n obliga a los repartidores a improvisar lugares de descanso en plazas, estaciones de servicio o veredas, lo cual evidencia la ausencia de pol\u00edticas p\u00fablicas orientadas a este sector emergente.<\/strong><\/div>\n<div dir=\"auto\" data-smartmail=\"gmail_signature\">Ale destac\u00f3 que la iniciativa se enmarca en las facultades del municipio para promover acciones de bienestar, seguridad e infraestructura urbana, tal como establece la Ley Org\u00e1nica de Municipalidades y la Constituci\u00f3n Provincial.<\/div>\n<div dir=\"auto\" data-smartmail=\"gmail_signature\"><strong>\u201cEste proyecto es un reconocimiento hist\u00f3rico a un nuevo sujeto laboral del siglo XXI. Crear espacios dignos para quienes sostienen en movimiento la ciudad es apostar por una San Miguel de Tucum\u00e1n m\u00e1s humana, moderna y solidaria\u201d,<\/strong> afirm\u00f3 Ale.<img loading=\"lazy\" decoding=\"async\" class=\"alignnone wp-image-12434 size-full\" src=\"https:\/\/cafeprensa.com.ar\/wp-content\/uploads\/2025\/11\/EdfAoekXsAIpzGs-696x417-1.jpeg\" alt=\"\" width=\"696\" height=\"417\" srcset=\"https:\/\/cafeprensa.com.ar\/wp-content\/uploads\/2025\/11\/EdfAoekXsAIpzGs-696x417-1.jpeg 696w, https:\/\/cafeprensa.com.ar\/wp-content\/uploads\/2025\/11\/EdfAoekXsAIpzGs-696x417-1-300x180.jpeg 300w\" sizes=\"auto, (max-width: 696px) 100vw, 696px\" \/><\/div>\n<div dir=\"auto\" data-smartmail=\"gmail_signature\"><\/div>\n<div dir=\"auto\" data-smartmail=\"gmail_signature\">Un proyecto con impacto inmediato<\/div>\n<div dir=\"auto\" data-smartmail=\"gmail_signature\">La implementaci\u00f3n de las Estaciones Urbanas de Descanso permitir\u00e1 mejorar la calidad de vida de miles de trabajadores que dependen de la v\u00eda p\u00fablica para desempe\u00f1ar sus tareas, reduciendo riesgos, fortaleciendo su bienestar y aportando una infraestructura urbana m\u00e1s inclusiva.<\/div>\n","protected":false},"excerpt":{"rendered":"<p>El concejal Carlos Ale present\u00f3 un proyecto de ordenanza que propone la creaci\u00f3n de Estaciones Urbanas de Descanso destinadas a trabajadores del sector de reparto (cadetes de aplicaciones, deliveries gastron\u00f3micos, mensajeros y carteros) con el objetivo de mejorar sus condiciones laborales y de bienestar mientras desempe\u00f1an sus funciones en la v\u00eda p\u00fablica. La iniciativa surge &hellip;<\/p>\n","protected":false},"author":2,"featured_media":12436,"comment_status":"open","ping_status":"open","sticky":false,"template":"","format":"standard","meta":{"footnotes":""},"categories":[1707,34],"tags":[2675],"class_list":["post-12433","post","type-post","status-publish","format-standard","has-post-thumbnail","hentry","category-concejales-de-tucuman","category-locales","tag-estaciones-urbanas-de-descanso-para-cadetes-y-repartidores"],"_links":{"self":[{"href":"https:\/\/cafeprensa.com.ar\/index.php\/wp-json\/wp\/v2\/posts\/12433","targetHints":{"allow":["GET"]}}],"collection":[{"href":"https:\/\/cafeprensa.com.ar\/index.php\/wp-json\/wp\/v2\/posts"}],"about":[{"href":"https:\/\/cafeprensa.com.ar\/index.php\/wp-json\/wp\/v2\/types\/post"}],"author":[{"embeddable":true,"href":"https:\/\/cafeprensa.com.ar\/index.php\/wp-json\/wp\/v2\/users\/2"}],"replies":[{"embeddable":true,"href":"https:\/\/cafeprensa.com.ar\/index.php\/wp-json\/wp\/v2\/comments?post=12433"}],"version-history":[{"count":1,"href":"https:\/\/cafeprensa.com.ar\/index.php\/wp-json\/wp\/v2\/posts\/12433\/revisions"}],"predecessor-version":[{"id":12438,"href":"https:\/\/cafeprensa.com.ar\/index.php\/wp-json\/wp\/v2\/posts\/12433\/revisions\/12438"}],"wp:featuredmedia":[{"embeddable":true,"href":"https:\/\/cafeprensa.com.ar\/index.php\/wp-json\/wp\/v2\/media\/12436"}],"wp:attachment":[{"href":"https:\/\/cafeprensa.com.ar\/index.php\/wp-json\/wp\/v2\/media?parent=12433"}],"wp:term":[{"taxonomy":"category","embeddable":true,"href":"https:\/\/cafeprensa.com.ar\/index.php\/wp-json\/wp\/v2\/categories?post=12433"},{"taxonomy":"post_tag","embeddable":true,"href":"https:\/\/cafeprensa.com.ar\/index.php\/wp-json\/wp\/v2\/tags?post=12433"}],"curies":[{"name":"wp","href":"https:\/\/api.w.org\/{rel}","templated":true}]}}