{"id":12463,"date":"2025-11-21T17:45:33","date_gmt":"2025-11-21T16:45:33","guid":{"rendered":"https:\/\/cafeprensa.com.ar\/?p=12463"},"modified":"2025-11-21T17:45:33","modified_gmt":"2025-11-21T16:45:33","slug":"la-comuna-de-santa-ana-es-una-de-las-primeras-en-avanzar-con-un-protocolo-para-frenar-usurpaciones","status":"publish","type":"post","link":"https:\/\/cafeprensa.com.ar\/index.php\/2025\/11\/21\/la-comuna-de-santa-ana-es-una-de-las-primeras-en-avanzar-con-un-protocolo-para-frenar-usurpaciones\/","title":{"rendered":"La comuna de Santa Ana es una de las primeras en avanzar con un protocolo para frenar usurpaciones"},"content":{"rendered":"<div class=\"space-y-3\">\n<div class=\"max-w-4xl\">\n<p class=\"__className_c59aa5 text-lg pt-2\">La comuna conducida por Hern\u00e1n Romano dict\u00f3 una resoluci\u00f3n que establece un estricto r\u00e9gimen de control territorial y ambiental. Se convierte as\u00ed en una de las primeras comunas rurales en ejecutar el poder de polic\u00eda otorgado por la Provincia para prevenir ocupaciones ilegales y resguardar bienes fiscales y \u00e1reas protegidas.<img loading=\"lazy\" decoding=\"async\" class=\"alignnone wp-image-12465 size-full\" src=\"https:\/\/cafeprensa.com.ar\/wp-content\/uploads\/2025\/11\/42371138_966926003514253_3250203002165788672_n.jpg\" alt=\"\" width=\"568\" height=\"426\" srcset=\"https:\/\/cafeprensa.com.ar\/wp-content\/uploads\/2025\/11\/42371138_966926003514253_3250203002165788672_n.jpg 568w, https:\/\/cafeprensa.com.ar\/wp-content\/uploads\/2025\/11\/42371138_966926003514253_3250203002165788672_n-300x225.jpg 300w\" sizes=\"auto, (max-width: 568px) 100vw, 568px\" \/><\/p>\n<div class=\"pt-3\"><\/div>\n<\/div>\n<\/div>\n<div class=\"flex flex-col md:flex-row mt-3 gap-4 relative\">\n<div class=\"grow md:w-[856px] relative\">\n<div class=\"flex flex-col md:flex-row gap-1 text-xs text-muted-foreground font-light pb-5 \"><\/div>\n<div class=\"md:flex md:items-start md:justify-between md:gap-8 relative \">\n<div class=\"sticky left-0 top-44\">\n<div class=\"flex flex-col items-center gap-2 p-2 bg-white\/80 backdrop-blur-sm rounded-full shadow-lg border border-gray-200\">La Comuna Rural de Santa Ana (ubicada en el Departamento de R\u00edo Chico y conducida por el delegado <strong>Hern\u00e1n Romano<\/strong>) dio un paso decisivo en materia de control territorial, ambiental y dominial al aprobar la Resoluci\u00f3n N\u00ba 1016\/25, un extenso instrumento normativo que fija un protocolo integral para prevenir usurpaciones, frenar obras irregulares y proteger tanto los terrenos fiscales como el patrimonio hist\u00f3rico, cultural, natural y ambiental del distrito.<\/div>\n<div class=\"flex flex-col items-center gap-2 p-2 bg-white\/80 backdrop-blur-sm rounded-full shadow-lg border border-gray-200\"><strong>Se trata de una de las primeras comunas rurales en avanzar en esta l\u00ednea, luego de que el Gobierno provincial \u2014a trav\u00e9s de la Fiscal\u00eda de Estado\u2014 dispusiera el fortalecimiento del poder de polic\u00eda urban\u00edstica y ambiental de los gobiernos locales.<\/strong><\/div>\n<\/div>\n<div class=\"pb-7 font-thin\">\n<p class=\"text-lg\">La medida se dicta en el marco del Decreto Acuerdo 4\/1, que cre\u00f3 la <strong>Unidad Ejecutora de Protecci\u00f3n Jur\u00eddica del Medioambiente y del Patrimonio Provincial bajo la \u00f3rbita de Fiscal\u00eda de Estado, y de la Resoluci\u00f3n N\u00ba 118\/2025 del mismo organismo, que instruy\u00f3 a los comisionados comunales a dictar las normas necesarias para ordenar,<\/strong> controlar y regular el uso del territorio. Seg\u00fan fuentes de la comuna, este proceso de fortalecimiento institucional se ven\u00eda acompa\u00f1ando de acciones concretas para la recuperaci\u00f3n de espacios p\u00fablicos que hab\u00edan sido apropiados tras el cierre del antiguo ingenio de la zona.<\/p>\n<p class=\"text-lg\">En los considerandos, el texto remarca la gravedad de las intervenciones humanas no reguladas. <strong>\u201cLa proliferaci\u00f3n de actividades antr\u00f3picas no reguladas, tales como urbanizaciones, desarrollos de infraestructura, remoci\u00f3n de suelos y alteraci\u00f3n del ecosistema, representa una amenaza inminente para la biodiversidad, la estabilidad ecol\u00f3gica y la sostenibilidad del entorno natural, as\u00ed como para la conservaci\u00f3n de espacios p\u00fablicos del Estado Provincial\u201d<\/strong>, se\u00f1ala la resoluci\u00f3n.<\/p>\n<p><img decoding=\"async\" class=\"max-w-full h-auto object-contain\" title=\"Captura de pantalla 2025-11-20 113245.png\" src=\"https:\/\/res.cloudinary.com\/dut4yhfgk\/image\/upload\/c_limit,h_630,q_auto:best,w_1200\/v1763649180\/Noticias\/general\/imagen-contenido\/content\/content-image-Captura%20-1763649179265.png\" alt=\"Captura de pantalla 2025-11-20 113245.png\" \/><em>El Delegado Comunal de Santa Ana, Hern\u00e1n Romano, junto al gobernador Osvaldo Jaldo.<\/em><\/p>\n<p class=\"text-lg\">A ello se suma la obligaci\u00f3n del Estado de actuar con premura:<strong> \u201cLa preservaci\u00f3n de los ecosistemas sensibles y la mitigaci\u00f3n de impactos ambientales adversos constituyen una obligaci\u00f3n indelegable, conforme la Constituci\u00f3n Nacional, la legislaci\u00f3n ambiental vigente y los principios de desarrollo sustentable\u201d. <\/strong>Sobre esa base, la norma concluye que resulta <strong>\u201cimperativo establecer medidas de protecci\u00f3n estrictas\u201d<\/strong> que garanticen la integridad de las \u00e1reas naturales protegidas, de los inmuebles estatales y de cualquier construcci\u00f3n que pudiera verse afectada por intervenciones indebidas.<\/p>\n<blockquote><p><strong>Prohibiciones estrictas y un nuevo r\u00e9gimen de control<\/strong><\/p><\/blockquote>\n<p class=\"text-lg\">El art\u00edculo 1 de la resoluci\u00f3n impone un conjunto de restricciones de alcance inmediato en todo el territorio comunal. Se establece expresamente la prohibici\u00f3n de:<\/p>\n<ul>\n<li>\n<p class=\"text-lg\"><strong><em>\u201cLa construcci\u00f3n de viviendas, sus ampliaciones, loteos o cualquier tipo de urbanizaci\u00f3n no autorizada por los organismos provinciales competentes\u201d.<\/em><\/strong><\/p>\n<\/li>\n<li>\n<p class=\"text-lg\"><strong><em>\u201cNuevas conexiones de servicios p\u00fablicos \u2014electricidad, agua potable, gas, cloacas, telecomunicaciones y otros\u2014 no autorizadas\u201d.<\/em><\/strong><\/p>\n<\/li>\n<li>\n<p class=\"text-lg\"><strong><em>\u201cEl desmonte y tala de vegetaci\u00f3n nativa o la introducci\u00f3n de especies que afecten la biodiversidad del \u00c1rea Natural Protegida\u201d.<\/em><\/strong><\/p>\n<\/li>\n<li>\n<p class=\"text-lg\"><strong><em>\u201cLa apertura de caminos, senderos o v\u00edas de acceso, as\u00ed como ampliaciones de trazas existentes\u201d.<\/em><\/strong><\/p>\n<\/li>\n<li>\n<p class=\"text-lg\"><strong><em>\u201cCualquier obra que modifique el entorno natural, como drenajes, desv\u00edos de cauces o canalizaciones\u201d.<\/em><\/strong><\/p>\n<\/li>\n<li>\n<p class=\"text-lg\"><strong><em>\u201cLa confecci\u00f3n o aprobaci\u00f3n de planos de mensura, subdivisi\u00f3n, urbanizaci\u00f3n o cualquier acto que implique regularizaci\u00f3n dominial, en inmuebles pertenecientes al Estado, sin verificar previamente su adecuaci\u00f3n legal\u201d.<\/em><\/strong><\/p>\n<\/li>\n<\/ul>\n<p class=\"text-lg\">Estas restricciones se aplican de manera inmediata y alcanzan tanto a obras en ejecuci\u00f3n como a las que est\u00e9n en proceso de autorizaci\u00f3n o regularizaci\u00f3n. Uno de los puntos centrales de la norma es la creaci\u00f3n de la Comisi\u00f3n Comunal de Verificaci\u00f3n Dominial y de Obras (CCVDYO), un organismo permanente que tendr\u00e1 amplias facultades de inspecci\u00f3n, control y sanci\u00f3n.<\/p>\n<p class=\"text-lg\"><strong>Estar\u00e1 integrada por un representante de la comuna, un t\u00e9cnico con conocimiento urban\u00edstico y un abogado que verificar\u00e1 la legalidad de toda la documentaci\u00f3n y de los actos administrativos relativos a obras o construcciones. La comisi\u00f3n estar\u00e1 habilitada para realizar inspecciones con o sin aviso, exigir documentaci\u00f3n de propiedad y permisos, emitir actas e informes y disponer la paralizaci\u00f3n o clausura inmediata de obras irregulares.<\/strong><\/p>\n<p class=\"text-lg\">La resoluci\u00f3n es expl\u00edcita: la comisi\u00f3n podr\u00e1 ordenar estas medidas cuando existan <strong>\u201cincumplimientos que comprometan la legalidad, la seguridad o el orden urbano ambiental\u201d.<\/strong> Adem\u00e1s, toda obra clausurada quedar\u00e1 detenida hasta que se subsanen las observaciones y la comisi\u00f3n levante la medida. Incluso, la comuna dej\u00f3 sin efecto cualquier autorizaci\u00f3n previa que contradiga la nueva normativa, obligando a suspender trabajos en curso.<\/p>\n<blockquote><p><strong>Coordinaci\u00f3n interinstitucional<\/strong><\/p><\/blockquote>\n<p class=\"text-lg\">El dispositivo de control ser\u00e1 complementado con asistencia t\u00e9cnica de otros organismos provinciales. La resoluci\u00f3n autoriza a la comisi\u00f3n a solicitar informes y colaboraci\u00f3n a la Direcci\u00f3n de Flora y Fauna, la Direcci\u00f3n General de Catastro, el Ente Aut\u00e1rquico Tucum\u00e1n Turismo y otras reparticiones.<\/p>\n<p class=\"text-lg\">Asimismo, se notificar\u00e1 al ERSEPT y a las empresas prestadoras de servicios p\u00fablicos para que no habiliten conexiones en inmuebles irregulares sin la autorizaci\u00f3n expresa de la comisi\u00f3n y de los organismos provinciales correspondientes. Finalmente, la comuna elevar\u00e1 la resoluci\u00f3n al Gobierno provincial \u2014a trav\u00e9s de los ministerios y secretar\u00edas competentes\u2014 para su conocimiento e integraci\u00f3n dentro de la pol\u00edtica de protecci\u00f3n jur\u00eddica del patrimonio p\u00fablico.<\/p>\n<\/div>\n<\/div>\n<\/div>\n<\/div>\n","protected":false},"excerpt":{"rendered":"<p>La comuna conducida por Hern\u00e1n Romano dict\u00f3 una resoluci\u00f3n que establece un estricto r\u00e9gimen de control territorial y ambiental. Se convierte as\u00ed en una de las primeras comunas rurales en ejecutar el poder de polic\u00eda otorgado por la Provincia para prevenir ocupaciones ilegales y resguardar bienes fiscales y \u00e1reas protegidas. La Comuna Rural de Santa &hellip;<\/p>\n","protected":false},"author":2,"featured_media":12464,"comment_status":"open","ping_status":"open","sticky":false,"template":"","format":"standard","meta":{"footnotes":""},"categories":[34,25],"tags":[2084],"class_list":["post-12463","post","type-post","status-publish","format-standard","has-post-thumbnail","hentry","category-locales","category-politica","tag-santa-ana"],"_links":{"self":[{"href":"https:\/\/cafeprensa.com.ar\/index.php\/wp-json\/wp\/v2\/posts\/12463","targetHints":{"allow":["GET"]}}],"collection":[{"href":"https:\/\/cafeprensa.com.ar\/index.php\/wp-json\/wp\/v2\/posts"}],"about":[{"href":"https:\/\/cafeprensa.com.ar\/index.php\/wp-json\/wp\/v2\/types\/post"}],"author":[{"embeddable":true,"href":"https:\/\/cafeprensa.com.ar\/index.php\/wp-json\/wp\/v2\/users\/2"}],"replies":[{"embeddable":true,"href":"https:\/\/cafeprensa.com.ar\/index.php\/wp-json\/wp\/v2\/comments?post=12463"}],"version-history":[{"count":1,"href":"https:\/\/cafeprensa.com.ar\/index.php\/wp-json\/wp\/v2\/posts\/12463\/revisions"}],"predecessor-version":[{"id":12466,"href":"https:\/\/cafeprensa.com.ar\/index.php\/wp-json\/wp\/v2\/posts\/12463\/revisions\/12466"}],"wp:featuredmedia":[{"embeddable":true,"href":"https:\/\/cafeprensa.com.ar\/index.php\/wp-json\/wp\/v2\/media\/12464"}],"wp:attachment":[{"href":"https:\/\/cafeprensa.com.ar\/index.php\/wp-json\/wp\/v2\/media?parent=12463"}],"wp:term":[{"taxonomy":"category","embeddable":true,"href":"https:\/\/cafeprensa.com.ar\/index.php\/wp-json\/wp\/v2\/categories?post=12463"},{"taxonomy":"post_tag","embeddable":true,"href":"https:\/\/cafeprensa.com.ar\/index.php\/wp-json\/wp\/v2\/tags?post=12463"}],"curies":[{"name":"wp","href":"https:\/\/api.w.org\/{rel}","templated":true}]}}