{"id":12467,"date":"2025-11-21T17:50:44","date_gmt":"2025-11-21T16:50:44","guid":{"rendered":"https:\/\/cafeprensa.com.ar\/?p=12467"},"modified":"2025-11-21T17:50:44","modified_gmt":"2025-11-21T16:50:44","slug":"los-abogados-definieron-a-su-representante-ante-el-jury-de-enjuiciamiento","status":"publish","type":"post","link":"https:\/\/cafeprensa.com.ar\/index.php\/2025\/11\/21\/los-abogados-definieron-a-su-representante-ante-el-jury-de-enjuiciamiento\/","title":{"rendered":"Los abogados definieron a su representante ante el Jury de Enjuiciamiento"},"content":{"rendered":"<div class=\"space-y-3\">\n<div class=\"max-w-4xl\">\n<p class=\"__className_c59aa5 text-lg pt-2\">El oficialismo se impuso en los comicios para integrar el \u00f3rgano responsable de la remoci\u00f3n de magistrados.<\/p>\n<\/div>\n<\/div>\n<div class=\"flex flex-col md:flex-row mt-3 gap-4 relative\">\n<div class=\"grow md:w-[856px] relative\">\n<div class=\"md:flex md:items-start md:justify-between md:gap-8 relative \">\n<div class=\"pb-7 font-thin\">\n<p class=\"text-lg\"><strong>Con casi el 60% de los votos obtenidos, la Lista 1 se impuso en las elecciones para definir representantes del Colegio de Abogados de Tucum\u00e1n ante el Jurado de Enjuiciamiento. <\/strong><\/p>\n<p class=\"text-lg\">As\u00ed, resultaron electos los abogados Agust\u00edn Gollan (titular) y Silvana Sagues (suplente). Recogieron 495 votos frente a 332 (39%) de la n\u00f3mina opositora, compuesta por Eduardo Nieva y Gabriela Saade. <strong>El jury de enjuiciamiento de Tucum\u00e1n est\u00e1 integrado por cinco miembros de la Legislatura, un representante del Poder Ejecutivo y otro de la Corte Suprema de Justicia. A ellos se suma un representante de los abogados de la matr\u00edcula<\/strong>.<\/p>\n<p class=\"text-lg\">El Jury juzga la conducta de los magistrados y funcionarios judiciales por faltas cometidas en el ejercicio de sus funciones. Su funci\u00f3n principal es determinar si hay m\u00e9rito para destituir a un funcionario y, si lo considera, remitir el caso a la justicia penal para un juicio.<\/p>\n<\/div>\n<\/div>\n<\/div>\n<\/div>\n","protected":false},"excerpt":{"rendered":"<p>El oficialismo se impuso en los comicios para integrar el \u00f3rgano responsable de la remoci\u00f3n de magistrados. Con casi el 60% de los votos obtenidos, la Lista 1 se impuso en las elecciones para definir representantes del Colegio de Abogados de Tucum\u00e1n ante el Jurado de Enjuiciamiento. As\u00ed, resultaron electos los abogados Agust\u00edn Gollan (titular) &hellip;<\/p>\n","protected":false},"author":2,"featured_media":12468,"comment_status":"open","ping_status":"open","sticky":false,"template":"","format":"standard","meta":{"footnotes":""},"categories":[47,34],"tags":[2678],"class_list":["post-12467","post","type-post","status-publish","format-standard","has-post-thumbnail","hentry","category-justicia","category-locales","tag-abogados"],"_links":{"self":[{"href":"https:\/\/cafeprensa.com.ar\/index.php\/wp-json\/wp\/v2\/posts\/12467","targetHints":{"allow":["GET"]}}],"collection":[{"href":"https:\/\/cafeprensa.com.ar\/index.php\/wp-json\/wp\/v2\/posts"}],"about":[{"href":"https:\/\/cafeprensa.com.ar\/index.php\/wp-json\/wp\/v2\/types\/post"}],"author":[{"embeddable":true,"href":"https:\/\/cafeprensa.com.ar\/index.php\/wp-json\/wp\/v2\/users\/2"}],"replies":[{"embeddable":true,"href":"https:\/\/cafeprensa.com.ar\/index.php\/wp-json\/wp\/v2\/comments?post=12467"}],"version-history":[{"count":1,"href":"https:\/\/cafeprensa.com.ar\/index.php\/wp-json\/wp\/v2\/posts\/12467\/revisions"}],"predecessor-version":[{"id":12469,"href":"https:\/\/cafeprensa.com.ar\/index.php\/wp-json\/wp\/v2\/posts\/12467\/revisions\/12469"}],"wp:featuredmedia":[{"embeddable":true,"href":"https:\/\/cafeprensa.com.ar\/index.php\/wp-json\/wp\/v2\/media\/12468"}],"wp:attachment":[{"href":"https:\/\/cafeprensa.com.ar\/index.php\/wp-json\/wp\/v2\/media?parent=12467"}],"wp:term":[{"taxonomy":"category","embeddable":true,"href":"https:\/\/cafeprensa.com.ar\/index.php\/wp-json\/wp\/v2\/categories?post=12467"},{"taxonomy":"post_tag","embeddable":true,"href":"https:\/\/cafeprensa.com.ar\/index.php\/wp-json\/wp\/v2\/tags?post=12467"}],"curies":[{"name":"wp","href":"https:\/\/api.w.org\/{rel}","templated":true}]}}