{"id":12481,"date":"2025-11-23T18:50:54","date_gmt":"2025-11-23T17:50:54","guid":{"rendered":"https:\/\/cafeprensa.com.ar\/?p=12481"},"modified":"2025-11-23T18:54:47","modified_gmt":"2025-11-23T17:54:47","slug":"haquin-soy-un-defensor-de-que-el-exito-es-parte-de-seguir-intentando-para-concretar-una-idea","status":"publish","type":"post","link":"https:\/\/cafeprensa.com.ar\/index.php\/2025\/11\/23\/haquin-soy-un-defensor-de-que-el-exito-es-parte-de-seguir-intentando-para-concretar-una-idea\/","title":{"rendered":"Haquin: \u00abSoy un defensor de que el \u00e9xito es parte de seguir intentando para concretar una idea\u00bb"},"content":{"rendered":"<p data-start=\"151\" data-end=\"468\">El licenciado en Administraci\u00f3n de Empresas <strong>Lucas Haquin<\/strong>, en di\u00e1logo con Caf\u00e9 Prensa, se refiri\u00f3 a la presentaci\u00f3n de su nuevo libro \u201cDe la idea al negocio\u201d. Adem\u00e1s, detall\u00f3 el proceso de escritura y el objetivo de la obra, que busca que el p\u00fablico en general pueda convertir sus proyectos en iniciativas redituables.<\/p>\n<p data-start=\"470\" data-end=\"1163\">Haquin destac\u00f3, en primer lugar, que al iniciar cualquier negocio \u201ccuando busc\u00e1s alg\u00fan proyecto que te apasione, pod\u00e9s conseguir alg\u00fan equilibrio para hacer todo lo que quieras; no es f\u00e1cil conseguirlo, pero no es imposible\u201d. Sobre su motivaci\u00f3n para escribir, se\u00f1al\u00f3: \u201cLa idea de comenzar el libro inicia en un momento de introspecci\u00f3n sobre cu\u00e1l podr\u00eda ser mi legado y poder trascender, basado en \u2018plantar un \u00e1rbol, escribir un libro y tener un hijo\u2019, lo cual a\u00fan llevo dos de esos pasos. Pens\u00e9 qu\u00e9 tipo de legado puedo dejar al futuro y poder trascender, en el cual busqu\u00e9 la idea de escribir dejando un libro que inspire a empresarios y emprendedores, algo en lo que trabaj\u00e9 toda la vida\u201d.<\/p>\n<p data-start=\"1165\" data-end=\"1862\">Respecto al proceso de escritura, explic\u00f3: \u201cDurante la preparaci\u00f3n de un libro desconoc\u00eda los procedimientos. Solo contaba con los conocimientos de cuando present\u00e9 mi tesis; mi asesora me recomend\u00f3 que revise en qu\u00e9 partes me gustaban para preparar un libro. Por lo que decid\u00ed dividir en cuatro partes preparando un \u00edndice para se\u00f1alar c\u00f3mo convertir una idea en un negocio\u201d. A\u00f1adi\u00f3: \u201cEsto de escribir y plasmar una idea me pareci\u00f3 algo nuevo; fue algo que inici\u00e9 con una idea, sin contactos en el mundo editorial ni conocimientos m\u00e1s all\u00e1 de lo aprendido en el proceso de tesis. Pero la base de esto que cuento, lo principal, es la ejecuci\u00f3n de una idea para concretar un proyecto en un negocio\u201d.<\/p>\n<p data-start=\"1864\" data-end=\"2215\">Luego hizo hincapi\u00e9 en que, en cualquier emprendimiento, \u201cla perseverancia es s\u00faper importante; soy un defensor de que el \u00e9xito es parte de seguir intentando, si dej\u00e1s de hacerlo es porque dej\u00e1s de lado el \u00e9xito\u201d. Y agreg\u00f3: \u201cEn el libro trato problem\u00e1ticas de por qu\u00e9 esta idea no se concreta, y de hecho sugiero herramientas para concretar esa idea\u201d.<\/p>\n<p data-start=\"2217\" data-end=\"2825\">Haquin remarc\u00f3 tambi\u00e9n que su obra busca transmitir, por un lado, \u201cque cualquiera puede emprender sin importar de qu\u00e9 disciplina venga; es para que lo pueda entender todo el p\u00fablico\u201d. Por otro lado, coment\u00f3 que al buscar en otros textos suele encontrarse con \u201cuna \u00fanica teor\u00eda con 300 p\u00e1ginas sin pr\u00e1ctica; un empresario como un emprendedor pretenden resultados inmediatos, por lo que en este libro puse muchas herramientas que permitan conocer cu\u00e1l es la traba en el problema: si es por desconocimiento, hay una gu\u00eda para eso; si es por miedo al fracaso, hay que seguir intentando, entre otras situaciones\u201d.<\/p>\n<p data-start=\"2827\" data-end=\"3383\">Sobre las nuevas generaciones y su inserci\u00f3n laboral, indic\u00f3 que \u201choy se juegan todo y si pierden vuelven a intentarlo porque tienen ese \u00edmpetu de querer superarse\u201d. Finalmente, se\u00f1al\u00f3 que \u201cla gente va cambiando de un trabajo a otro por el sentimiento de estar; buscan el bienestar, el estar c\u00f3modo, las libertades\u201d. Y a\u00f1adi\u00f3: \u201cHay un caso de un joven que se hizo viral que renunci\u00f3 a un trabajo redituable para pasar m\u00e1s tiempo con su propio perro. En este sentido, el libro va por este lado: que busques algo que te guste para generar tu propio negocio\u201d.<\/p>\n<p><strong>S\u00edntesis de \u00abDe la idea al negocio\u00bb<\/strong><\/p>\n<p>\u00bfEst\u00e1s listo para convertir tu sue\u00f1o en realidad? Este libro ser\u00e1 tu aliado perfecto en el viaje hacia el \u00e9xito empresarial. Ya sea que est\u00e9s en la etapa inicial de concebir tu idea o buscando expandir tu negocio, aqu\u00ed encontrar\u00e1s las herramientas y el conocimiento que necesitas para triunfar.<\/p>\n<p>Cada fase, desde la gestaci\u00f3n de la idea hasta su ejecuci\u00f3n y posterior medici\u00f3n, ha sido cuidadosamente delineada. Cada paso vital y cada factor crucial han sido examinados con detalle para<br \/>\nproporcionarte una gu\u00eda completa. Aprende a identificar oportunidades, a dise\u00f1ar estrategias efectivas y a medir el rendimiento de tu empresa para garantizar un crecimiento sostenible en el tiempo y no fallar en el intento \u00bfQu\u00e9 esperas? \u00a1El \u00e9xito te espera al otro lado de estas p\u00e1ginas!<\/p>\n<p>&nbsp;<\/p>\n<p>&nbsp;<\/p>\n<p>&nbsp;<\/p>\n<p>&nbsp;<\/p>\n<p>&nbsp;<\/p>\n<p>&nbsp;<\/p>\n","protected":false},"excerpt":{"rendered":"<p>El licenciado en Administraci\u00f3n de Empresas Lucas Haquin, en di\u00e1logo con Caf\u00e9 Prensa, se refiri\u00f3 a la presentaci\u00f3n de su nuevo libro \u201cDe la idea al negocio\u201d. Adem\u00e1s, detall\u00f3 el proceso de escritura y el objetivo de la obra, que busca que el p\u00fablico en general pueda convertir sus proyectos en iniciativas redituables. Haquin destac\u00f3, &hellip;<\/p>\n","protected":false},"author":2,"featured_media":12483,"comment_status":"open","ping_status":"open","sticky":false,"template":"","format":"standard","meta":{"footnotes":""},"categories":[34],"tags":[2683,2680,2681,2682,708,2679,710,160],"class_list":["post-12481","post","type-post","status-publish","format-standard","has-post-thumbnail","hentry","category-locales","tag-asesoramiento","tag-de-la-idea-al-negocio","tag-emprendedurismo","tag-empresario","tag-libro","tag-lucas-haquin","tag-presentacion","tag-tucuman"],"_links":{"self":[{"href":"https:\/\/cafeprensa.com.ar\/index.php\/wp-json\/wp\/v2\/posts\/12481","targetHints":{"allow":["GET"]}}],"collection":[{"href":"https:\/\/cafeprensa.com.ar\/index.php\/wp-json\/wp\/v2\/posts"}],"about":[{"href":"https:\/\/cafeprensa.com.ar\/index.php\/wp-json\/wp\/v2\/types\/post"}],"author":[{"embeddable":true,"href":"https:\/\/cafeprensa.com.ar\/index.php\/wp-json\/wp\/v2\/users\/2"}],"replies":[{"embeddable":true,"href":"https:\/\/cafeprensa.com.ar\/index.php\/wp-json\/wp\/v2\/comments?post=12481"}],"version-history":[{"count":6,"href":"https:\/\/cafeprensa.com.ar\/index.php\/wp-json\/wp\/v2\/posts\/12481\/revisions"}],"predecessor-version":[{"id":12510,"href":"https:\/\/cafeprensa.com.ar\/index.php\/wp-json\/wp\/v2\/posts\/12481\/revisions\/12510"}],"wp:featuredmedia":[{"embeddable":true,"href":"https:\/\/cafeprensa.com.ar\/index.php\/wp-json\/wp\/v2\/media\/12483"}],"wp:attachment":[{"href":"https:\/\/cafeprensa.com.ar\/index.php\/wp-json\/wp\/v2\/media?parent=12481"}],"wp:term":[{"taxonomy":"category","embeddable":true,"href":"https:\/\/cafeprensa.com.ar\/index.php\/wp-json\/wp\/v2\/categories?post=12481"},{"taxonomy":"post_tag","embeddable":true,"href":"https:\/\/cafeprensa.com.ar\/index.php\/wp-json\/wp\/v2\/tags?post=12481"}],"curies":[{"name":"wp","href":"https:\/\/api.w.org\/{rel}","templated":true}]}}