{"id":12485,"date":"2025-11-23T20:51:45","date_gmt":"2025-11-23T19:51:45","guid":{"rendered":"https:\/\/cafeprensa.com.ar\/?p=12485"},"modified":"2025-11-23T20:51:45","modified_gmt":"2025-11-23T19:51:45","slug":"balance-anecdotas-y-novedades-asi-cierra-el-ano-el-ateneo-en-tucuman","status":"publish","type":"post","link":"https:\/\/cafeprensa.com.ar\/index.php\/2025\/11\/23\/balance-anecdotas-y-novedades-asi-cierra-el-ano-el-ateneo-en-tucuman\/","title":{"rendered":"Balance, an\u00e9cdotas y novedades: as\u00ed cierra el a\u00f1o El Ateneo en Tucum\u00e1n"},"content":{"rendered":"<p data-start=\"170\" data-end=\"443\">El gerente regional de El Ateneo, <strong>Mart\u00edn Barrionuevo<\/strong>, dialog\u00f3 con Caf\u00e9 Prensa y realiz\u00f3 un balance del a\u00f1o de la librer\u00eda en Tucum\u00e1n, adem\u00e1s de compartir algunas an\u00e9cdotas. Tambi\u00e9n detall\u00f3 las \u00faltimas novedades y c\u00f3mo ser\u00e1 el horario de atenci\u00f3n este lunes 24 de noviembre.<\/p>\n<p data-start=\"445\" data-end=\"1411\">\u201cFue un a\u00f1o de mucho protagonismo para la cultura. Este 2025 fuimos declarados de inter\u00e9s cultural por los 25 a\u00f1os de la sucursal en la provincia. Me ha tocado ver escritores j\u00f3venes y figuras, c\u00f3mo iniciaron en el mundo de la escritura y su crecimiento a lo largo de estos 25 a\u00f1os\u201d, reflexion\u00f3 sobre lo vivido este 2025. \u201cIngres\u00e9 desde muy joven, desde que instalaron la sucursal. Una de las an\u00e9cdotas que recuerdo fue la visita de Joaqu\u00edn Sabina. En esa \u00e9poca hab\u00eda auriculares en la zona donde estaban los CD, donde los visitantes pod\u00edan escuchar m\u00fasica\u201d, relat\u00f3. \u201cCuando ingres\u00f3 una chica le pregunt\u00f3 \u2018\u00bfsos vos?\u2019 y el m\u00fasico le respondi\u00f3 amablemente, confirmando su pregunta. Esto sorprendi\u00f3 much\u00edsimo a los que estaban aqu\u00ed por su humildad, y casualmente en ese momento est\u00e1bamos poniendo la canci\u00f3n \u2018Dos p\u00e1jaros de un tiro\u2019. Por lo que me acerqu\u00e9 y le pregunt\u00e9 si le molestaba, pero el artista respondi\u00f3 que no y continu\u00f3 tomando un caf\u00e9 en el lugar\u201d, record\u00f3.<\/p>\n<p data-start=\"1413\" data-end=\"1657\">\u201cComo gerente general me toc\u00f3 conocer a todas las personalidades de la provincia, a nivel pol\u00edtico, cultural y de prensa. Esta hermosa librer\u00eda hoy forma parte de la historia de la comunidad tucumana, por la que pasaron muchas figuras\u201d, agreg\u00f3.<\/p>\n<p data-start=\"1659\" data-end=\"2175\">M\u00e1s adelante, Barrionuevo destac\u00f3 cu\u00e1les ser\u00e1n las ofertas y productos disponibles para Navidad. \u201cEstamos pensando que el libro sea indispensable para la sociedad tucumana. Tenemos promociones que est\u00e1n pensadas para el bolsillo y tambi\u00e9n las promociones bancarias. Antes ten\u00edamos el CD, despu\u00e9s el DVD, hoy el vinilo, pero el mercado est\u00e1 abierto y tenemos muchas editoriales como opciones. Invitamos a la gente a que pregunte sobre estas promociones\u201d, se\u00f1al\u00f3 respecto a la variedad de propuestas para estas fechas.<\/p>\n<p data-start=\"2177\" data-end=\"2734\">Tambi\u00e9n se refiri\u00f3 al sector dedicado a los m\u00e1s peque\u00f1os: \u201cTenemos la secci\u00f3n infanto-juvenil, que hasta el beb\u00e9 tiene un libro adaptado para \u00e9l, como los libros de goma, y sobre todo para incentivar el h\u00e1bito de la lectura. No pierdan este h\u00e1bito que te permite fomentar un debate, tener argumentos, manejar situaciones para evitar el conflicto e interactuar con otras personas\u201d. A\u00f1adi\u00f3: \u201cLa literatura no es una soluci\u00f3n m\u00e1gica, pero es una gran gu\u00eda espiritual. Te permite adem\u00e1s conocer lugares, tiempos y distintas personalidades mediante los autores\u201d.<\/p>\n<p data-start=\"2736\" data-end=\"3449\">Sobre el trabajo interno de la librer\u00eda, sostuvo: \u201cTenemos el eslogan de que \u2018el librero crea historias\u2019, porque en nuestro rubro trabajamos con todos los g\u00e9neros: derecho, autoayuda, historia, entre otros. \u00bfConocemos todos los libros? No, porque tenemos 85 mil libros, pero la experiencia te permite poder ayudar. Adem\u00e1s, capacitamos constantemente a nuestro personal\u201d. Y agreg\u00f3: \u201cHoy vieron c\u00f3mo ingresaron cajas con nuevos libros, pedidos y reingresos, donde deb\u00e9s prepararte para conocerlos, leer, conocer las editoriales. Parece f\u00e1cil el rubro, pero lo ten\u00e9s que disfrutar, tener el h\u00e1bito de la lectura, lo cual lo hace diferente. Tenemos otro tinte en este espacio, porque la interacci\u00f3n lo hace distinto\u201d.<\/p>\n<p data-start=\"3451\" data-end=\"3509\"><strong data-start=\"3451\" data-end=\"3509\">Novedades en El Ateneo y c\u00f3mo funcionar\u00e1 este lunes 24<\/strong><\/p>\n<p data-start=\"3511\" data-end=\"3946\">\u201cTenemos de Gisela Gilges \u2018Vinny, el guardi\u00e1n de los deseos\u2019, que es un calendario de adviento que arranca desde el 1 de diciembre hasta el 24 y tiene 24 cartas con un mensaje\u201d, detall\u00f3. \u201cEsto es para el arbolito y es un detalle que compart\u00eds en familia, un hermoso gesto para plantearse cosas sobre el balance del a\u00f1o y poder comenzar el 2026 de otra forma. Tambi\u00e9n viene con un librito de cuento del t\u00edtulo del calendario\u201d, concluy\u00f3.<\/p>\n<p data-start=\"3948\" data-end=\"4039\">Finalmente, Barrionuevo inform\u00f3 que El Ateneo estar\u00e1 abierto este lunes 24 de 9 a 14 horas.<\/p>\n","protected":false},"excerpt":{"rendered":"<p>El gerente regional de El Ateneo, Mart\u00edn Barrionuevo, dialog\u00f3 con Caf\u00e9 Prensa y realiz\u00f3 un balance del a\u00f1o de la librer\u00eda en Tucum\u00e1n, adem\u00e1s de compartir algunas an\u00e9cdotas. Tambi\u00e9n detall\u00f3 las \u00faltimas novedades y c\u00f3mo ser\u00e1 el horario de atenci\u00f3n este lunes 24 de noviembre. \u201cFue un a\u00f1o de mucho protagonismo para la cultura. Este &hellip;<\/p>\n","protected":false},"author":2,"featured_media":12511,"comment_status":"open","ping_status":"open","sticky":false,"template":"","format":"standard","meta":{"footnotes":""},"categories":[34],"tags":[2692,2542,2691,2688,2690,2689],"class_list":["post-12485","post","type-post","status-publish","format-standard","has-post-thumbnail","hentry","category-locales","tag-cultura","tag-el-ateneo","tag-horario","tag-libreria","tag-navidad","tag-novedades"],"_links":{"self":[{"href":"https:\/\/cafeprensa.com.ar\/index.php\/wp-json\/wp\/v2\/posts\/12485","targetHints":{"allow":["GET"]}}],"collection":[{"href":"https:\/\/cafeprensa.com.ar\/index.php\/wp-json\/wp\/v2\/posts"}],"about":[{"href":"https:\/\/cafeprensa.com.ar\/index.php\/wp-json\/wp\/v2\/types\/post"}],"author":[{"embeddable":true,"href":"https:\/\/cafeprensa.com.ar\/index.php\/wp-json\/wp\/v2\/users\/2"}],"replies":[{"embeddable":true,"href":"https:\/\/cafeprensa.com.ar\/index.php\/wp-json\/wp\/v2\/comments?post=12485"}],"version-history":[{"count":2,"href":"https:\/\/cafeprensa.com.ar\/index.php\/wp-json\/wp\/v2\/posts\/12485\/revisions"}],"predecessor-version":[{"id":12512,"href":"https:\/\/cafeprensa.com.ar\/index.php\/wp-json\/wp\/v2\/posts\/12485\/revisions\/12512"}],"wp:featuredmedia":[{"embeddable":true,"href":"https:\/\/cafeprensa.com.ar\/index.php\/wp-json\/wp\/v2\/media\/12511"}],"wp:attachment":[{"href":"https:\/\/cafeprensa.com.ar\/index.php\/wp-json\/wp\/v2\/media?parent=12485"}],"wp:term":[{"taxonomy":"category","embeddable":true,"href":"https:\/\/cafeprensa.com.ar\/index.php\/wp-json\/wp\/v2\/categories?post=12485"},{"taxonomy":"post_tag","embeddable":true,"href":"https:\/\/cafeprensa.com.ar\/index.php\/wp-json\/wp\/v2\/tags?post=12485"}],"curies":[{"name":"wp","href":"https:\/\/api.w.org\/{rel}","templated":true}]}}