{"id":12489,"date":"2025-11-23T13:41:28","date_gmt":"2025-11-23T12:41:28","guid":{"rendered":"https:\/\/cafeprensa.com.ar\/?p=12489"},"modified":"2025-11-23T13:41:28","modified_gmt":"2025-11-23T12:41:28","slug":"la-legisladora-figueroa-y-el-ex-intendente-de-alberdi-campos-pidieron-la-falta-de-merito","status":"publish","type":"post","link":"https:\/\/cafeprensa.com.ar\/index.php\/2025\/11\/23\/la-legisladora-figueroa-y-el-ex-intendente-de-alberdi-campos-pidieron-la-falta-de-merito\/","title":{"rendered":"La legisladora Figueroa y el ex-intendente de Alberdi Campos pidier\u00f3n la falta de m\u00e9rito"},"content":{"rendered":"<div class=\"space-y-3\">\n<div class=\"max-w-4xl\">\n<p class=\"text-3xl md:text-4xl font-bold\">Afirmaron que su patrimonio \u201cse sustenta en su trabajo\u201d Con nuevas pruebas contables, la defensa busca desactivar las imputaciones por narcotr\u00e1fico y lavado que pesan sobre la legisladora y el exintendente, y reclama la falta de m\u00e9rito en el expediente que se tramita en la Justicia Federal.<\/p>\n<p>&#8212;&#8212;&#8212;&#8212;&#8212;&#8212;&#8212;&#8212;&#8212;&#8212;&#8212;&#8212;&#8212;&#8212;&#8212;&#8212;&#8212;&#8212;&#8212;&#8212;&#8212;&#8212;&#8212;&#8212;&#8212;&#8212;&#8212;&#8212;&#8212;&#8212;&#8212;&#8212;&#8212;&#8212;&#8212;&#8212;&#8212;&#8212;&#8212;&#8212;&#8212;&#8211;<\/p>\n<div class=\"pt-3\">\n<p class=\"flex items-center gap-2\"><img loading=\"lazy\" decoding=\"async\" class=\"alignnone size-medium wp-image-12457\" src=\"https:\/\/cafeprensa.com.ar\/wp-content\/uploads\/2025\/11\/Screenshot_20251120_105920_Chrome-300x101.jpg\" alt=\"\" width=\"300\" height=\"101\" srcset=\"https:\/\/cafeprensa.com.ar\/wp-content\/uploads\/2025\/11\/Screenshot_20251120_105920_Chrome-300x101.jpg 300w, https:\/\/cafeprensa.com.ar\/wp-content\/uploads\/2025\/11\/Screenshot_20251120_105920_Chrome-1024x344.jpg 1024w, https:\/\/cafeprensa.com.ar\/wp-content\/uploads\/2025\/11\/Screenshot_20251120_105920_Chrome-768x258.jpg 768w, https:\/\/cafeprensa.com.ar\/wp-content\/uploads\/2025\/11\/Screenshot_20251120_105920_Chrome-1536x516.jpg 1536w, https:\/\/cafeprensa.com.ar\/wp-content\/uploads\/2025\/11\/Screenshot_20251120_105920_Chrome-2048x688.jpg 2048w\" sizes=\"auto, (max-width: 300px) 100vw, 300px\" \/><\/p>\n<\/div>\n<\/div>\n<div class=\"shrink-0 bg-border h-[1px] w-full\" role=\"none\" data-orientation=\"horizontal\">&#8212;&#8212;&#8212;&#8212;&#8212;&#8212;&#8212;&#8212;&#8212;&#8212;&#8212;&#8212;&#8212;&#8212;&#8212;&#8212;&#8212;&#8212;&#8212;&#8212;&#8212;&#8212;&#8212;&#8212;&#8212;&#8212;&#8212;&#8212;&#8212;&#8212;&#8212;&#8212;&#8212;&#8212;&#8212;&#8212;&#8212;&#8212;&#8212;&#8212;&#8212;&#8211;<\/div>\n<\/div>\n<div class=\"flex flex-col md:flex-row mt-3 gap-4 relative\">\n<div class=\"grow md:w-[856px] relative\">\n<div class=\"md:flex md:items-start md:justify-between md:gap-8 relative \">\n<div class=\"pb-7 font-thin\">\n<p class=\"text-lg\"><strong>El abogado Camilo Atim<\/strong>, representante de la <strong>legisladora Sandra Figueroa y del exintendente de Juan Bautista Alberdi, Luis \u00abPato\u00bb Campos,<\/strong> present\u00f3 un escrito ante el Juzgado Federal N\u00b0 2 de Tucum\u00e1n en el que solicita la falta de m\u00e9rito para sus defendidos en el expediente \u201cGim\u00e9nez Roque Cayetano y otros s\/ infracci\u00f3n a la Ley 23.737\u201d. En el documento, el letrado afirma que <strong>\u201cni Figueroa ni Campos tienen alguna actividad il\u00edcita y su patrimonio se sustenta en su trabajo\u201d, rechazando as\u00ed las imputaciones que los vinculan con delitos como narcotr\u00e1fico y lavado de activos. La falta de m\u00e9rito es una resoluci\u00f3n judicial en el \u00e1mbito penal que indica que no hay pruebas suficientes para procesar a alguien, pero tampoco para desvincularlo del caso por completo. Es una etapa intermedia entre el procesamiento y el sobreseimiento, y significa que la investigaci\u00f3n debe continuar.<img loading=\"lazy\" decoding=\"async\" class=\"alignnone wp-image-12491 size-full\" src=\"https:\/\/cafeprensa.com.ar\/wp-content\/uploads\/2025\/11\/alberdi-11-12.jpg\" alt=\"\" width=\"600\" height=\"400\" srcset=\"https:\/\/cafeprensa.com.ar\/wp-content\/uploads\/2025\/11\/alberdi-11-12.jpg 600w, https:\/\/cafeprensa.com.ar\/wp-content\/uploads\/2025\/11\/alberdi-11-12-300x200.jpg 300w\" sizes=\"auto, (max-width: 600px) 100vw, 600px\" \/><\/strong><\/p>\n<p class=\"text-lg\">El matrimonio Campos qued\u00f3 en el ojo de la tormenta tras la viralizaci\u00f3n de un audio en el que el empresario <strong>Roque \u201cChipi\u201d Gim\u00e9nez, en un di\u00e1logo con Campos,<\/strong> sugiere presuntos v\u00ednculos de dirigentes pol\u00edticos de Alberdi con el narcotr\u00e1fico. En la grabaci\u00f3n, que fue incorporada como prueba en el expediente judicial, se escucha a uno de los interlocutores decir: <strong>\u201cAc\u00e1 a la polic\u00eda la manejo yo, a la droga la manejo yo, necesito un Al Capone para gobernar, \u00bfme entend\u00e9s lo que te digo?\u201d. <\/strong>El esc\u00e1ndalo desatado por este hecho desencaden\u00f3 en la intervenci\u00f3n de ese Municipio del sur provincial a mediados de este a\u00f1o por decisi\u00f3n del gobernador Osvaldo Jaldo y dio pie a una causa penal en la Justicia Federal en la que Figueroa y Campos fueron procesados como presuntos integrantes de una organizaci\u00f3n criminal.<\/p>\n<p class=\"text-lg\"><strong>En la presentaci\u00f3n realizada esta semana ante el Juzgado Federal N\u00b0 2, que subroga el juez Guillermo D\u00edaz Mart\u00ednez, el abogado Atim incorpor\u00f3 declaraciones juradas del origen de fondos de ambos imputados, con certificaci\u00f3n del contador Omar Reinoso y legalizaci\u00f3n del Colegio de Graduados en Ciencias Econ\u00f3micas. Esa documentaci\u00f3n, sostuvo el defensor, permite acreditar los ingresos, la actividad econ\u00f3mica y la evoluci\u00f3n patrimonial de la legisladora y del exjefe municipal, \u201ccompatibles con su capacidad econ\u00f3mica\u201d.<\/strong><\/p>\n<p class=\"text-lg\">El escrito remarca que \u201cla prueba demuestra que Figueroa y Campos no tienen ninguna actividad il\u00edcita, que su patrimonio se origina en su trabajo y que no integran ninguna organizaci\u00f3n criminal\u201d. En el planteo, el abogado insisti\u00f3 en que los fondos cuestionados \u201cprovienen de actividades l\u00edcitas y representan los ahorros de toda una vida\u201d. <strong>En ese marco, la defensa pidi\u00f3 al juez D\u00edaz Mart\u00ednez que tenga por presentada la nueva prueba y que, en consecuencia, dicte la falta de m\u00e9rito para ambos imputados. Afirm\u00f3 adem\u00e1s que \u201cno existe ninguna evidencia que los vincule a maniobras delictivas\u201d en el marco de la causa.<\/strong><\/p>\n<p class=\"text-lg\"><span style=\"font-size: 14pt;\"><strong>Graves acusaciones<\/strong><\/span><\/p>\n<p class=\"text-lg\">En el expediente las imputaciones incluyen la presunta comisi\u00f3n de delitos de asociaci\u00f3n il\u00edcita, comercializaci\u00f3n de estupefacientes, lavado de activos e intimidaci\u00f3n p\u00fablica. <strong>Adem\u00e1s de Campos, Figueroa y Gim\u00e9nez, fueron procesados el exsecretario de Hacienda Jos\u00e9 Rold\u00e1n y otras personas vinculadas a la anterior gesti\u00f3n municipal.<\/strong><\/p>\n<p class=\"text-lg\">El fiscal federal Rafael Vehils Ruiz hab\u00eda solicitado la detenci\u00f3n de varios de los acusados, pedido que fue rechazado por el entonces juez a cargo de la causa, <strong>Jos\u00e9 Manuel D\u00edaz V\u00e9lez. No obstante, el magistrado dict\u00f3 el 8 de octubre el procesamiento de seis imputados: Campos, Gim\u00e9nez, Figueroa, Rold\u00e1n, el exconcejal Jos\u00e9 Albano Loru y Pablo Exequiel Barrionuevo, este \u00faltimo por asociaci\u00f3n il\u00edcita.<\/strong><\/p>\n<p class=\"text-lg\">Con respecto al matrimonio Campos, el magistrado dispuso que ambos permanezcan en libertad, aunque les prohibi\u00f3 la salida de la provincia y del pa\u00eds sin autorizaci\u00f3n judicial. Los acusados tambi\u00e9n deben presentarse quincenalmente en una dependencia policial cercana a su domicilio y tienen vedado comunicarse con coimputados, testigos o personas vinculadas a la investigaci\u00f3n.<\/p>\n<p class=\"text-lg\"><strong>Adem\u00e1s, el juez orden\u00f3 un embargo sobre los bienes de la legisladora Figueroa por $250 millones, monto que busca garantizar posibles responsabilidades civiles y costas procesales. Tras ser procesada, la parlamentaria tom\u00f3 licencia en su banca para poder dedicarle tiempo a su defensa en este proceso.<\/strong><\/p>\n<\/div>\n<\/div>\n<div class=\"col-start-1 col-span-12 mb-10 hidden md:block\">\n<div class=\"flex justify-center bg-publicidad items-center w-full\"><\/div>\n<\/div>\n<div class=\"w-full bg-white rounded border py-3 my-4 px-3 text-sm\"><span style=\"font-size: 8pt;\"><span class=\"text-muted-foreground text-sm\">Por: <\/span><b class=\"text-foreground capitalize text-sm\">Tendencia de noticias<\/b><\/span><\/div>\n<\/div>\n<\/div>\n","protected":false},"excerpt":{"rendered":"<p>Afirmaron que su patrimonio \u201cse sustenta en su trabajo\u201d Con nuevas pruebas contables, la defensa busca desactivar las imputaciones por narcotr\u00e1fico y lavado que pesan sobre la legisladora y el exintendente, y reclama la falta de m\u00e9rito en el expediente que se tramita en la Justicia Federal. &#8212;&#8212;&#8212;&#8212;&#8212;&#8212;&#8212;&#8212;&#8212;&#8212;&#8212;&#8212;&#8212;&#8212;&#8212;&#8212;&#8212;&#8212;&#8212;&#8212;&#8212;&#8212;&#8212;&#8212;&#8212;&#8212;&#8212;&#8212;&#8212;&#8212;&#8212;&#8212;&#8212;&#8212;&#8212;&#8212;&#8212;&#8212;&#8212;&#8212;&#8212;&#8211; &#8212;&#8212;&#8212;&#8212;&#8212;&#8212;&#8212;&#8212;&#8212;&#8212;&#8212;&#8212;&#8212;&#8212;&#8212;&#8212;&#8212;&#8212;&#8212;&#8212;&#8212;&#8212;&#8212;&#8212;&#8212;&#8212;&#8212;&#8212;&#8212;&#8212;&#8212;&#8212;&#8212;&#8212;&#8212;&#8212;&#8212;&#8212;&#8212;&#8212;&#8212;&#8211; El abogado Camilo Atim, representante de &hellip;<\/p>\n","protected":false},"author":2,"featured_media":12490,"comment_status":"open","ping_status":"open","sticky":false,"template":"","format":"standard","meta":{"footnotes":""},"categories":[47,34],"tags":[2620,2057],"class_list":["post-12489","post","type-post","status-publish","format-standard","has-post-thumbnail","hentry","category-justicia","category-locales","tag-juan-bautista-alberdi","tag-pato-campos"],"_links":{"self":[{"href":"https:\/\/cafeprensa.com.ar\/index.php\/wp-json\/wp\/v2\/posts\/12489","targetHints":{"allow":["GET"]}}],"collection":[{"href":"https:\/\/cafeprensa.com.ar\/index.php\/wp-json\/wp\/v2\/posts"}],"about":[{"href":"https:\/\/cafeprensa.com.ar\/index.php\/wp-json\/wp\/v2\/types\/post"}],"author":[{"embeddable":true,"href":"https:\/\/cafeprensa.com.ar\/index.php\/wp-json\/wp\/v2\/users\/2"}],"replies":[{"embeddable":true,"href":"https:\/\/cafeprensa.com.ar\/index.php\/wp-json\/wp\/v2\/comments?post=12489"}],"version-history":[{"count":1,"href":"https:\/\/cafeprensa.com.ar\/index.php\/wp-json\/wp\/v2\/posts\/12489\/revisions"}],"predecessor-version":[{"id":12492,"href":"https:\/\/cafeprensa.com.ar\/index.php\/wp-json\/wp\/v2\/posts\/12489\/revisions\/12492"}],"wp:featuredmedia":[{"embeddable":true,"href":"https:\/\/cafeprensa.com.ar\/index.php\/wp-json\/wp\/v2\/media\/12490"}],"wp:attachment":[{"href":"https:\/\/cafeprensa.com.ar\/index.php\/wp-json\/wp\/v2\/media?parent=12489"}],"wp:term":[{"taxonomy":"category","embeddable":true,"href":"https:\/\/cafeprensa.com.ar\/index.php\/wp-json\/wp\/v2\/categories?post=12489"},{"taxonomy":"post_tag","embeddable":true,"href":"https:\/\/cafeprensa.com.ar\/index.php\/wp-json\/wp\/v2\/tags?post=12489"}],"curies":[{"name":"wp","href":"https:\/\/api.w.org\/{rel}","templated":true}]}}