{"id":12493,"date":"2025-11-23T13:50:18","date_gmt":"2025-11-23T12:50:18","guid":{"rendered":"https:\/\/cafeprensa.com.ar\/?p=12493"},"modified":"2025-11-23T13:50:18","modified_gmt":"2025-11-23T12:50:18","slug":"bella-vista-inauguro-el-canal-independencia-una-obra-historica-para-prevenir-inundaciones","status":"publish","type":"post","link":"https:\/\/cafeprensa.com.ar\/index.php\/2025\/11\/23\/bella-vista-inauguro-el-canal-independencia-una-obra-historica-para-prevenir-inundaciones\/","title":{"rendered":"Bella Vista inaugur\u00f3 el Canal Independencia, una obra hist\u00f3rica para prevenir inundaciones"},"content":{"rendered":"<div class=\"the-post-header s-head-modern s-head-modern-a has-share-meta-right\">\n<div class=\"post-meta post-meta-a post-meta-left post-meta-single has-below\">\n<div class=\"meta-below-has-right\">\n<div class=\"post-share post-share-b spc-social-colors  post-share-b3 post-share-b-circles post-share-b3-circles\"><span style=\"font-weight: bold;\">Adem\u00e1s del canal pluvial, la obra incluy\u00f3 pavimento de hormig\u00f3n, bicisendas, arbolado urbano, iluminaci\u00f3n LED, y se\u00f1alizaci\u00f3n vial, conformando un corredor urbano completamente renovado que mejora la calidad de vida y la transitabilidad en toda la zona.<\/span><\/div>\n<\/div>\n<\/div>\n<\/div>\n<div class=\"the-post s-post-modern\">\n<article id=\"post-80947\" class=\"post-80947 post type-post status-publish format-standard has-post-thumbnail category-tucuman tag-bella-vista tag-obras-publicas tag-osvaldo-jaldo tag-paula-quiles tag-tucuman\">\n<div class=\"post-content-wrap has-share-float\">\n<div class=\"post-content cf entry-content content-spacious\">\n<p>La intendenta de Bella Vista, Paula Quiles, inaugur\u00f3 esta tarde una de las obras hidr\u00e1ulicas m\u00e1s importantes de la provincia en los \u00faltimos a\u00f1os: el canal independencia.<\/p>\n<p><img loading=\"lazy\" decoding=\"async\" class=\"alignnone size-medium wp-image-12494\" src=\"https:\/\/cafeprensa.com.ar\/wp-content\/uploads\/2025\/11\/D1s5BH9G_400x400-300x300.jpg\" alt=\"\" width=\"300\" height=\"300\" srcset=\"https:\/\/cafeprensa.com.ar\/wp-content\/uploads\/2025\/11\/D1s5BH9G_400x400-300x300.jpg 300w, https:\/\/cafeprensa.com.ar\/wp-content\/uploads\/2025\/11\/D1s5BH9G_400x400-150x150.jpg 150w, https:\/\/cafeprensa.com.ar\/wp-content\/uploads\/2025\/11\/D1s5BH9G_400x400.jpg 337w\" sizes=\"auto, (max-width: 300px) 100vw, 300px\" \/><\/p>\n<p><strong>El gobernador de la provincia, Osvaldo Jaldo, particip\u00f3 del acto realizado en el cruce de la Avenida Independencia y Matienzo. El proyecto, financiado con un cr\u00e9dito del Banco Interamericano de Desarrollo (BID), permitir\u00e1 prevenir inundaciones en el sector oeste de la ciudad, una zona que durante a\u00f1os sufri\u00f3 anegamientos cada temporada de lluvias.<\/strong><\/p>\n<p><strong>Una intervenci\u00f3n integral que transforma la ciudad<br \/>\n<\/strong>Adem\u00e1s del canal pluvial, la obra incluy\u00f3 pavimento de hormig\u00f3n, bicisendas, arbolado urbano, iluminaci\u00f3n LED, y se\u00f1alizaci\u00f3n vial, conformando un corredor urbano completamente renovado que mejora la calidad de vida y la transitabilidad en toda la zona.<\/p>\n<p><strong>Quiles: \u201cInvertimos cada peso en mejorar la vida de los vecinos\u201d<br \/>\n<\/strong>La intendenta Paula Quiles celebr\u00f3 la finalizaci\u00f3n del proyecto y remarc\u00f3 el compromiso del municipio con el desarrollo urbano: \u201cHoy Bella Vista da un paso enorme. Este canal no solo evita inundaciones, tambi\u00e9n recupera el espacio p\u00fablico y mejora la movilidad. Desde el municipio trabajamos con una administraci\u00f3n austera y transparente: cada peso que ingresa se destina a obras que transforman la vida de los vecinos. Sigamos juntos haciendo historia en nuestra ciudad\u201d.<\/p>\n<p>La intendenta record\u00f3 que <strong>\u201cSebasti\u00e1n Salazar fue el gran art\u00edfice de este gran sue\u00f1o, que hoy es el canal independencia, una obra concretada, la m\u00e1s grande en los \u00faltimos 50 a\u00f1os de la ciudad. Este canal le cambia la vida a todos los vecinos de la zona y de todo Bella Vista\u201d,<\/strong> sostuvo Quiles.<\/p>\n<p><strong>\u201cEstamos muy felices, y agradecemos al gobernador Osvaldo Jaldo por estar al lado nuestro desde el primer minuto. Sin su apoyo quiz\u00e1s hoy no estar\u00edamos aqu\u00ed inaugurando todo esto. Las diferencias pol\u00edticas son solo antes de las elecciones, nosotros debemos gobernar para todos, sin importar los colores pol\u00edticos\u201d<\/strong>, se\u00f1al\u00f3 Quiles.<\/p>\n<p>Por su parte, el gobernador Osvaldo Jaldo valor\u00f3 el impacto provincial del proyecto y reconoci\u00f3 el esfuerzo del municipio para concretarlo: \u201cQuiero agradecer a todos los vecinos por la paciencia y la confianza, pero tambi\u00e9n quiero agradecer a la intendenta Paula Quiles, que nos invit\u00f3 a esta inauguraci\u00f3n\u201d, sostuvo Jaldo.<\/p>\n<p>\u201cPaula, como yo, llevamos dos a\u00f1os de gesti\u00f3n. Pero antes hubo un intendente en Bella Vista que escuchaba al pueblo, y es por eso que Sebasti\u00e1n Salazar, es un gran responsable de todo esto\u201d, elogi\u00f3 Jaldo. <strong>\u201cNo hay dudas que Sebasti\u00e1n Salazar dej\u00f3 una huella profunda en toda la ciudad de Bella Vista\u201d,<\/strong> reiter\u00f3 el mandatario.<\/p>\n<p>\u00abRatifico que voy a estar junto a la intendenta de Bella Vista, trabajando junto a Paula Quiles\u00bb, cerr\u00f3 el mandatario.Salazar: \u201cMuchos no cre\u00edan que esta obra pod\u00eda hacerse, y hoy es una realidad\u201d<br \/>\nEl exintendente Sebasti\u00e1n Salazar, quien gestion\u00f3 el inicio del proyecto, destac\u00f3 la magnitud del trabajo realizado: \u201cEsta es una de las obras m\u00e1s importantes que se hicieron en la provincia en los \u00faltimos 50 a\u00f1os. Cuando la anunciamos, muchos vecinos no cre\u00edan que pudiera hacerse realidad. Hoy podemos ver el resultado: un canal que resuelve un problema hist\u00f3rico y que le devuelve tranquilidad a miles de familias. Quiero agradecer al equipo t\u00e9cnico, a los trabajadores y al BID por confiar en Bella Vista\u201d.<\/p>\n<\/div>\n<\/div>\n<\/article>\n<\/div>\n","protected":false},"excerpt":{"rendered":"<p>Adem\u00e1s del canal pluvial, la obra incluy\u00f3 pavimento de hormig\u00f3n, bicisendas, arbolado urbano, iluminaci\u00f3n LED, y se\u00f1alizaci\u00f3n vial, conformando un corredor urbano completamente renovado que mejora la calidad de vida y la transitabilidad en toda la zona. La intendenta de Bella Vista, Paula Quiles, inaugur\u00f3 esta tarde una de las obras hidr\u00e1ulicas m\u00e1s importantes de &hellip;<\/p>\n","protected":false},"author":2,"featured_media":12495,"comment_status":"open","ping_status":"open","sticky":false,"template":"","format":"standard","meta":{"footnotes":""},"categories":[54,34],"tags":[112],"class_list":["post-12493","post","type-post","status-publish","format-standard","has-post-thumbnail","hentry","category-interes-ganeral","category-locales","tag-bella-vista"],"_links":{"self":[{"href":"https:\/\/cafeprensa.com.ar\/index.php\/wp-json\/wp\/v2\/posts\/12493","targetHints":{"allow":["GET"]}}],"collection":[{"href":"https:\/\/cafeprensa.com.ar\/index.php\/wp-json\/wp\/v2\/posts"}],"about":[{"href":"https:\/\/cafeprensa.com.ar\/index.php\/wp-json\/wp\/v2\/types\/post"}],"author":[{"embeddable":true,"href":"https:\/\/cafeprensa.com.ar\/index.php\/wp-json\/wp\/v2\/users\/2"}],"replies":[{"embeddable":true,"href":"https:\/\/cafeprensa.com.ar\/index.php\/wp-json\/wp\/v2\/comments?post=12493"}],"version-history":[{"count":1,"href":"https:\/\/cafeprensa.com.ar\/index.php\/wp-json\/wp\/v2\/posts\/12493\/revisions"}],"predecessor-version":[{"id":12496,"href":"https:\/\/cafeprensa.com.ar\/index.php\/wp-json\/wp\/v2\/posts\/12493\/revisions\/12496"}],"wp:featuredmedia":[{"embeddable":true,"href":"https:\/\/cafeprensa.com.ar\/index.php\/wp-json\/wp\/v2\/media\/12495"}],"wp:attachment":[{"href":"https:\/\/cafeprensa.com.ar\/index.php\/wp-json\/wp\/v2\/media?parent=12493"}],"wp:term":[{"taxonomy":"category","embeddable":true,"href":"https:\/\/cafeprensa.com.ar\/index.php\/wp-json\/wp\/v2\/categories?post=12493"},{"taxonomy":"post_tag","embeddable":true,"href":"https:\/\/cafeprensa.com.ar\/index.php\/wp-json\/wp\/v2\/tags?post=12493"}],"curies":[{"name":"wp","href":"https:\/\/api.w.org\/{rel}","templated":true}]}}