{"id":12530,"date":"2025-11-25T14:17:34","date_gmt":"2025-11-25T13:17:34","guid":{"rendered":"https:\/\/cafeprensa.com.ar\/?p=12530"},"modified":"2025-11-25T14:18:01","modified_gmt":"2025-11-25T13:18:01","slug":"este-verano-esperan-un-millon-de-argentinos-en-florianopolis","status":"publish","type":"post","link":"https:\/\/cafeprensa.com.ar\/index.php\/2025\/11\/25\/este-verano-esperan-un-millon-de-argentinos-en-florianopolis\/","title":{"rendered":"Este verano, esperan un mill\u00f3n de argentinos en Florian\u00f3polis"},"content":{"rendered":"<p class=\"page-header\"><strong><span style=\"font-size: 14pt;\">Vuelos, alojamiento y costos: <\/span><\/strong>Brasil vuelve a estar al tope de las preferencias de los turistas argentinos y Florian\u00f3polis se prepara para recibir una oleada de visitantes de nuestro pa\u00eds, con conectividad in\u00e9dita desde el interior y alta ocupaci\u00f3n en el norte de la isla.<\/p>\n<p><img loading=\"lazy\" decoding=\"async\" class=\"alignnone size-medium wp-image-12472\" src=\"https:\/\/cafeprensa.com.ar\/wp-content\/uploads\/2025\/11\/IMG-20250731-WA0040-300x156.jpg\" alt=\"\" width=\"300\" height=\"156\" srcset=\"https:\/\/cafeprensa.com.ar\/wp-content\/uploads\/2025\/11\/IMG-20250731-WA0040-300x156.jpg 300w, https:\/\/cafeprensa.com.ar\/wp-content\/uploads\/2025\/11\/IMG-20250731-WA0040-1024x533.jpg 1024w, https:\/\/cafeprensa.com.ar\/wp-content\/uploads\/2025\/11\/IMG-20250731-WA0040-768x400.jpg 768w, https:\/\/cafeprensa.com.ar\/wp-content\/uploads\/2025\/11\/IMG-20250731-WA0040.jpg 1134w\" sizes=\"auto, (max-width: 300px) 100vw, 300px\" \/><\/p>\n<p><b>Florian\u00f3polis vuelve a ser palabra santa para las vacaciones de los argentinos. Con m\u00e1s vuelos directos, mejores rutas y precios en reales que se mantienen relativamente estables, la isla de Santa Catarina se prepara para una temporada fuerte.<br \/>\nEl cordob\u00e9s Nicol\u00e1s Ferreyra, radicado hace dos d\u00e9cadas en Floripa y dedicado al turismo receptivo, cuenta que las autoridades locales hablan de recibir alrededor de un mill\u00f3n de turistas argentinos solo en la isla, con mucha presencia de cordobeses en el norte.<img loading=\"lazy\" decoding=\"async\" class=\"alignnone wp-image-12536 size-full\" src=\"https:\/\/cafeprensa.com.ar\/wp-content\/uploads\/2025\/11\/zfxntzr62dmeyi5fcmjs.jpeg\" alt=\"\" width=\"1024\" height=\"633\" srcset=\"https:\/\/cafeprensa.com.ar\/wp-content\/uploads\/2025\/11\/zfxntzr62dmeyi5fcmjs.jpeg 1024w, https:\/\/cafeprensa.com.ar\/wp-content\/uploads\/2025\/11\/zfxntzr62dmeyi5fcmjs-300x185.jpeg 300w, https:\/\/cafeprensa.com.ar\/wp-content\/uploads\/2025\/11\/zfxntzr62dmeyi5fcmjs-768x475.jpeg 768w\" sizes=\"auto, (max-width: 1024px) 100vw, 1024px\" \/><\/b><br \/>\nEn ese escenario se mueve Ferreyra, cordob\u00e9s que vive hace m\u00e1s de 20 a\u00f1os en Florian\u00f3polis y trabaja en turismo receptivo. Desde Canasvieiras, el hist\u00f3rico \u201cbarrio cordob\u00e9s\u201d en Brasil, advierte que la combinaci\u00f3n de alta demanda y oferta limitada ya se siente en las reservas y lanza una advertencia para quien piense improvisar: para enero y febrero, cerca de la playa casi no queda disponibilidad.<img loading=\"lazy\" decoding=\"async\" class=\"alignnone wp-image-12535 size-large\" src=\"https:\/\/cafeprensa.com.ar\/wp-content\/uploads\/2025\/11\/frente-de-la-iglesia-1024x768.jpg\" alt=\"\" width=\"1024\" height=\"768\" srcset=\"https:\/\/cafeprensa.com.ar\/wp-content\/uploads\/2025\/11\/frente-de-la-iglesia-1024x768.jpg 1024w, https:\/\/cafeprensa.com.ar\/wp-content\/uploads\/2025\/11\/frente-de-la-iglesia-300x225.jpg 300w, https:\/\/cafeprensa.com.ar\/wp-content\/uploads\/2025\/11\/frente-de-la-iglesia-768x576.jpg 768w, https:\/\/cafeprensa.com.ar\/wp-content\/uploads\/2025\/11\/frente-de-la-iglesia.jpg 1200w\" sizes=\"auto, (max-width: 1024px) 100vw, 1024px\" \/><\/p>\n<div><b><u>Un mill\u00f3n de argentinos rumbo a la isla<\/u><\/b><\/div>\n<p>Ferreyra resume la expectativa con un dato. <strong>\u201cLas autoridades de Florian\u00f3polis ya informaron que solo en la isla se espera un mill\u00f3n de argentinos esta temporada, sobre todo en el norte, en Canasvieiras, Ingleses y toda esa zona\u201d<\/strong>, cuenta. Buena parte de esa ocupaci\u00f3n est\u00e1 tomada por agencias e inmobiliarias que compraron cupos de departamentos y hoteles con varios meses de anticipaci\u00f3n.<br \/>\nLa otra pata del boom es la conectividad. Por primera vez habr\u00e1 <strong>vuelos directos a Florian\u00f3polis desde cinco ciudades argentinas: Buenos Aires, C\u00f3rdoba, Rosario, Salta y Tucum\u00e1n.<\/strong> El aeropuerto no solo alimenta a la isla, sino tambi\u00e9n a destinos como Cambori\u00fa y otras playas de Santa Catarina, lo que multiplica el flujo de visitantes.<br \/>\nEn ese contexto, la cl\u00e1sica estrategia de <strong>\u201cllego y veo\u201d<\/strong> pierde atractivo. Ferreyra recuerda que hubo a\u00f1os en los que conven\u00eda llegar sin alojamiento porque hab\u00eda mucha disponibilidad y se pod\u00eda negociar en destino. <strong>\u201cAhora va a pasar lo contrario. Te vas a terminar alojando m\u00e1s lejos de la playa y pagando m\u00e1s caro si no reserv\u00e1s antes\u201d<\/strong>, plantea.<img loading=\"lazy\" decoding=\"async\" class=\"alignnone wp-image-12532 size-large\" src=\"https:\/\/cafeprensa.com.ar\/wp-content\/uploads\/2025\/11\/Florianopolis--1024x576.jpg\" alt=\"\" width=\"1024\" height=\"576\" srcset=\"https:\/\/cafeprensa.com.ar\/wp-content\/uploads\/2025\/11\/Florianopolis--1024x576.jpg 1024w, https:\/\/cafeprensa.com.ar\/wp-content\/uploads\/2025\/11\/Florianopolis--300x169.jpg 300w, https:\/\/cafeprensa.com.ar\/wp-content\/uploads\/2025\/11\/Florianopolis--768x432.jpg 768w, https:\/\/cafeprensa.com.ar\/wp-content\/uploads\/2025\/11\/Florianopolis--1536x865.jpg 1536w, https:\/\/cafeprensa.com.ar\/wp-content\/uploads\/2025\/11\/Florianopolis--2048x1153.jpg 2048w, https:\/\/cafeprensa.com.ar\/wp-content\/uploads\/2025\/11\/Florianopolis--390x220.jpg 390w\" sizes=\"auto, (max-width: 1024px) 100vw, 1024px\" \/><\/p>\n<div><b><u>Canasvieiras y las playas para cada perfil<\/u><\/b><\/div>\n<p>Ferreyra est\u00e1 instalado en Canasvieiras, la zona donde hace rato se concentra el turismo argentino, en especial el cordob\u00e9s. <strong>\u201cEs la playa que m\u00e1s visitan los argentinos\u201d<\/strong>, se\u00f1ala. El clima, el tipo de mar y los servicios la volvieron una referencia para las familias que buscan comodidad y todo a mano.<br \/>\nCuando piensa en su propia rutina, se define como \u201cm\u00e1s adepto a las playas de olas calmas y no tanto al mar abierto\u201d y subraya que la isla ofrece opciones para todos los gustos.<strong> \u201cTambi\u00e9n tenemos un mont\u00f3n de playas como Joaquina, Mole, Barra da Lagoa, Praia Brava, Ingleses, que suelen tener m\u00e1s olas\u201d<\/strong>, describe, marcando la diferencia entre balnearios familiares y puntos m\u00e1s buscados por quienes quieren vida de playa m\u00e1s intensa. E<strong>l norte de la isla, con mar m\u00e1s tibio y mucha infraestructura, concentra la mayor parte del flujo argentino, en especial el que llega en auto o en vuelos directos desde C\u00f3rdoba y Rosario.<\/strong><\/p>\n<div><b><u>Pix, d\u00f3lares y cu\u00e1nto cuesta veranear en Floripa<\/u><\/b><\/div>\n<div><\/div>\n<p>El sistema de transferencias instant\u00e1neas Pix, que revolucion\u00f3 el uso del dinero en Brasil, tambi\u00e9n se volvi\u00f3 cotidiano para los argentinos. En la entrevista, Ferreyra cuenta que hoy pueden usarlo a trav\u00e9s de distintas billeteras virtuales y que incluso existen p\u00e1ginas que comparan en tiempo real el tipo de cambio que ofrece cada aplicaci\u00f3n.<br \/>\n<strong>\u201cEn mis negocios, m\u00e1s o menos el 75 por ciento de lo que facturamos entra por Pix, un 20 por ciento con tarjetas de cr\u00e9dito o d\u00e9bito y apenas un 5 por ciento en efectivo\u201d,<\/strong> detalla.<br \/>\nSu experiencia muestra un cambio de h\u00e1bitos: casi todo se resuelve con el celular y los billetes pr\u00e1cticamente desaparecieron de la escena cotidiana. Recomienda, de todos modos, llevar algo de dinero por cualquier problema puntual, por ejemplo en estaciones de servicio o imprevistos de ruta.<img loading=\"lazy\" decoding=\"async\" class=\"alignnone wp-image-12533 size-large\" src=\"https:\/\/cafeprensa.com.ar\/wp-content\/uploads\/2025\/11\/brasil-pjpg-1024x576.webp\" alt=\"\" width=\"1024\" height=\"576\" srcset=\"https:\/\/cafeprensa.com.ar\/wp-content\/uploads\/2025\/11\/brasil-pjpg-1024x576.webp 1024w, https:\/\/cafeprensa.com.ar\/wp-content\/uploads\/2025\/11\/brasil-pjpg-300x169.webp 300w, https:\/\/cafeprensa.com.ar\/wp-content\/uploads\/2025\/11\/brasil-pjpg-768x432.webp 768w, https:\/\/cafeprensa.com.ar\/wp-content\/uploads\/2025\/11\/brasil-pjpg-390x220.webp 390w, https:\/\/cafeprensa.com.ar\/wp-content\/uploads\/2025\/11\/brasil-pjpg.webp 1200w\" sizes=\"auto, (max-width: 1024px) 100vw, 1024px\" \/><br \/>\nEn cuanto al presupuesto, traza algunas referencias para una familia tipo cordobesa que quiere estar cerca del mar.<strong> \u201cLo ideal, para un departamento de un dormitorio, es pagar entre 500 y 550 reales por d\u00eda, algo as\u00ed como 100 d\u00f3lares seg\u00fan el cambio, y de ah\u00ed hasta 700 reales, dependiendo de la ubicaci\u00f3n y los servicios\u201d<\/strong>, precisa. El que reserv\u00f3 con anticipaci\u00f3n consigui\u00f3 esos valores; despu\u00e9s, con la demanda alta, los precios pueden subir.<br \/>\nEn alimentos y consumos b\u00e1sicos, describe subas moderadas. Pone como ejemplo la leche, que lleg\u00f3 a encontrarse a 3,80 reales y ahora est\u00e1 en torno de los 4,39 a 4,80 reales, y menciona que una pizza arranca en unos 50 reales y puede llegar a 110, mientras que una hamburguesa va de aproximadamente 35 a 70 reales en su versi\u00f3n m\u00e1s completa. \u201cNo es barato, pero tampoco hubo una explosi\u00f3n de precios como la que se vive en Argentina\u201d, compara.<img loading=\"lazy\" decoding=\"async\" class=\"alignnone wp-image-12534 size-full\" src=\"https:\/\/cafeprensa.com.ar\/wp-content\/uploads\/2025\/11\/Florianopolis-brazil.jpg\" alt=\"\" width=\"728\" height=\"381\" srcset=\"https:\/\/cafeprensa.com.ar\/wp-content\/uploads\/2025\/11\/Florianopolis-brazil.jpg 728w, https:\/\/cafeprensa.com.ar\/wp-content\/uploads\/2025\/11\/Florianopolis-brazil-300x157.jpg 300w\" sizes=\"auto, (max-width: 728px) 100vw, 728px\" \/><\/p>\n<div><b><u>Rutas, horarios y una recomendaci\u00f3n final para cordobeses<\/u><\/b><\/div>\n<p>M\u00e1s all\u00e1 de los vuelos directos, muchos cordobeses siguen eligiendo el auto para viajar a Florian\u00f3polis. Ah\u00ed, Ferreyra pone el foco en la organizaci\u00f3n del trayecto. <strong>Cuenta que no son pocas las familias que calculan llegar al mediod\u00eda y terminan entrando a la isla a medianoche, cansadas y sin alojamiento asegurado.<\/strong><br \/>\n<strong>Su sugerencia es clara: planificar una noche intermedia, por ejemplo en S\u00e3o Gabriel, y encarar el \u00faltimo tramo temprano, para llegar a la isla de d\u00eda y con margen para resolver cualquier imprevisto. En el tramo entre S\u00e3o Gabriel y Porto Alegre, hist\u00f3ricamente cargado por obras y tr\u00e1nsito pesado, se\u00f1ala que las obras y la se\u00f1alizaci\u00f3n han avanzado, aunque insiste en que hay que manejar con paciencia porque se espera mucho movimiento en pasos fronterizos y rutas.<\/strong><br \/>\nEl mensaje final para el p\u00fablico cordob\u00e9s mezcla entusiasmo con cautela.<strong> \u201cQue vengan con calma, porque se espera una temporada mejor que la anterior y Florian\u00f3polis sigue siendo una buena ecuaci\u00f3n. Mar tibio, muchas playas distintas y buena infraestructura. Pero que no dejen todo para \u00faltimo momento. Reservar antes, revisar bien la ruta y aprovechar las herramientas nuevas, vuelos directos, aplicaciones y Pix, es la diferencia entre un verano organizado y uno a las corridas\u201d.\u00a0<\/strong><\/p>\n<p><a href=\"https:\/\/www.perfil.com\/noticias\/cordoba\/un-millon-de-argentinos-en-florianopolis-vuelos-alojamiento-y-costos-de-la-temporada.phtml\">\u00a0\/Perfil\u00a0 \u00a0<\/a><\/p>\n","protected":false},"excerpt":{"rendered":"<p>Vuelos, alojamiento y costos: Brasil vuelve a estar al tope de las preferencias de los turistas argentinos y Florian\u00f3polis se prepara para recibir una oleada de visitantes de nuestro pa\u00eds, con conectividad in\u00e9dita desde el interior y alta ocupaci\u00f3n en el norte de la isla. Florian\u00f3polis vuelve a ser palabra santa para las vacaciones de &hellip;<\/p>\n","protected":false},"author":2,"featured_media":12531,"comment_status":"open","ping_status":"open","sticky":false,"template":"","format":"standard","meta":{"footnotes":""},"categories":[35,170],"tags":[2695],"class_list":["post-12530","post","type-post","status-publish","format-standard","has-post-thumbnail","hentry","category-internacionales","category-turismo","tag-florianopolis"],"_links":{"self":[{"href":"https:\/\/cafeprensa.com.ar\/index.php\/wp-json\/wp\/v2\/posts\/12530","targetHints":{"allow":["GET"]}}],"collection":[{"href":"https:\/\/cafeprensa.com.ar\/index.php\/wp-json\/wp\/v2\/posts"}],"about":[{"href":"https:\/\/cafeprensa.com.ar\/index.php\/wp-json\/wp\/v2\/types\/post"}],"author":[{"embeddable":true,"href":"https:\/\/cafeprensa.com.ar\/index.php\/wp-json\/wp\/v2\/users\/2"}],"replies":[{"embeddable":true,"href":"https:\/\/cafeprensa.com.ar\/index.php\/wp-json\/wp\/v2\/comments?post=12530"}],"version-history":[{"count":1,"href":"https:\/\/cafeprensa.com.ar\/index.php\/wp-json\/wp\/v2\/posts\/12530\/revisions"}],"predecessor-version":[{"id":12537,"href":"https:\/\/cafeprensa.com.ar\/index.php\/wp-json\/wp\/v2\/posts\/12530\/revisions\/12537"}],"wp:featuredmedia":[{"embeddable":true,"href":"https:\/\/cafeprensa.com.ar\/index.php\/wp-json\/wp\/v2\/media\/12531"}],"wp:attachment":[{"href":"https:\/\/cafeprensa.com.ar\/index.php\/wp-json\/wp\/v2\/media?parent=12530"}],"wp:term":[{"taxonomy":"category","embeddable":true,"href":"https:\/\/cafeprensa.com.ar\/index.php\/wp-json\/wp\/v2\/categories?post=12530"},{"taxonomy":"post_tag","embeddable":true,"href":"https:\/\/cafeprensa.com.ar\/index.php\/wp-json\/wp\/v2\/tags?post=12530"}],"curies":[{"name":"wp","href":"https:\/\/api.w.org\/{rel}","templated":true}]}}