{"id":12541,"date":"2025-11-26T03:11:43","date_gmt":"2025-11-26T02:11:43","guid":{"rendered":"https:\/\/cafeprensa.com.ar\/?p=12541"},"modified":"2025-11-26T11:45:43","modified_gmt":"2025-11-26T10:45:43","slug":"la-escuela-media-la-canada-hizo-historia","status":"publish","type":"post","link":"https:\/\/cafeprensa.com.ar\/index.php\/2025\/11\/26\/la-escuela-media-la-canada-hizo-historia\/","title":{"rendered":"LA ESCUELA MEDIA LA CA\u00d1ADA HIZO HISTORIA"},"content":{"rendered":"<p style=\"text-align: left;\">TRIUNFO EN LAS OLIMPIADAS PROVINCIALES DE COMUNICACI\u00d3N<\/p>\n<p><strong>En La Ca\u00f1ada, departamento Graneros, donde cada amanecer huele a tierra h\u00fameda y esfuerzo silencioso, tres j\u00f3venes de la Escuela Media La Ca\u00f1ada lograron que su voz viajara mucho m\u00e1s lejos de lo que imaginaron. Ana Luc\u00eda Rasgido, Camila Rasgido y H\u00e9ctor Graneros participaron en las Olimpiadas<\/strong> Estudiantiles de Comunicaci\u00f3n y Periodismo de la Universidad Nacional de Tucum\u00e1n con un corto audiovisual creado bajo la gu\u00eda del <strong>profesor Franco Artaza<\/strong>. Y no solo participaron: ganaron, emocionaron y representaron a toda una comunidad.<\/p>\n<p><strong>Las Olimpiadas, destinadas a estudiantes de 5\u00b0 y 6\u00b0 a\u00f1o de escuelas secundarias de toda la provincia, impulsan la producci\u00f3n cr\u00edtica y creativa sobre temas que atraviesan a la juventud: la crisis clim\u00e1tica, la inteligencia artificial, las identidades juveniles y el ecosistema digital. En este espacio, comunicar es tambi\u00e9n construir futuro.<img loading=\"lazy\" decoding=\"async\" class=\"alignnone wp-image-12543 size-large\" src=\"https:\/\/cafeprensa.com.ar\/wp-content\/uploads\/2025\/11\/FB_IMG_1764122735154-1024x576.jpg\" alt=\"\" width=\"1024\" height=\"576\" srcset=\"https:\/\/cafeprensa.com.ar\/wp-content\/uploads\/2025\/11\/FB_IMG_1764122735154-1024x576.jpg 1024w, https:\/\/cafeprensa.com.ar\/wp-content\/uploads\/2025\/11\/FB_IMG_1764122735154-300x169.jpg 300w, https:\/\/cafeprensa.com.ar\/wp-content\/uploads\/2025\/11\/FB_IMG_1764122735154-768x432.jpg 768w, https:\/\/cafeprensa.com.ar\/wp-content\/uploads\/2025\/11\/FB_IMG_1764122735154-1536x864.jpg 1536w, https:\/\/cafeprensa.com.ar\/wp-content\/uploads\/2025\/11\/FB_IMG_1764122735154-390x220.jpg 390w, https:\/\/cafeprensa.com.ar\/wp-content\/uploads\/2025\/11\/FB_IMG_1764122735154.jpg 1600w\" sizes=\"auto, (max-width: 1024px) 100vw, 1024px\" \/><\/strong><\/p>\n<p><strong>La premiaci\u00f3n se realiz\u00f3 hoy en el Espacio Cultural de la Facultad de Filosof\u00eda y Letras, donde los estudiantes estuvieron acompa\u00f1ados por la Directora de la instituci\u00f3n, Prof. Yolanda Marino, y la Asesora Pedag\u00f3gica, Lic. Luciana Brito. Ambas siguieron la proyecci\u00f3n con el coraz\u00f3n en la mano. Y cuando el corto lleg\u00f3 a su fin, el aplauso fue inmediato, intenso. La sala se puso de pie; muchos, con l\u00e1grimas en los ojos.<\/strong><\/p>\n<p><strong>La Directora Marino expres\u00f3 con emoci\u00f3n:<\/strong><br \/>\n<strong>\u201cEste trabajo cumpli\u00f3 con los objetivos. M\u00e1s que recibir un premio, transmiti\u00f3 un mensaje muy importante que emocion\u00f3 hasta las l\u00e1grimas al p\u00fablico. El mensaje es que S\u00cd PODEMOS, por m\u00e1s adversas que sean las situaciones. Es transmitir, animar, alentar. Es inspirar a los alumnos desde el lugar que cada uno ocupa.\u201d<\/strong><\/p>\n<p><strong>Finalmente, agradeci\u00f3 al profesor Artaza por su compromiso creativo:<\/strong><br \/>\n<strong>\u201cMuchas gracias, profe Franco Artaza, por la predisposici\u00f3n y acompa\u00f1amiento en las ideas de sus alumnos, que sin duda tambi\u00e9n son sus ideas. Y all\u00ed est\u00e1 la diferencia. Trabajar como docente tiene ese plus.\u201d<\/strong><\/p>\n<p>La voz de Ana marc\u00f3 el pulso del relato en el comienzo del corto y atraves\u00f3 la sala con la sencillez de lo cotidiano:<\/p>\n<p>\u201cMe llamo Ana, tengo 17 a\u00f1os y estoy terminando el secundario en la Escuela Media La Ca\u00f1ada. Me despierto temprano, como todos los d\u00edas. El olor del mate cocido con pan me lleva a la cocina. Mi mam\u00e1 ya est\u00e1 ah\u00ed. Mi pap\u00e1 tambi\u00e9n. Hablamos un rato antes de que el d\u00eda empiece de verdad\u2026 Mi pap\u00e1 me lleva en moto hasta la escuela. En el trayecto veo a mis compa\u00f1eros caminando. Algunos vienen de lejos, cruzan fincas, pasan arroyos. A veces pienso que todos vamos al mismo lugar, pero no todos so\u00f1amos lo mismo ni creemos que esos sue\u00f1os se puedan cumplir.\u201d<\/p>\n<p>Ese fragmento, simple y profundo, fue suficiente para que muchos entendieran que detr\u00e1s de cada estudiante rural hay una historia que merece ser contada. Y hoy, esas historias encontraron escenario, p\u00fablico y reconocimiento.<\/p>\n<p><strong>La Ca\u00f1ada celebr\u00f3. Los chicos tambi\u00e9n. Pero lo m\u00e1s importante es que su mensaje \u2014aut\u00e9ntico, sensible y necesario\u2014 ya empez\u00f3 a viajar m\u00e1s lejos que cualquiera de ellos imagin\u00f3.<\/strong><\/p>\n","protected":false},"excerpt":{"rendered":"<p>TRIUNFO EN LAS OLIMPIADAS PROVINCIALES DE COMUNICACI\u00d3N En La Ca\u00f1ada, departamento Graneros, donde cada amanecer huele a tierra h\u00fameda y esfuerzo silencioso, tres j\u00f3venes de la Escuela Media La Ca\u00f1ada lograron que su voz viajara mucho m\u00e1s lejos de lo que imaginaron. Ana Luc\u00eda Rasgido, Camila Rasgido y H\u00e9ctor Graneros participaron en las Olimpiadas Estudiantiles &hellip;<\/p>\n","protected":false},"author":2,"featured_media":12542,"comment_status":"open","ping_status":"open","sticky":false,"template":"","format":"standard","meta":{"footnotes":""},"categories":[38,34],"tags":[],"class_list":["post-12541","post","type-post","status-publish","format-standard","has-post-thumbnail","hentry","category-educacion","category-locales"],"_links":{"self":[{"href":"https:\/\/cafeprensa.com.ar\/index.php\/wp-json\/wp\/v2\/posts\/12541","targetHints":{"allow":["GET"]}}],"collection":[{"href":"https:\/\/cafeprensa.com.ar\/index.php\/wp-json\/wp\/v2\/posts"}],"about":[{"href":"https:\/\/cafeprensa.com.ar\/index.php\/wp-json\/wp\/v2\/types\/post"}],"author":[{"embeddable":true,"href":"https:\/\/cafeprensa.com.ar\/index.php\/wp-json\/wp\/v2\/users\/2"}],"replies":[{"embeddable":true,"href":"https:\/\/cafeprensa.com.ar\/index.php\/wp-json\/wp\/v2\/comments?post=12541"}],"version-history":[{"count":2,"href":"https:\/\/cafeprensa.com.ar\/index.php\/wp-json\/wp\/v2\/posts\/12541\/revisions"}],"predecessor-version":[{"id":12545,"href":"https:\/\/cafeprensa.com.ar\/index.php\/wp-json\/wp\/v2\/posts\/12541\/revisions\/12545"}],"wp:featuredmedia":[{"embeddable":true,"href":"https:\/\/cafeprensa.com.ar\/index.php\/wp-json\/wp\/v2\/media\/12542"}],"wp:attachment":[{"href":"https:\/\/cafeprensa.com.ar\/index.php\/wp-json\/wp\/v2\/media?parent=12541"}],"wp:term":[{"taxonomy":"category","embeddable":true,"href":"https:\/\/cafeprensa.com.ar\/index.php\/wp-json\/wp\/v2\/categories?post=12541"},{"taxonomy":"post_tag","embeddable":true,"href":"https:\/\/cafeprensa.com.ar\/index.php\/wp-json\/wp\/v2\/tags?post=12541"}],"curies":[{"name":"wp","href":"https:\/\/api.w.org\/{rel}","templated":true}]}}