{"id":12552,"date":"2025-11-26T12:07:32","date_gmt":"2025-11-26T11:07:32","guid":{"rendered":"https:\/\/cafeprensa.com.ar\/?p=12552"},"modified":"2025-11-26T12:07:32","modified_gmt":"2025-11-26T11:07:32","slug":"intendentes-reclamaron-recursos-y-alertaron-problematicas-en-asistencia-social","status":"publish","type":"post","link":"https:\/\/cafeprensa.com.ar\/index.php\/2025\/11\/26\/intendentes-reclamaron-recursos-y-alertaron-problematicas-en-asistencia-social\/","title":{"rendered":"Intendentes reclamaron recursos y alertaron problem\u00e1ticas en asistencia social"},"content":{"rendered":"<div class=\"post-content\">\n<p>Ante los vocales e intendentes, la salte\u00f1a Yolanda Vega revel\u00f3 la idea de proyecto de ley que se buscar\u00e1 impulsar que tiene por objetivo bajar el IVA municipal del 21% al 10,5%. \u00abSomos los primeros en la trinchera ante las quejas de los vecinos y cada vez hay m\u00e1s demandas\u201d, alert\u00f3 Rossana Chahla.<\/p>\n<\/div>\n<p class=\"epigrafo\">Con la presencia de <strong>Fernando Espinoza\u00a0<\/strong>entre los invitados, la Comisi\u00f3n de Asuntos Municipales de la C\u00e1mara de Diputados reuni\u00f3 a m\u00e1s de una decena de jefes comunales de todo el pa\u00eds para debatir sobre el Impuesto al Valor Agregado (IVA) y la Ley de Coparticipaci\u00f3n. A la hora de las exposiciones, los jefes comunales elevaron el reclamo por \u201cfalta de recursos\u201d al Gobierno nacional.<\/p>\n<div class=\"contenido-post\">\n<p>En el inicio de la reuni\u00f3n, la cual estuvo a cargo del diputado cordob\u00e9s\u00a0<strong>Juan Br\u00fcgge<\/strong>\u00a0de Encuentro Federal, los presentes pidieron que se abra una instancia de discusi\u00f3n relacionado al Presupuesto y a las reformas que enviar\u00e1 el Gobierno nacional en los pr\u00f3ximos d\u00edas. Luego, el intendente de La Plata,\u00a0<strong>Julio Alak<\/strong>, manifest\u00f3 unas palabras en homenaje al doctor y exjefe comunal de Berazategui,\u00a0<strong>Juan Jos\u00e9 Mussi<\/strong>, quien falleci\u00f3 este lunes 24 de noviembre.<\/p>\n<p>Respecto a la propuesta que los jefes comunales buscan tratar por medio de los diputados nacional, la salte\u00f1a\u00a0<strong>Yolanda Vega<\/strong>\u00a0de Innovaci\u00f3n Federal y exintendenta de San Jos\u00e9 de los Cerrillos revel\u00f3 que la idea es proponer que el IVA que pagan los municipios pase del 21% -como lo es actualmente- al 10,5%. \u201ces un verdadero motor de desarrollo local y regional, y es un plan de est\u00edmulo econ\u00f3mico para la base piramidal del Estado p\u00fablico\u201d, explic\u00f3.<\/p>\n<p>La primera en tomar la palabra fue<strong>\u00a0Rossana Chahla<\/strong>, intendenta de San Miguel de Tucum\u00e1n y exlegisladora del Frente de Todos, quien describi\u00f3 que<strong> \u201csomos los primeros en la trinchera ante las quejas de los vecinos y cada vez hay m\u00e1s demandas\u201d porque \u201cla gente quiere inmediatez\u201d. Sin nombrar al Poder Ejecutivo Nacional, enfatiz\u00f3 que \u201clos ingresos son finitos\u201d.<\/strong><\/p>\n<p>De cara a los presentes, la tucumana reclam\u00f3 \u201cse ha cortado la coparticipaci\u00f3n que recib\u00edamos del combustible\u201d, y plante\u00f3 detalles sobre la situaci\u00f3n de su ciudad: \u201cEn mi ciudad se necesitan dos obras de infraestructura importantes para que no se inunde la gente y no tenemos los fondos del combustible porque queremos darle m\u00e1s servicio al vecino sin tocarle el bolsillo a la gente\u201d.<\/p>\n<p>Brevemente,\u00a0<strong>Dante Vel\u00e1zquez,\u00a0<\/strong>representante del Municipio de La Quiaca, consider\u00f3 estar \u201ccansado de posar para una foto y que despu\u00e9s no pase nada\u201d. Luego, se\u00f1al\u00f3 \u201cla Ley de Coparticipaci\u00f3n no existe\u201d, y sum\u00f3: \u201cQueremos que las leyes sean claras y justas para todos porque no se trata de un color pol\u00edtico, se trata de la defensa irrestricta de los derechos de los ciudadanos\u201d.<\/p>\n<h3>La palabra del intendente de La Matanza<\/h3>\n<p>Llegado el turno de Fernando Espinoza, aclar\u00f3 que no estaba presente en su rol de jefe comunal de La Matanza, sino que lo hizo como presidente de la Federaci\u00f3n Argentina de Municipios.<strong> En primera instancia, explic\u00f3 que \u201choy los municipios son inviables porque hay provincias que reciben un 80% menos que hace dos a\u00f1os y por ende los municipios reciben menos recursos\u201d.<\/strong><\/p>\n<div id=\"attachment_419850\" class=\"wp-caption alignnone\"><img loading=\"lazy\" decoding=\"async\" class=\"wp-image-419850 size-full\" src=\"https:\/\/www.parlamentario.com\/wp-content\/uploads\/2025\/11\/Fernando-Espinoza-en-Asuntos-Municipales-1.webp\" sizes=\"auto, (max-width: 750px) 100vw, 750px\" srcset=\"https:\/\/www.parlamentario.com\/wp-content\/uploads\/2025\/11\/Fernando-Espinoza-en-Asuntos-Municipales-1.webp 750w, https:\/\/www.parlamentario.com\/wp-content\/uploads\/2025\/11\/Fernando-Espinoza-en-Asuntos-Municipales-1-300x200.webp 300w\" alt=\"\" width=\"750\" height=\"500\" aria-describedby=\"caption-attachment-419850\" \/><\/p>\n<p id=\"caption-attachment-419850\" class=\"wp-caption-text\"><strong><em>Fernando Espinoza alert\u00f3 por una falta de recursos en asistencia social.<\/em><\/strong><\/p>\n<\/div>\n<p>Defini\u00f3, adem\u00e1s, que \u201clos municipios somos el primer escal\u00f3n de la democracia\u201d y llev\u00f3 el debate a la seguridad social: Espinoza mencion\u00f3 que \u201cdespu\u00e9s de nosotros, no hay Estado y lo que no puede solucionar, desgraciadamente no se soluciona\u201d. Del mismo modo, agreg\u00f3: <strong>\u201cNecesitamos en forma urgente recursos para que la gente no pase hambre porque se est\u00e1 empezando a sentir fuerte y antes de marzo del a\u00f1o que viene tenemos que solucionar el tema de la asistencia social porque vamos a tener chicos desnutridos y abuelos que pasen hambre\u201d.<\/strong><\/p>\n<p>En defensa de la gesti\u00f3n de\u00a0<strong>Axel Kicillof<\/strong>\u00a0y en detrimento del Gobierno nacional con relaci\u00f3n a los giros establecidos en la Ley de Coparticipaci\u00f3n, el intendente de La Matanza mencion\u00f3 que \u201clos municipios tambi\u00e9n hacemos esfuerzos en seguridad y en tecnolog\u00eda (c\u00e1maras de seguridad) porque los gobiernos provinciales no llegan con los fondos\u201d. \u201cNo podemos dejar que siga pasando y estamos de acuerdo con la reducci\u00f3n del IVA al 10%\u201d, concluy\u00f3.<\/p>\n<\/div>\n","protected":false},"excerpt":{"rendered":"<p>Ante los vocales e intendentes, la salte\u00f1a Yolanda Vega revel\u00f3 la idea de proyecto de ley que se buscar\u00e1 impulsar que tiene por objetivo bajar el IVA municipal del 21% al 10,5%. \u00abSomos los primeros en la trinchera ante las quejas de los vecinos y cada vez hay m\u00e1s demandas\u201d, alert\u00f3 Rossana Chahla. Con la &hellip;<\/p>\n","protected":false},"author":2,"featured_media":12553,"comment_status":"open","ping_status":"open","sticky":false,"template":"","format":"standard","meta":{"footnotes":""},"categories":[1636,33],"tags":[249,300,186],"class_list":["post-12552","post","type-post","status-publish","format-standard","has-post-thumbnail","hentry","category-diputados","category-nacionales","tag-diputados","tag-intendentes","tag-rossana-chahla"],"_links":{"self":[{"href":"https:\/\/cafeprensa.com.ar\/index.php\/wp-json\/wp\/v2\/posts\/12552","targetHints":{"allow":["GET"]}}],"collection":[{"href":"https:\/\/cafeprensa.com.ar\/index.php\/wp-json\/wp\/v2\/posts"}],"about":[{"href":"https:\/\/cafeprensa.com.ar\/index.php\/wp-json\/wp\/v2\/types\/post"}],"author":[{"embeddable":true,"href":"https:\/\/cafeprensa.com.ar\/index.php\/wp-json\/wp\/v2\/users\/2"}],"replies":[{"embeddable":true,"href":"https:\/\/cafeprensa.com.ar\/index.php\/wp-json\/wp\/v2\/comments?post=12552"}],"version-history":[{"count":1,"href":"https:\/\/cafeprensa.com.ar\/index.php\/wp-json\/wp\/v2\/posts\/12552\/revisions"}],"predecessor-version":[{"id":12554,"href":"https:\/\/cafeprensa.com.ar\/index.php\/wp-json\/wp\/v2\/posts\/12552\/revisions\/12554"}],"wp:featuredmedia":[{"embeddable":true,"href":"https:\/\/cafeprensa.com.ar\/index.php\/wp-json\/wp\/v2\/media\/12553"}],"wp:attachment":[{"href":"https:\/\/cafeprensa.com.ar\/index.php\/wp-json\/wp\/v2\/media?parent=12552"}],"wp:term":[{"taxonomy":"category","embeddable":true,"href":"https:\/\/cafeprensa.com.ar\/index.php\/wp-json\/wp\/v2\/categories?post=12552"},{"taxonomy":"post_tag","embeddable":true,"href":"https:\/\/cafeprensa.com.ar\/index.php\/wp-json\/wp\/v2\/tags?post=12552"}],"curies":[{"name":"wp","href":"https:\/\/api.w.org\/{rel}","templated":true}]}}