{"id":12559,"date":"2025-11-26T16:17:11","date_gmt":"2025-11-26T15:17:11","guid":{"rendered":"https:\/\/cafeprensa.com.ar\/?p=12559"},"modified":"2025-11-26T16:17:11","modified_gmt":"2025-11-26T15:17:11","slug":"piden-el-juicio-politico-al-ministro-fiscal-edmundo-jimenez","status":"publish","type":"post","link":"https:\/\/cafeprensa.com.ar\/index.php\/2025\/11\/26\/piden-el-juicio-politico-al-ministro-fiscal-edmundo-jimenez\/","title":{"rendered":"Piden el juicio pol\u00edtico al ministro fiscal, Edmundo Jim\u00e9nez"},"content":{"rendered":"<div class=\"space-y-3\">\n<div class=\"max-w-4xl\">\n<p class=\"text-3xl md:text-4xl font-bold\">Por el suicidio de Karla Robles: La madre de la joven que se quit\u00f3 la vida denunci\u00f3 que el funcionario judicial no est\u00e1 en condiciones de continuar el cargo. El relato de los hechos denunciados por Karla.<\/p>\n<\/div>\n<\/div>\n<div class=\"flex flex-col md:flex-row mt-3 gap-4 relative\">\n<div class=\"grow md:w-[856px] relative\">\n<div class=\"md:flex md:items-start md:justify-between md:gap-8 relative \">\n<div class=\"pb-7 font-thin\">\n<p class=\"text-lg\">La Legislatura deber\u00e1 tramitar un pedido de juicio pol\u00edtico contra el ministro Fiscal,\u00a0<strong>Edmundo Jim\u00e9nez<\/strong>. La presentaci\u00f3n fue formulada por\u00a0<strong>Mirta Isabel Gimenez<\/strong>, madre de\u00a0<strong>Karla Robles<\/strong>, la joven que se suicid\u00f3 por la presunta instigaci\u00f3n de su ex pareja. <strong>En el texto, solicita la destituci\u00f3n inmediata de Jim\u00e9nez por inhabilidad moral y t\u00e9cnica en el ejercicio de sus funciones, as\u00ed como en la comisi\u00f3n de graves incumplimientos en los deberes que le son inherentes al cargo.<img loading=\"lazy\" decoding=\"async\" class=\"alignnone wp-image-12457 size-large\" src=\"https:\/\/cafeprensa.com.ar\/wp-content\/uploads\/2025\/11\/Screenshot_20251120_105920_Chrome-1024x344.jpg\" alt=\"\" width=\"1024\" height=\"344\" srcset=\"https:\/\/cafeprensa.com.ar\/wp-content\/uploads\/2025\/11\/Screenshot_20251120_105920_Chrome-1024x344.jpg 1024w, https:\/\/cafeprensa.com.ar\/wp-content\/uploads\/2025\/11\/Screenshot_20251120_105920_Chrome-300x101.jpg 300w, https:\/\/cafeprensa.com.ar\/wp-content\/uploads\/2025\/11\/Screenshot_20251120_105920_Chrome-768x258.jpg 768w, https:\/\/cafeprensa.com.ar\/wp-content\/uploads\/2025\/11\/Screenshot_20251120_105920_Chrome-1536x516.jpg 1536w, https:\/\/cafeprensa.com.ar\/wp-content\/uploads\/2025\/11\/Screenshot_20251120_105920_Chrome-2048x688.jpg 2048w\" sizes=\"auto, (max-width: 1024px) 100vw, 1024px\" \/><\/strong><\/p>\n<p class=\"text-lg\">La solicitud se estructura en cargos graves que, seg\u00fan la denunciante, demuestran la incapacidad del Ministro Fiscal para seguir en el cargo. En concreto, habla de <strong>\u00abfalta de cumplimiento de los deberes inherentes a su cargo, demostrar negligencia en el ejercicio de sus funciones e incumplimiento reiterado y grave\u00a0de sus obligaciones, de actos de parcialidad manifiesta y falta de independencia, puestos de manifiesto por la observaci\u00f3n de influencias lesivas a la dignidad y autoridad de sus funciones a su cargo\u00bb.<\/strong><\/p>\n<p class=\"text-lg\">De esa manera, la madre de Karla Robles pide a la Comisi\u00f3n de Juicio Pol\u00edtico que proceda al estudio inmediato del caso, abra la etapa probatoria y eleve la acusaci\u00f3n al Tribunal de la Legislatura, para que no tengan m\u00e1s opci\u00f3n que hallar al acusado culpable de las faltas graves que se le imputan, destituirlo de su cargo y declararlo <strong>\u00abincapaz de ocupar ning\u00fan puesto de honor o a sueldo de la Provincia\u00bb<\/strong>.<\/p>\n<p class=\"text-lg\">Seg\u00fan el escrito, Karla Robles ha sido <strong>\u00absilenciada por la inacci\u00f3n del Ministerio P\u00fablico Fiscal de Tucum\u00e1n\u00bb. <\/strong>La responsabilidad, dijo la denunciante, de este \u00abfracaso institucional\u00bb recae directamente sobre el Ministro Fiscal por permitir la inoperancia de sus subordinados y omitir el control total sobre la correcta ejecuci\u00f3n de sus funciones. <strong>En la documentaci\u00f3n se precisa que desde 2022, Karla present\u00f3 m\u00faltiples denuncias formales contra su ex pareja, Diego Zerda, con pruebas que documentaban el acoso sistem\u00e1tico y el riesgo de vida inminente. Relat\u00f3 que a pesar de las pruebas, el fiscal encargado de la causa opt\u00f3 consistentemente por archivar las denuncias y desestimar las solicitudes de detenci\u00f3n, incluso cuando Zerda viol\u00f3 los per\u00edmetros impuestos.<\/strong><\/p>\n<p class=\"text-lg\">Dijo que Karla denunci\u00f3 haber sido v\u00edctima de lesiones, instigaci\u00f3n al suicidio y violaci\u00f3n de medidas judiciales, pero el MPF no tom\u00f3 ninguna medida efectiva, neg\u00e1ndole la restricci\u00f3n de acercamiento y cualquier respuesta. A\u00f1adi\u00f3 que la decisi\u00f3n final de Karla de transmitir su agon\u00eda en directo por medios digitales fue un \u00ab\u00faltimo, desesperado acto de justicia\u00bb, para forzar la reacci\u00f3n del Estado que le hab\u00eda negado la protecci\u00f3n. <strong>\u00abLas denuncias se archivaron, las pruebas se perdieron, y la Fiscal\u00eda de Decisi\u00f3n Temprana, dependiente de Jim\u00e9nez, volvi\u00f3 a hacer lo que mejor sabe: mirar para otro lado\u00bb,<\/strong> plante\u00f3.<\/p>\n<\/div>\n<\/div>\n<\/div>\n<\/div>\n","protected":false},"excerpt":{"rendered":"<p>Por el suicidio de Karla Robles: La madre de la joven que se quit\u00f3 la vida denunci\u00f3 que el funcionario judicial no est\u00e1 en condiciones de continuar el cargo. El relato de los hechos denunciados por Karla. La Legislatura deber\u00e1 tramitar un pedido de juicio pol\u00edtico contra el ministro Fiscal,\u00a0Edmundo Jim\u00e9nez. La presentaci\u00f3n fue formulada &hellip;<\/p>\n","protected":false},"author":2,"featured_media":12560,"comment_status":"open","ping_status":"open","sticky":false,"template":"","format":"standard","meta":{"footnotes":""},"categories":[47,34],"tags":[2570],"class_list":["post-12559","post","type-post","status-publish","format-standard","has-post-thumbnail","hentry","category-justicia","category-locales","tag-edmundo-jimenez"],"_links":{"self":[{"href":"https:\/\/cafeprensa.com.ar\/index.php\/wp-json\/wp\/v2\/posts\/12559","targetHints":{"allow":["GET"]}}],"collection":[{"href":"https:\/\/cafeprensa.com.ar\/index.php\/wp-json\/wp\/v2\/posts"}],"about":[{"href":"https:\/\/cafeprensa.com.ar\/index.php\/wp-json\/wp\/v2\/types\/post"}],"author":[{"embeddable":true,"href":"https:\/\/cafeprensa.com.ar\/index.php\/wp-json\/wp\/v2\/users\/2"}],"replies":[{"embeddable":true,"href":"https:\/\/cafeprensa.com.ar\/index.php\/wp-json\/wp\/v2\/comments?post=12559"}],"version-history":[{"count":1,"href":"https:\/\/cafeprensa.com.ar\/index.php\/wp-json\/wp\/v2\/posts\/12559\/revisions"}],"predecessor-version":[{"id":12561,"href":"https:\/\/cafeprensa.com.ar\/index.php\/wp-json\/wp\/v2\/posts\/12559\/revisions\/12561"}],"wp:featuredmedia":[{"embeddable":true,"href":"https:\/\/cafeprensa.com.ar\/index.php\/wp-json\/wp\/v2\/media\/12560"}],"wp:attachment":[{"href":"https:\/\/cafeprensa.com.ar\/index.php\/wp-json\/wp\/v2\/media?parent=12559"}],"wp:term":[{"taxonomy":"category","embeddable":true,"href":"https:\/\/cafeprensa.com.ar\/index.php\/wp-json\/wp\/v2\/categories?post=12559"},{"taxonomy":"post_tag","embeddable":true,"href":"https:\/\/cafeprensa.com.ar\/index.php\/wp-json\/wp\/v2\/tags?post=12559"}],"curies":[{"name":"wp","href":"https:\/\/api.w.org\/{rel}","templated":true}]}}