{"id":12562,"date":"2025-11-26T16:38:28","date_gmt":"2025-11-26T15:38:28","guid":{"rendered":"https:\/\/cafeprensa.com.ar\/?p=12562"},"modified":"2025-11-26T16:38:28","modified_gmt":"2025-11-26T15:38:28","slug":"como-funciona-la-arquitectura-de-la-impunidad-en-tucuman","status":"publish","type":"post","link":"https:\/\/cafeprensa.com.ar\/index.php\/2025\/11\/26\/como-funciona-la-arquitectura-de-la-impunidad-en-tucuman\/","title":{"rendered":"C\u00f3mo funciona la arquitectura de la impunidad en Tucum\u00e1n"},"content":{"rendered":"<div class=\"the-post-header s-head-modern s-head-modern-a has-share-meta-right\">\n<div class=\"post-meta post-meta-a post-meta-left post-meta-single has-below\">\n<div class=\"meta-below-has-right\">\n<div class=\"post-share post-share-b spc-social-colors  post-share-b3 post-share-b-circles post-share-b3-circles\"><em>El poder sin control del ministro fiscal Edmundo \u201cPirincho\u201d Jim\u00e9nez y el sistema de premios y castigos dentro del Ministerio P\u00fablico. <\/em><strong>El jefe de los fiscales penales de Tucum\u00e1n, Edmundo Jim\u00e9nez, concentra un poder pocas veces visto en la Justicia provincial. A sus 81 a\u00f1os, el ministro fiscal maneja a discreci\u00f3n el destino de los fiscales y auxiliares del Ministerio P\u00fablico:<\/strong> dispone traslados, reestructuraciones y rotaciones que funcionan como un sistema de premios y castigos, seg\u00fan su voluntad.<\/div>\n<\/div>\n<\/div>\n<\/div>\n<div class=\"the-post s-post-modern\">\n<article id=\"post-81034\" class=\"post-81034 post type-post status-publish format-standard has-post-thumbnail category-tucuman category-z4-destacada\">\n<div class=\"post-content-wrap has-share-float\">\n<div class=\"post-content cf entry-content content-spacious\">\n<p><strong>Una estructura hecha a medida<\/strong><\/p>\n<p>La arquitectura de la impunidad en Tucum\u00e1n no es producto del azar. Fue dise\u00f1ada y consolidada durante a\u00f1os por Jim\u00e9nez, quien logr\u00f3 que la Legislatura aprobara una reforma del C\u00f3digo Procesal Penal que le otorg\u00f3 a\u00fan m\u00e1s margen de maniobra. <strong>Desde el 1\u00b0 de septiembre de 2020, Tucum\u00e1n funciona con un doble sistema judicial: el viejo modelo \u201cconclusional\u201d, para causas anteriores, y el nuevo sistema adversarial, que divide a los fiscales en unidades especializadas por tipo de delito.<\/strong><\/p>\n<p>En teor\u00eda, esa segmentaci\u00f3n deb\u00eda mejorar la eficiencia y la especializaci\u00f3n. En la pr\u00e1ctica, Jim\u00e9nez mueve las piezas del tablero a su antojo. <strong>Hoy existen 18 unidades fiscales, casi el doble que en 2003, cuando eran apenas 10. Hay fiscal\u00edas de homicidios, robos y hurtos, delitos sexuales, usurpaciones, estafas, narcomenudeo, delitos complejos, criminal, ejecuci\u00f3n y decisi\u00f3n temprana. Pero la especializaci\u00f3n dura lo que decida su jefe.<\/strong><\/p>\n<p><strong>El caso de Karla Robles desnud\u00f3 los manejos internos de Pirincho Jim\u00e9nez.<\/strong> Al principio, la causa la llevaba la unidad fiscal contra la integridad de las personas, que ya desapareci\u00f3 y los legajos que se tramitaban all\u00ed fueron redistribuidas entre los otros despachos.<\/p>\n<p><strong>Premios, castigos y traslados<\/strong><\/p>\n<p>El poder de Jim\u00e9nez no requiere controles externos. Puede modificar el organigrama sin consultar a la Corte Suprema ni a ning\u00fan otro poder del Estado. <strong>De un d\u00eda para otro, un fiscal puede cambiar de oficina y de materia, simplemente por un capricho. Quienes no acatan sus \u00f3rdenes pueden terminar \u201cdesterrados\u201d a los centros judiciales de Monteros o Concepci\u00f3n. <\/strong>El caso de la fiscal Eugenia Posse es paradigm\u00e1tico. Fue la primera en investigar la violaci\u00f3n en manada de cuatro ex jugadores de V\u00e9lez Sarsfield. Hoy est\u00e1 en Monteros. La causa, en cambio, qued\u00f3 en manos de Adriana Reinoso Cuello, una funcionaria cercana a Jim\u00e9nez, que tiene el expediente desde hace 19 meses sin elevarlo a juicio. El caso, mientras tanto, est\u00e1 empantanado en la burocracia judicial.<img loading=\"lazy\" decoding=\"async\" class=\"alignnone wp-image-12563 size-full\" src=\"https:\/\/cafeprensa.com.ar\/wp-content\/uploads\/2025\/11\/818x460_221124101156_53697.jpg\" alt=\"\" width=\"818\" height=\"460\" srcset=\"https:\/\/cafeprensa.com.ar\/wp-content\/uploads\/2025\/11\/818x460_221124101156_53697.jpg 818w, https:\/\/cafeprensa.com.ar\/wp-content\/uploads\/2025\/11\/818x460_221124101156_53697-300x169.jpg 300w, https:\/\/cafeprensa.com.ar\/wp-content\/uploads\/2025\/11\/818x460_221124101156_53697-768x432.jpg 768w, https:\/\/cafeprensa.com.ar\/wp-content\/uploads\/2025\/11\/818x460_221124101156_53697-390x220.jpg 390w\" sizes=\"auto, (max-width: 818px) 100vw, 818px\" \/><\/p>\n<p><strong>Los auxiliares fiscales: la cara invisible del sistema<\/strong><\/p>\n<p>Si el panorama de los fiscales es discrecional, el de los auxiliares fiscales es directamente precario.<br \/>\nMuchos cumplen funciones id\u00e9nticas a las de un fiscal, pero sin estabilidad y sin la remuneraci\u00f3n correspondiente.<\/p>\n<p>Algunos comenzaron con rango de secretarios; otros ingresan con designaciones anuales que se renuevan \u2014o no\u2014 seg\u00fan la voluntad de Jim\u00e9nez.<\/p>\n<p>\u201cIgual trabajo, distinto salario\u201d parece ser la regla no escrita dentro del Ministerio P\u00fablico.<\/p>\n<p><strong>La inamovilidad, un privilegio selectivo<\/strong><\/p>\n<p>Mientras tanto, la Legislatura \u2014con mayor\u00eda del PJ\u2014 se encarg\u00f3 de blindar la inamovilidad de jueces y fiscales titulares, protegiendo as\u00ed a quienes integran la estructura de poder judicial.<\/p>\n<p>Parad\u00f3jicamente, esa misma inamovilidad fue el argumento con el que el gobernador Osvaldo Jaldo desisti\u00f3 de jubilar a funcionarios mayores de 70 a\u00f1os.<\/p>\n<p>Entre los beneficiados est\u00e1 el propio Edmundo \u201cPirincho\u201d Jim\u00e9nez, que a sus 81 a\u00f1os contin\u00faa moviendo los hilos de la Justicia tucumana desde el Ministerio P\u00fablico Fiscal.<\/p>\n<p><strong>Un poder sin control<\/strong><\/p>\n<p><em><strong>La reestructuraci\u00f3n permanente del Ministerio P\u00fablico, los traslados arbitrarios y la precariedad laboral de los auxiliares conforman un esquema funcional a la concentraci\u00f3n de poder. <\/strong><\/em><\/p>\n<p><em><strong>Un sistema dise\u00f1ado para garantizar lealtades, disciplinar a los d\u00edscolos y mantener el control pol\u00edtico y judicial en manos de un solo hombre.<\/strong><\/em><\/p>\n<p><em><strong>Una verdadera arquitectura de la impunidad, cuidadosamente construida y sostenida durante m\u00e1s de dos d\u00e9cadas.<\/strong><\/em><\/p>\n<div class=\"wp-block-post-author__avatar\"><img loading=\"lazy\" decoding=\"async\" class=\"avatar avatar-48 photo entered lazyloaded\" src=\"https:\/\/secure.gravatar.com\/avatar\/dc9f4426dc237966fe17a26bf881409f9e7c6e11ac49e3c7113a5909cc1b13b2?s=48&amp;d=mm&amp;r=g\" srcset=\"https:\/\/secure.gravatar.com\/avatar\/dc9f4426dc237966fe17a26bf881409f9e7c6e11ac49e3c7113a5909cc1b13b2?s=96&amp;d=mm&amp;r=g 2x\" alt=\"\" width=\"37\" height=\"37\" data-lazy-srcset=\"https:\/\/secure.gravatar.com\/avatar\/dc9f4426dc237966fe17a26bf881409f9e7c6e11ac49e3c7113a5909cc1b13b2?s=96&amp;d=mm&amp;r=g 2x\" data-lazy-src=\"https:\/\/secure.gravatar.com\/avatar\/dc9f4426dc237966fe17a26bf881409f9e7c6e11ac49e3c7113a5909cc1b13b2?s=48&amp;d=mm&amp;r=g\" data-ll-status=\"loaded\" \/><strong>Jos\u00e9 Sbrocco<\/strong><\/div>\n<\/div>\n<\/div>\n<\/article>\n<\/div>\n","protected":false},"excerpt":{"rendered":"<p>El poder sin control del ministro fiscal Edmundo \u201cPirincho\u201d Jim\u00e9nez y el sistema de premios y castigos dentro del Ministerio P\u00fablico. El jefe de los fiscales penales de Tucum\u00e1n, Edmundo Jim\u00e9nez, concentra un poder pocas veces visto en la Justicia provincial. A sus 81 a\u00f1os, el ministro fiscal maneja a discreci\u00f3n el destino de los &hellip;<\/p>\n","protected":false},"author":2,"featured_media":12564,"comment_status":"open","ping_status":"open","sticky":false,"template":"","format":"standard","meta":{"footnotes":""},"categories":[54,47],"tags":[2698],"class_list":["post-12562","post","type-post","status-publish","format-standard","has-post-thumbnail","hentry","category-interes-ganeral","category-justicia","tag-edmundo-pirincho-jimenez"],"_links":{"self":[{"href":"https:\/\/cafeprensa.com.ar\/index.php\/wp-json\/wp\/v2\/posts\/12562","targetHints":{"allow":["GET"]}}],"collection":[{"href":"https:\/\/cafeprensa.com.ar\/index.php\/wp-json\/wp\/v2\/posts"}],"about":[{"href":"https:\/\/cafeprensa.com.ar\/index.php\/wp-json\/wp\/v2\/types\/post"}],"author":[{"embeddable":true,"href":"https:\/\/cafeprensa.com.ar\/index.php\/wp-json\/wp\/v2\/users\/2"}],"replies":[{"embeddable":true,"href":"https:\/\/cafeprensa.com.ar\/index.php\/wp-json\/wp\/v2\/comments?post=12562"}],"version-history":[{"count":1,"href":"https:\/\/cafeprensa.com.ar\/index.php\/wp-json\/wp\/v2\/posts\/12562\/revisions"}],"predecessor-version":[{"id":12565,"href":"https:\/\/cafeprensa.com.ar\/index.php\/wp-json\/wp\/v2\/posts\/12562\/revisions\/12565"}],"wp:featuredmedia":[{"embeddable":true,"href":"https:\/\/cafeprensa.com.ar\/index.php\/wp-json\/wp\/v2\/media\/12564"}],"wp:attachment":[{"href":"https:\/\/cafeprensa.com.ar\/index.php\/wp-json\/wp\/v2\/media?parent=12562"}],"wp:term":[{"taxonomy":"category","embeddable":true,"href":"https:\/\/cafeprensa.com.ar\/index.php\/wp-json\/wp\/v2\/categories?post=12562"},{"taxonomy":"post_tag","embeddable":true,"href":"https:\/\/cafeprensa.com.ar\/index.php\/wp-json\/wp\/v2\/tags?post=12562"}],"curies":[{"name":"wp","href":"https:\/\/api.w.org\/{rel}","templated":true}]}}