{"id":12577,"date":"2025-11-29T14:43:32","date_gmt":"2025-11-29T13:43:32","guid":{"rendered":"https:\/\/cafeprensa.com.ar\/?p=12577"},"modified":"2025-11-29T14:43:32","modified_gmt":"2025-11-29T13:43:32","slug":"buscan-extender-el-blindaje-financiero-a-la-sat","status":"publish","type":"post","link":"https:\/\/cafeprensa.com.ar\/index.php\/2025\/11\/29\/buscan-extender-el-blindaje-financiero-a-la-sat\/","title":{"rendered":"Buscan extender el blindaje financiero a la SAT"},"content":{"rendered":"<div class=\"space-y-3\">\n<div class=\"max-w-4xl\">\n<p class=\"text-3xl md:text-4xl font-bold\">Luego de recibir, en lo que va del a\u00f1o, m\u00e1s de $1.700 millones. El oficialismo propuso una nueva pr\u00f3rroga a la Ley 9062 que mantendr\u00eda a la Sociedad Aguas del Tucum\u00e1n exceptuada del control estricto de la Ley de Administraci\u00f3n Financiera, a pesar de los m\u00e1s de $11.000 millones recibidos a lo largo de los \u00faltimos ocho a\u00f1os y el presunto \u00abautofinanciamiento\u00bb de la empresa.<\/p>\n<\/div>\n<\/div>\n<div class=\"flex flex-col md:flex-row mt-3 gap-4 relative\">\n<div class=\"grow md:w-[856px] relative\">\n<div>\n<div class=\"relative -top-2\"><img loading=\"lazy\" decoding=\"async\" class=\"rounded w-full\" src=\"https:\/\/res.cloudinary.com\/dut4yhfgk\/image\/upload\/c_limit,h_630,q_auto:best,w_1200\/v1764355832\/Noticias\/politica\/buscan-extender-el-blindaje-financiero-a-la-sat-luego-de-recibir-en-lo-que-va-del-ano-mas-de-1700-millones\/jq5nh02hklapfchjgaiy.jpg\" alt=\"Buscan extender el blindaje financiero a la SAT luego de recibir, en lo que va del a\u00f1o, m\u00e1s de $1.700 millones\" width=\"856\" height=\"422\" data-nimg=\"1\" \/><\/div>\n<\/div>\n<div class=\"md:flex md:items-start md:justify-between md:gap-8 relative \">\n<div class=\"pb-7 font-thin\">\n<p class=\"text-lg\">Una propuesta legislativa presentada por 14 parlamentarios del oficialismo, encabezados por el titular de la bancada del PJ en la C\u00e1mara,<strong>\u00a0Roque Tob\u00edas \u00c1lvarez<\/strong>, busca modificar la Ley 9062 para extender hasta diciembre de 2026 la facultad del Poder Ejecutivo Provincial (PE) de otorgar Aportes Financieros No Reintegrables (AFNR) a la Sociedad Aguas del Tucum\u00e1n SAPEM (SAT). Estos fondos se destinan a financiar obras, infraestructura, inversiones y adquisici\u00f3n de equipamiento esenciales para la prestaci\u00f3n de los servicios a su cargo.<\/p>\n<p class=\"text-lg\">El punto m\u00e1s relevante de la iniciativa es la pr\u00f3rroga hasta fines del otro a\u00f1o de lo dispuesto en el Art\u00edculo 2 de la norma en cuesti\u00f3n, donde se except\u00faa a la SAT de las disposiciones establecidas en el Art\u00edculo 204 de la Ley N\u00b0 6970 (de Administraci\u00f3n Financiera), el cual proh\u00edbe a las entidades del sector p\u00fablico realizar aportes o transferencias a empresas y sociedades del Estado cuyo presupuesto no est\u00e9 aprobado en los t\u00e9rminos de la misma ley, un requisito que tambi\u00e9n es imprescindible para operaciones de cr\u00e9dito p\u00fablico.<\/p>\n<p>&#8212;&#8212;&#8212;&#8212;&#8212;&#8212;&#8212;&#8212;&#8212;&#8212;&#8212;&#8212;&#8212;&#8212;&#8212;&#8212;&#8212;&#8212;&#8212;&#8212;&#8212;&#8212;&#8212;&#8212;&#8212;&#8212;&#8212;&#8212;&#8212;&#8212;&#8212;&#8212;&#8212;&#8212;&#8212;&#8212;&#8212;&#8212;&#8212;&#8212;&#8212;&#8211;<\/p>\n<p><img loading=\"lazy\" decoding=\"async\" class=\"alignnone wp-image-12579 size-medium\" src=\"https:\/\/cafeprensa.com.ar\/wp-content\/uploads\/2025\/11\/SANTA-ANA-TUCUMAN-1-300x135.jpg\" alt=\"\" width=\"300\" height=\"135\" srcset=\"https:\/\/cafeprensa.com.ar\/wp-content\/uploads\/2025\/11\/SANTA-ANA-TUCUMAN-1-300x135.jpg 300w, https:\/\/cafeprensa.com.ar\/wp-content\/uploads\/2025\/11\/SANTA-ANA-TUCUMAN-1-768x347.jpg 768w, https:\/\/cafeprensa.com.ar\/wp-content\/uploads\/2025\/11\/SANTA-ANA-TUCUMAN-1.jpg 780w\" sizes=\"auto, (max-width: 300px) 100vw, 300px\" \/><\/p>\n<p>&#8212;&#8212;&#8212;&#8212;&#8212;&#8212;&#8212;&#8212;&#8212;&#8212;&#8212;&#8212;&#8212;&#8212;&#8212;&#8212;&#8212;&#8212;&#8212;&#8212;&#8212;&#8212;&#8212;&#8212;&#8212;&#8212;&#8212;&#8212;&#8212;&#8212;&#8212;&#8212;&#8212;&#8212;&#8212;&#8212;&#8212;&#8212;&#8212;&#8212;&#8212;&#8211;<strong>Dado que la SAT no proyecta sus gastos en el Presupuesto General de la Provincia, la sanci\u00f3n original de la Ley 9062 fue la v\u00eda legal que encontr\u00f3 el Poder Ejecutivo hace ocho a\u00f1os para garantizar el flujo de fondos necesarios para que la empresa pudiera concretar trabajos h\u00eddricos, cloacales y de saneamiento ante la deficiente prestaci\u00f3n que registraba.<\/strong><\/p>\n<p class=\"text-lg\">La norma actual permite al PE realizar aportes no reintegrables a la SAT por el monto contemplado en las previsiones presupuestarias de cada ejercicio, una facultad que el nuevo proyecto de \u00c1lvarez y el bloque oficialista pretende ampliar esta previsi\u00f3n por un a\u00f1o m\u00e1s.<\/p>\n<blockquote><p><strong>Cifras<\/strong><\/p><\/blockquote>\n<p class=\"text-lg\">El proyecto de extensi\u00f3n se da en un contexto de significativos desembolsos por parte del Ejecutivo hacia la empresa de agua y saneamiento. De acuerdo con los decretos publicados en el Bolet\u00edn Oficial de la Provincia, la SAT percibi\u00f3 en lo que va de este a\u00f1o la suma total de $1.756,2 millones en concepto de estos aportes no reintegrables. <strong>La principal partida de este a\u00f1o, que asciende a $625,2 millones, fue destinada espec\u00edficamente a dos obras clave de infraestructura: \u00abRenovaci\u00f3n de Red Cloacal en calle Belgrano entre Lucas C\u00f3rdoba y RN N\u00b0 38\u00bb y \u00abRenovaci\u00f3n de Red Cloacal en Av. L\u00eddoro Quinteros entre Av. Campero y Av. Ter\u00e1n\u00bb.<\/strong><\/p>\n<p class=\"text-lg\">Con estas cifras, el monto total recibido por la Sociedad Aguas del Tucum\u00e1n por parte del gobierno, a lo largo de los \u00faltimos ocho a\u00f1os,<strong> supera los $11.706 millones.<\/strong><\/p>\n<p><img decoding=\"async\" class=\"max-w-full h-auto object-contain\" title=\"caponio jaldo sat.jpeg\" src=\"https:\/\/res.cloudinary.com\/dut4yhfgk\/image\/upload\/c_limit,h_630,q_auto:best,w_1200\/v1764355763\/Noticias\/general\/imagen-contenido\/content\/content-image-caponio%20-1764355762608.jpg\" alt=\"caponio jaldo sat.jpeg\" \/><strong><em>Marcelo Caponio, titular de la SAT, junto al gobernador Osvaldo Jaldo.<\/em><\/strong><\/p>\n<p class=\"text-lg\">Parad\u00f3jicamente, la solicitud de pr\u00f3rroga ocurre cuando el presidente de la SAT,\u00a0<strong>Marcelo Caponio<\/strong>, destacara un proceso de reestructuraci\u00f3n que, seg\u00fan sus palabras, posibilit\u00f3 el autofinanciamiento de la empresa.<strong> \u00abRealmente, en un a\u00f1o de funcionamiento de esta empresa (desde que asumi\u00f3 Caponio), no solamente hemos tomado decisiones pol\u00edticas, sino que se la ha reorganizado financieramente, por lo que hoy la SAT recauda los fondos necesarios para pagar los sueldos de los empleados, para garantizar el funcionamiento interno y para hacer obras. Es una Sociedad que se autofinancia con recursos propios de la empresa, que ha dado un verdadero giro y demostr\u00f3 que el servicio de calidad para los tucumanos es posible\u00bb,<\/strong> sostuvo el funcionario jaldista.<\/p>\n<p class=\"text-lg\">La nueva iniciativa deber\u00e1 ser debatida en la Legislatura, donde ser\u00e1 avalada por el peso del oficialismo, pero nuevamente se pone en la balanza la necesidad de sostener la inversi\u00f3n en infraestructura h\u00eddrica versus la conveniencia de mantener a la SAT bajo un r\u00e9gimen de excepci\u00f3n que la exime de un control financiero m\u00e1s riguroso.<\/p>\n<div class=\"relative\">\n<div class=\"w-12 h-12 rounded-full bg-gradient-to-r from-[#423b8b] via-[#423b8bd9] to-[#423b8bb3] p-0.5 m-0.5\">\n<div class=\"w-full h-full rounded-full bg-background flex items-center justify-center\"><img loading=\"lazy\" decoding=\"async\" class=\"rounded-full object-cover p-[2px]\" src=\"https:\/\/res.cloudinary.com\/dut4yhfgk\/image\/upload\/ar_1:1,c_auto,h_100,q_100,w_100\/v1760048499\/Administradores\/redactor\/enuncjzd5mfjiebpghng.jpg\" alt=\"Avatar de Gabriel Toledo\" width=\"36\" height=\"36\" data-nimg=\"1\" \/><b class=\"text-foreground capitalize text-sm leading-tight\" style=\"font-size: 8pt;\">Gabriel Toledo-<\/b><span class=\"text-muted-foreground text-xs mt-1\" style=\"font-size: 8pt;\">Tendencia de noticias<\/span><\/div>\n<\/div>\n<\/div>\n<\/div>\n<\/div>\n<\/div>\n<\/div>\n","protected":false},"excerpt":{"rendered":"<p>Luego de recibir, en lo que va del a\u00f1o, m\u00e1s de $1.700 millones. El oficialismo propuso una nueva pr\u00f3rroga a la Ley 9062 que mantendr\u00eda a la Sociedad Aguas del Tucum\u00e1n exceptuada del control estricto de la Ley de Administraci\u00f3n Financiera, a pesar de los m\u00e1s de $11.000 millones recibidos a lo largo de los &hellip;<\/p>\n","protected":false},"author":2,"featured_media":12578,"comment_status":"open","ping_status":"open","sticky":false,"template":"","format":"standard","meta":{"footnotes":""},"categories":[1611,34],"tags":[619,2699],"class_list":["post-12577","post","type-post","status-publish","format-standard","has-post-thumbnail","hentry","category-legislatura-de-tucuman","category-locales","tag-sat","tag-sociedad-aguas-del-tucuman"],"_links":{"self":[{"href":"https:\/\/cafeprensa.com.ar\/index.php\/wp-json\/wp\/v2\/posts\/12577","targetHints":{"allow":["GET"]}}],"collection":[{"href":"https:\/\/cafeprensa.com.ar\/index.php\/wp-json\/wp\/v2\/posts"}],"about":[{"href":"https:\/\/cafeprensa.com.ar\/index.php\/wp-json\/wp\/v2\/types\/post"}],"author":[{"embeddable":true,"href":"https:\/\/cafeprensa.com.ar\/index.php\/wp-json\/wp\/v2\/users\/2"}],"replies":[{"embeddable":true,"href":"https:\/\/cafeprensa.com.ar\/index.php\/wp-json\/wp\/v2\/comments?post=12577"}],"version-history":[{"count":1,"href":"https:\/\/cafeprensa.com.ar\/index.php\/wp-json\/wp\/v2\/posts\/12577\/revisions"}],"predecessor-version":[{"id":12580,"href":"https:\/\/cafeprensa.com.ar\/index.php\/wp-json\/wp\/v2\/posts\/12577\/revisions\/12580"}],"wp:featuredmedia":[{"embeddable":true,"href":"https:\/\/cafeprensa.com.ar\/index.php\/wp-json\/wp\/v2\/media\/12578"}],"wp:attachment":[{"href":"https:\/\/cafeprensa.com.ar\/index.php\/wp-json\/wp\/v2\/media?parent=12577"}],"wp:term":[{"taxonomy":"category","embeddable":true,"href":"https:\/\/cafeprensa.com.ar\/index.php\/wp-json\/wp\/v2\/categories?post=12577"},{"taxonomy":"post_tag","embeddable":true,"href":"https:\/\/cafeprensa.com.ar\/index.php\/wp-json\/wp\/v2\/tags?post=12577"}],"curies":[{"name":"wp","href":"https:\/\/api.w.org\/{rel}","templated":true}]}}