{"id":12702,"date":"2025-12-08T14:23:43","date_gmt":"2025-12-08T13:23:43","guid":{"rendered":"https:\/\/cafeprensa.com.ar\/?p=12702"},"modified":"2025-12-08T14:26:34","modified_gmt":"2025-12-08T13:26:34","slug":"chau-cristina","status":"publish","type":"post","link":"https:\/\/cafeprensa.com.ar\/index.php\/2025\/12\/08\/chau-cristina\/","title":{"rendered":"Chau Cristina!!"},"content":{"rendered":"<div class=\"et_post_meta_wrapper\">\n<p class=\"entry-title\">La salida de Noguera y otros cuatro diputados de Uni\u00f3n por la Patria le asegur\u00f3 la primera minor\u00eda al bloque de Milei. <strong>El gobernador catamarque\u00f1o Ra\u00fal Jalil deton\u00f3 finalmente la unidad del peronismo en Diputados y dej\u00f3 a Uni\u00f3n por la Patria (UP) m\u00e1s que complicado con la retenci\u00f3n de la primera minor\u00eda, luego de que tres legisladores de esa provincia pegaran el portazo. En forma paralela, La Libertad Avanza (LLA) sum\u00f3 un integrante, el entrerriano frigerista Francisco Morchio, lo que llev\u00f3 al bloque oficialista a contabilizar 95 bancas y relegar por solo un esca\u00f1o al PJ en la C\u00e1mara baja.\u00a0<img loading=\"lazy\" decoding=\"async\" class=\"alignnone wp-image-12704 size-full\" src=\"https:\/\/cafeprensa.com.ar\/wp-content\/uploads\/2025\/12\/intendente-1.png\" alt=\"\" width=\"768\" height=\"512\" srcset=\"https:\/\/cafeprensa.com.ar\/wp-content\/uploads\/2025\/12\/intendente-1.png 768w, https:\/\/cafeprensa.com.ar\/wp-content\/uploads\/2025\/12\/intendente-1-300x200.png 300w\" sizes=\"auto, (max-width: 768px) 100vw, 768px\" \/><\/strong><\/p>\n<\/div>\n<div class=\"entry-content\">\n<p><strong>Anteriormente, el tucumano Javier Noguera hab\u00eda dejado Uni\u00f3n por la Patria, para sumarse al bloque Independencia.<\/strong>El diputado Morchio, quien responde al gobernador Rogelio Frigerio, anticip\u00f3 su pase al bloque de LLA para romper con el empate con UP, clavado en 94 miembros cada uno. El legislador integraba las filas de Encuentro Federal, que preside Miguel Pichetto, pero el mandatario entrerriano le pidi\u00f3 que pase a las filas libertarias.<\/p>\n<p>&#8212;&#8212;&#8212;&#8212;&#8212;&#8212;&#8212;&#8212;&#8212;&#8212;&#8212;&#8212;&#8212;&#8212;&#8212;&#8212;&#8212;&#8212;&#8212;&#8212;&#8212;&#8212;&#8212;&#8212;&#8212;&#8212;&#8212;&#8212;&#8212;&#8212;&#8212;&#8212;&#8212;&#8212;&#8212;&#8212;&#8212;&#8212;&#8212;&#8212;&#8212;&#8211;<img loading=\"lazy\" decoding=\"async\" class=\"alignnone wp-image-12636 size-full\" src=\"https:\/\/cafeprensa.com.ar\/wp-content\/uploads\/2025\/12\/GIF-PLANDIC-970X90.gif\" alt=\"\" width=\"970\" height=\"90\" \/><\/p>\n<p>El jefe del bloque de LLA, Gabriel Bornoroni, le dio la bienvenida a Morchio. <strong>\u201cCon tu aporte valioso, estar\u00edamos alcanzando la primera minor\u00eda, lo que nos permitir\u00e1 seguir impulsando con fuerza las ideas de la libertad, dejando atr\u00e1s el populismo kirchnerista que tanto da\u00f1o le ha hecho a nuestro pa\u00eds\u201d<\/strong>, sostuvo. El presidente Javier Milei lo retuite\u00f3, a modo de festejo pol\u00edtico.<\/p>\n<p>En el peronismo el movimiento fue quir\u00fargico: el portazo irrumpi\u00f3 en plena cumbre del PJ previa a la sesi\u00f3n preparatoria de este mi\u00e9rcoles, en la que se votar\u00e1n cargos internos y el reparto de las comisiones.<\/p>\n<p>Jalil retir\u00f3 a tres de sus cuatro representantes: <strong>Fernanda \u00c1vila, Sebasti\u00e1n N\u00f3blega y el diputado electo Fernando Monguillot, quienes integrar\u00e1n un nuevo bloque, \u201cElijo Catamarca\u201d, alineado con los gobernadores del Norte Grande que se distanciaron de la conducci\u00f3n de Cristina Kirchner y cuestionan la centralidad del AMBA en la agenda pol\u00edtica. Entre ellos, los mandatarios Gustavo S\u00e1enz (Salta), Osvaldo Jaldo (Tucum\u00e1n) y Hugo Passalacqua (Misiones).<\/strong><\/p>\n<p>En esta din\u00e1mica tambi\u00e9n juega el santiague\u00f1o Gerardo Zamora, que todav\u00eda no defini\u00f3 si permanecer\u00e1 o retirar\u00e1 a sus siete diputados y tres senadores de UP. Zamora fue el anfitri\u00f3n de la \u00faltima cumbre del Norte Grande en la que Jalil asumi\u00f3 la presidencia del grupo.<\/p>\n<p>Los gobernadores definieron sus prioridades. El documento final del encuentro ratific\u00f3 \u201cel di\u00e1logo permanente como regi\u00f3n hacia una agenda com\u00fan\u201d y el compromiso de \u201ctrabajar en conjunto por nuestros intereses regionales y federales\u201d. \u201cEstamos construyendo una regi\u00f3n del Norte Grande m\u00e1s unida, con m\u00e1s presencia federal y mejores oportunidades para nuestra gente\u201d, celebr\u00f3 Jalil en X.<\/p>\n<p><strong>El Gobierno le ofreci\u00f3 a Jalil, adem\u00e1s, el traspaso de YMAD ?una empresa minera con caja propia? a la \u00f3rbita provincial.<\/strong><\/p>\n<p>La \u00fanica catamarque\u00f1a que permanecer\u00e1 en UP ser\u00e1 la diputada electa Claudia Palladino. \u201cLa retuvo Luc\u00eda Corpacci\u201d, deslizaron cerca del gobernador. La exmandataria provincial y actual senadora, aliada hist\u00f3rica de Cristina Kirchner, conserva un peso propio que Jalil ya no reconoce.<\/p>\n<p>En el Senado, Guillermo Andrada, aliado de Jalil, ya funciona en un espacio diferente al kirchnerismo junto a la juje\u00f1a Carolina Mois\u00e9s, el riojano Fernado Rejal y el puntano Fernando Salino. Su bloque es \u201cConvicci\u00f3n Federal\u201d.<\/p>\n<p>Es que el cuestionamiento al liderazgo kirchnerista se extendi\u00f3 a otros distritos. En San Luis, el diputado electo Jorge \u201cGato\u201d Fern\u00e1ndez adelant\u00f3 que no se sumar\u00e1 a UP. <strong>\u201cEse espacio no me identifica: se ha kirchnerizado y no lo comparto\u201d, dijo a medios locales. Fiel a Alberto Rodr\u00edguez Sa\u00e1, compiti\u00f3 con el sello Frente Justicialista y confirm\u00f3 que, de cara al 10 de diciembre, trabaja una estrategia conjunta con Ernesto \u201cPipi\u201d<\/strong> Al\u00ed, otro dirigente alineado a Rodr\u00edguez Sa\u00e1. Al\u00ed, por ahora, no rompi\u00f3. Con su salida, LLA se alzar\u00eda con la etiqueta de la fuerza m\u00e1s voluminosa de la C\u00e1mara.<\/p>\n<p>Mientras el peronismo pierde referentes, LLA los acumula. En la \u00faltima semana, sum\u00f3 a la santafesina Ver\u00f3nica Razzini y al diputado de Pro Alejandro Bongiovanni. <strong>El avance entusiasma al presidente de la C\u00e1mara baja, Mart\u00edn Menem, y a la jefa del bloque oficialista en el Senado, Patricia Bullrich, decididos a arrebatarle al PJ la primera minor\u00eda. A esas incorporaciones se sumar\u00e1 un movimiento clave: Silvia Lospennato confirm\u00f3 que migrar\u00e1 a la Legislatura porte\u00f1a. Su salida habilita el ingreso de la bullrichista Lorena Petrovich, quien ya anticip\u00f3 que acompa\u00f1ar\u00e1 a los libertarios.<\/strong> Con ese reemplazo, LLA consolidar\u00eda su posici\u00f3n y podr\u00eda imponerse en la batalla por el primer lugar del tablero parlamentario.<\/p>\n<p><strong>Fuente; https:\/\/elojodelpoder.news\/la-salida-de-noguera-y-otros-cuatro-diputados-de-union-por-la-patria-le-aseguro-la-primera-minoria-al-bloque-de-milei\/<\/strong><\/p>\n<\/div>\n","protected":false},"excerpt":{"rendered":"<p>La salida de Noguera y otros cuatro diputados de Uni\u00f3n por la Patria le asegur\u00f3 la primera minor\u00eda al bloque de Milei. El gobernador catamarque\u00f1o Ra\u00fal Jalil deton\u00f3 finalmente la unidad del peronismo en Diputados y dej\u00f3 a Uni\u00f3n por la Patria (UP) m\u00e1s que complicado con la retenci\u00f3n de la primera minor\u00eda, luego de &hellip;<\/p>\n","protected":false},"author":2,"featured_media":12703,"comment_status":"open","ping_status":"open","sticky":false,"template":"","format":"standard","meta":{"footnotes":""},"categories":[33,25],"tags":[916,1098],"class_list":["post-12702","post","type-post","status-publish","format-standard","has-post-thumbnail","hentry","category-nacionales","category-politica","tag-camara-de-diputados","tag-javier-noguera"],"_links":{"self":[{"href":"https:\/\/cafeprensa.com.ar\/index.php\/wp-json\/wp\/v2\/posts\/12702","targetHints":{"allow":["GET"]}}],"collection":[{"href":"https:\/\/cafeprensa.com.ar\/index.php\/wp-json\/wp\/v2\/posts"}],"about":[{"href":"https:\/\/cafeprensa.com.ar\/index.php\/wp-json\/wp\/v2\/types\/post"}],"author":[{"embeddable":true,"href":"https:\/\/cafeprensa.com.ar\/index.php\/wp-json\/wp\/v2\/users\/2"}],"replies":[{"embeddable":true,"href":"https:\/\/cafeprensa.com.ar\/index.php\/wp-json\/wp\/v2\/comments?post=12702"}],"version-history":[{"count":3,"href":"https:\/\/cafeprensa.com.ar\/index.php\/wp-json\/wp\/v2\/posts\/12702\/revisions"}],"predecessor-version":[{"id":12707,"href":"https:\/\/cafeprensa.com.ar\/index.php\/wp-json\/wp\/v2\/posts\/12702\/revisions\/12707"}],"wp:featuredmedia":[{"embeddable":true,"href":"https:\/\/cafeprensa.com.ar\/index.php\/wp-json\/wp\/v2\/media\/12703"}],"wp:attachment":[{"href":"https:\/\/cafeprensa.com.ar\/index.php\/wp-json\/wp\/v2\/media?parent=12702"}],"wp:term":[{"taxonomy":"category","embeddable":true,"href":"https:\/\/cafeprensa.com.ar\/index.php\/wp-json\/wp\/v2\/categories?post=12702"},{"taxonomy":"post_tag","embeddable":true,"href":"https:\/\/cafeprensa.com.ar\/index.php\/wp-json\/wp\/v2\/tags?post=12702"}],"curies":[{"name":"wp","href":"https:\/\/api.w.org\/{rel}","templated":true}]}}