{"id":1289,"date":"2024-02-21T12:31:52","date_gmt":"2024-02-21T11:31:52","guid":{"rendered":"https:\/\/cafeprensa.com.ar\/?p=1289"},"modified":"2024-02-21T12:31:52","modified_gmt":"2024-02-21T11:31:52","slug":"bella-vista-reforzo-los-operativos-para-prevenir-el-dengue","status":"publish","type":"post","link":"https:\/\/cafeprensa.com.ar\/index.php\/2024\/02\/21\/bella-vista-reforzo-los-operativos-para-prevenir-el-dengue\/","title":{"rendered":"Bella Vista reforz\u00f3 los operativos para prevenir el dengue"},"content":{"rendered":"<div class=\"the-post-header s-head-modern s-head-modern-a has-share-meta-right\">\n<div class=\"post-meta post-meta-a post-meta-left post-meta-single has-below\">\n<div class=\"meta-below-has-right\">\n<div class=\"post-share post-share-b spc-social-colors  post-share-b3 post-share-b-circles post-share-b3-circles\"><em>Durante el recorrido se entregaron repelentes, se fumig\u00f3 y se retir\u00f3 los cacharros que acumulan agua, para evitar la reproducci\u00f3n del mosquito que transmite el virus.<\/em><\/div>\n<\/div>\n<\/div>\n<\/div>\n<div class=\"the-post s-post-modern\">\n<article id=\"post-61037\" class=\"post-61037 post type-post status-publish format-standard has-post-thumbnail category-tucuman category-z4-destacada tag-bella-vista tag-dengue tag-fumigacion tag-tucuman-2\">\n<div class=\"post-content-wrap has-share-float\">\n<div class=\"post-content cf entry-content content-spacious\">\n<figure class=\"wp-block-image size-large\"><a href=\"https:\/\/elfederalnoticias.com.ar\/wp-content\/uploads\/2024\/02\/Fumigacion-bella-vista.jpeg\"><img loading=\"lazy\" decoding=\"async\" class=\"wp-image-61039\" src=\"https:\/\/elfederalnoticias.com.ar\/wp-content\/uploads\/2024\/02\/Fumigacion-bella-vista-1024x580.jpeg\" sizes=\"auto, (max-width: 1024px) 100vw, 1024px\" srcset=\"https:\/\/elfederalnoticias.com.ar\/wp-content\/uploads\/2024\/02\/Fumigacion-bella-vista-1024x580.jpeg 1024w, https:\/\/elfederalnoticias.com.ar\/wp-content\/uploads\/2024\/02\/Fumigacion-bella-vista-300x170.jpeg 300w, https:\/\/elfederalnoticias.com.ar\/wp-content\/uploads\/2024\/02\/Fumigacion-bella-vista-768x435.jpeg 768w, https:\/\/elfederalnoticias.com.ar\/wp-content\/uploads\/2024\/02\/Fumigacion-bella-vista-1536x871.jpeg 1536w, https:\/\/elfederalnoticias.com.ar\/wp-content\/uploads\/2024\/02\/Fumigacion-bella-vista-150x85.jpeg 150w, https:\/\/elfederalnoticias.com.ar\/wp-content\/uploads\/2024\/02\/Fumigacion-bella-vista-450x255.jpeg 450w, https:\/\/elfederalnoticias.com.ar\/wp-content\/uploads\/2024\/02\/Fumigacion-bella-vista-1200x680.jpeg 1200w, https:\/\/elfederalnoticias.com.ar\/wp-content\/uploads\/2024\/02\/Fumigacion-bella-vista.jpeg 1600w\" alt=\"\" width=\"1024\" height=\"580\" \/><\/a><\/figure>\n<p>La Municipalidad de Bella Vista despleg\u00f3 un operativo conjunto con el Hospital local en el Barrio El Palomar de esta ciudad para combatir el dengue.<\/p>\n<p>Durante el recorrido se entregaron repelentes, se fumig\u00f3 y se retir\u00f3 los cacharros que acumulan agua, para evitar la reproducci\u00f3n del mosquito que transmite el virus.<\/p>\n<p>Del operativo participaron, adem\u00e1s del personal del Hospital, la Direcci\u00f3n de Salud municipal, Defensa Civil y la Secretar\u00eda de Obras y Servicios P\u00fablicos de la municipalidad.<\/p>\n<p>\u201cDesde noviembre que estamos realizando estos operativos en distintos puntos de la ciudad, fuimos el primer municipio en iniciar acciones para prevenir esta enfermedad. Ante el aumento de casos en la provincia salimos a reforzar los operativos para cuidar a los vecinos\u201d, sostuvo Mauricio Rodr\u00edguez, subsecretario de Obras y Servicios P\u00fablicos.<\/p>\n<p><img loading=\"lazy\" decoding=\"async\" class=\"alignnone size-medium wp-image-1291\" src=\"https:\/\/cafeprensa.com.ar\/wp-content\/uploads\/2024\/02\/fumigacion-denguejpg-300x169.webp\" alt=\"\" width=\"300\" height=\"169\" srcset=\"https:\/\/cafeprensa.com.ar\/wp-content\/uploads\/2024\/02\/fumigacion-denguejpg-300x169.webp 300w, https:\/\/cafeprensa.com.ar\/wp-content\/uploads\/2024\/02\/fumigacion-denguejpg-1024x576.webp 1024w, https:\/\/cafeprensa.com.ar\/wp-content\/uploads\/2024\/02\/fumigacion-denguejpg-768x432.webp 768w, https:\/\/cafeprensa.com.ar\/wp-content\/uploads\/2024\/02\/fumigacion-denguejpg-390x220.webp 390w, https:\/\/cafeprensa.com.ar\/wp-content\/uploads\/2024\/02\/fumigacion-denguejpg.webp 1200w\" sizes=\"auto, (max-width: 300px) 100vw, 300px\" \/><\/p>\n<p>\u201cLa prevenci\u00f3n contra el dengue es un trabajo compartido entre los vecinos y el municipio. Nosotros nos ocupamos de la fumigaci\u00f3n, pero los ciudadanos tambi\u00e9n tienen que ser conscientes que dejar recipientes al aire libre son un reservorio para la reproducci\u00f3n del mosquito. Todos tenemos que poner nuestro granito de arena para evitar la cr\u00eda del mosquito\u201d, dijo la intendenta Paula Quiles.<\/p>\n<p>Estos operativos se replicar\u00e1n en todos los barrios de la ciudad.<\/p>\n<\/div>\n<\/div>\n<\/article>\n<\/div>\n","protected":false},"excerpt":{"rendered":"<p>Durante el recorrido se entregaron repelentes, se fumig\u00f3 y se retir\u00f3 los cacharros que acumulan agua, para evitar la reproducci\u00f3n del mosquito que transmite el virus. La Municipalidad de Bella Vista despleg\u00f3 un operativo conjunto con el Hospital local en el Barrio El Palomar de esta ciudad para combatir el dengue. Durante el recorrido se &hellip;<\/p>\n","protected":false},"author":2,"featured_media":1290,"comment_status":"open","ping_status":"open","sticky":false,"template":"","format":"standard","meta":{"footnotes":""},"categories":[54,34],"tags":[112,114,113],"class_list":["post-1289","post","type-post","status-publish","format-standard","has-post-thumbnail","hentry","category-interes-ganeral","category-locales","tag-bella-vista","tag-fumigaciones","tag-intendencia"],"_links":{"self":[{"href":"https:\/\/cafeprensa.com.ar\/index.php\/wp-json\/wp\/v2\/posts\/1289","targetHints":{"allow":["GET"]}}],"collection":[{"href":"https:\/\/cafeprensa.com.ar\/index.php\/wp-json\/wp\/v2\/posts"}],"about":[{"href":"https:\/\/cafeprensa.com.ar\/index.php\/wp-json\/wp\/v2\/types\/post"}],"author":[{"embeddable":true,"href":"https:\/\/cafeprensa.com.ar\/index.php\/wp-json\/wp\/v2\/users\/2"}],"replies":[{"embeddable":true,"href":"https:\/\/cafeprensa.com.ar\/index.php\/wp-json\/wp\/v2\/comments?post=1289"}],"version-history":[{"count":1,"href":"https:\/\/cafeprensa.com.ar\/index.php\/wp-json\/wp\/v2\/posts\/1289\/revisions"}],"predecessor-version":[{"id":1292,"href":"https:\/\/cafeprensa.com.ar\/index.php\/wp-json\/wp\/v2\/posts\/1289\/revisions\/1292"}],"wp:featuredmedia":[{"embeddable":true,"href":"https:\/\/cafeprensa.com.ar\/index.php\/wp-json\/wp\/v2\/media\/1290"}],"wp:attachment":[{"href":"https:\/\/cafeprensa.com.ar\/index.php\/wp-json\/wp\/v2\/media?parent=1289"}],"wp:term":[{"taxonomy":"category","embeddable":true,"href":"https:\/\/cafeprensa.com.ar\/index.php\/wp-json\/wp\/v2\/categories?post=1289"},{"taxonomy":"post_tag","embeddable":true,"href":"https:\/\/cafeprensa.com.ar\/index.php\/wp-json\/wp\/v2\/tags?post=1289"}],"curies":[{"name":"wp","href":"https:\/\/api.w.org\/{rel}","templated":true}]}}